{"id":365070,"date":"2022-09-16T09:38:13","date_gmt":"2022-09-16T12:38:13","guid":{"rendered":"https:\/\/investnews.com.br\/?p=365070"},"modified":"2022-09-16T09:38:15","modified_gmt":"2022-09-16T12:38:15","slug":"vendas-no-varejo-do-reino-unido-despencam-e-cresce-risco-de-recessao","status":"publish","type":"post","link":"https:\/\/investnews.com.br\/economia\/vendas-no-varejo-do-reino-unido-despencam-e-cresce-risco-de-recessao\/","title":{"rendered":"Vendas no varejo do Reino Unido despencam e cresce risco de recess\u00e3o"},"content":{"rendered":"\n<p>As vendas no varejo brit\u00e2nico ca\u00edram muito mais do que o esperado em agosto, em outro sinal de que a economia est\u00e1 entrando em recess\u00e3o \u00e0 medida que a crise do custo de vida aperta os gastos dispens\u00e1veis das fam\u00edlias.<\/p>\n\n\n\n<p>O <strong>volume de vendas no varejo caiu 1,6%<\/strong> em termos mensais em agosto, disse o Escrit\u00f3rio de Estat\u00edsticas Nacionais (ONS, na sigla em ingl\u00eas), <strong>a maior queda desde dezembro de 2021<\/strong> e pior do que todas as previs\u00f5es em uma pesquisa da Reuters com economistas que apontava uma queda de 0,5%.<\/p>\n\n\n\n<blockquote class=\"wp-block-quote is-layout-flow wp-block-quote-is-layout-flow\"><p>&#8220;Com um inverno dif\u00edcil chegando, ser\u00e1 uma preocupa\u00e7\u00e3o para os varejistas que os compradores j\u00e1 tenham contido seus gastos apesar do ver\u00e3o quente&#8221;, disse Lynda Petherick, l\u00edder de varejo da Accenture.<\/p><\/blockquote>\n\n\n\n<p>Todos os principais setores de varejo ca\u00edram no m\u00eas pela primeira vez desde julho de 2021, quando restri\u00e7\u00f5es relacionadas \u00e0 Covid-19 foram suspensas, disse o ONS.<\/p>\n\n\n\n<p>O per\u00edodo de luto ap\u00f3s a morte da rainha Elizabeth representa outro desafio para os varejistas, com o fechamento generalizado de neg\u00f3cios na segunda-feira para marcar o funeral da monarca.<\/p>\n\n\n\n<blockquote class=\"wp-block-quote is-layout-flow wp-block-quote-is-layout-flow\"><p>&#8220;A atmosfera sombria no Reino Unido esta semana e as not\u00edcias de crescimento econ\u00f4mico lento ir\u00e3o aumentar a preocupa\u00e7\u00e3o entre os varejistas \u00e0 medida que o clima fica mais frio&#8221;, disse Petherick.<\/p><\/blockquote>\n\n\n\n<p>Embora a infla\u00e7\u00e3o tenha ca\u00eddo abaixo de 10% no m\u00eas passado, as fam\u00edlias ainda est\u00e3o enfrentando os maiores aumentos de pre\u00e7os desde o in\u00edcio dos anos 1980, causados principalmente pelo aumento dos pre\u00e7os de energia ap\u00f3s a invas\u00e3o da Ucr\u00e2nia pela R\u00fassia.<\/p>\n","protected":false},"excerpt":{"rendered":"<p>Volume de vendas no varejo caiu 1,6% em agosto.<\/p>\n","protected":false},"author":61,"featured_media":365071,"comment_status":"closed","ping_status":"open","sticky":false,"template":"","format":"standard","meta":{"_acf_changed":false,"inline_featured_image":false,"footnotes":""},"categories":[5],"tags":[350],"autor-wsj":[],"coauthors":[2494],"class_list":["post-365070","post","type-post","status-publish","format-standard","has-post-thumbnail","hentry","category-economia","tag-reino-unido"],"acf":[],"amp_enabled":true,"_links":{"self":[{"href":"https:\/\/investnews.com.br\/inv-api\/wp\/v2\/posts\/365070","targetHints":{"allow":["GET"]}}],"collection":[{"href":"https:\/\/investnews.com.br\/inv-api\/wp\/v2\/posts"}],"about":[{"href":"https:\/\/investnews.com.br\/inv-api\/wp\/v2\/types\/post"}],"author":[{"embeddable":true,"href":"https:\/\/investnews.com.br\/inv-api\/wp\/v2\/users\/61"}],"replies":[{"embeddable":true,"href":"https:\/\/investnews.com.br\/inv-api\/wp\/v2\/comments?post=365070"}],"version-history":[{"count":2,"href":"https:\/\/investnews.com.br\/inv-api\/wp\/v2\/posts\/365070\/revisions"}],"predecessor-version":[{"id":365073,"href":"https:\/\/investnews.com.br\/inv-api\/wp\/v2\/posts\/365070\/revisions\/365073"}],"wp:featuredmedia":[{"embeddable":true,"href":"https:\/\/investnews.com.br\/inv-api\/wp\/v2\/media\/365071"}],"wp:attachment":[{"href":"https:\/\/investnews.com.br\/inv-api\/wp\/v2\/media?parent=365070"}],"wp:term":[{"taxonomy":"category","embeddable":true,"href":"https:\/\/investnews.com.br\/inv-api\/wp\/v2\/categories?post=365070"},{"taxonomy":"post_tag","embeddable":true,"href":"https:\/\/investnews.com.br\/inv-api\/wp\/v2\/tags?post=365070"},{"taxonomy":"autor-wsj","embeddable":true,"href":"https:\/\/investnews.com.br\/inv-api\/wp\/v2\/autor-wsj?post=365070"},{"taxonomy":"author","embeddable":true,"href":"https:\/\/investnews.com.br\/inv-api\/wp\/v2\/coauthors?post=365070"}],"curies":[{"name":"wp","href":"https:\/\/api.w.org\/{rel}","templated":true}]}}