{"id":365076,"date":"2022-09-16T09:52:04","date_gmt":"2022-09-16T12:52:04","guid":{"rendered":"https:\/\/investnews.com.br\/?p=365076"},"modified":"2025-10-23T09:02:21","modified_gmt":"2025-10-23T12:02:21","slug":"zona-do-euro-confirma-inflacao-de-91-com-alta-nos-precos-de-energia-e-alimento","status":"publish","type":"post","link":"https:\/\/investnews.com.br\/economia\/zona-do-euro-confirma-inflacao-de-91-com-alta-nos-precos-de-energia-e-alimento\/","title":{"rendered":"Zona do euro confirma infla\u00e7\u00e3o de 9,1% com alta nos pre\u00e7os de energia e alimento"},"content":{"rendered":"\n<p>A <strong>infla\u00e7\u00e3o na zona do euro atingiu outro recorde de 9,1% em agosto<\/strong>, confirmou o escrit\u00f3rio de estat\u00edsticas da Uni\u00e3o Europeia Eurostat nesta sexta-feira (16), impulsionada pela disparada de pre\u00e7os de energia e alimentos.<\/p>\n\n\n\n<p>A <strong>infla\u00e7\u00e3o dos pre\u00e7os ao consumidor nos 19 pa\u00edses que utilizam o euro aumentou 0,6%<\/strong> em termos mensais e 9,1% na compara\u00e7\u00e3o anual, a taxa mais elevada desde a cria\u00e7\u00e3o do euro em 1999.<\/p>\n\n\n\n<p>Em estimativa preliminar no final de agosto, o Eurostat havia informado uma varia\u00e7\u00e3o mensal de 0,5%. O valor anual de 9,1% n\u00e3o foi revisado.<\/p>\n\n\n\n<p>O Eurostat disse que 3,95 pontos percentuais da varia\u00e7\u00e3o da infla\u00e7\u00e3o no ano vieram de energia mais cara -com custos aumentando devido \u00e0 invas\u00e3o da Ucr\u00e2nia pela R\u00fassia- e 2,25 pontos, de alimentos, \u00e1lcool e tabaco. Mas mesmo excluindo os pre\u00e7os vol\u00e1teis de energia e alimentos n\u00e3o processados &#8211;o que o Banco Central Europeu chama de n\u00facleo de infla\u00e7\u00e3o&#8211; os pre\u00e7os ainda estavam 5,5% acima do ano anterior, de 5,1% em julho.<\/p>\n\n\n\n<p>Os bens industriais ficaram 5,1% mais caros do que 12 meses antes, com os pre\u00e7os dos servi\u00e7os subindo 3,8%.<\/p>\n\n\n\n<p>O BCE, cuja <a href=\"https:\/\/investnews.com.br\/guias\/meta-de-inflacao\/\">meta de infla\u00e7\u00e3o<\/a> \u00e9 de 2%, na semana passada elevou suas principais taxas de juros em 75 pontos-base e prometeu mais altas.<\/p>\n","protected":false},"excerpt":{"rendered":"<p>Infla\u00e7\u00e3o dos pre\u00e7os ao consumidor nos pa\u00edses que utilizam o euro aumentou 0,6% em agosto.<\/p>\n","protected":false},"author":61,"featured_media":365077,"comment_status":"closed","ping_status":"open","sticky":false,"template":"","format":"standard","meta":{"_acf_changed":false,"inline_featured_image":false,"footnotes":""},"categories":[5],"tags":[52,504],"autor-wsj":[],"coauthors":[2494],"class_list":["post-365076","post","type-post","status-publish","format-standard","has-post-thumbnail","hentry","category-economia","tag-inflacao","tag-uniao-europeia"],"acf":[],"amp_enabled":true,"_links":{"self":[{"href":"https:\/\/investnews.com.br\/inv-api\/wp\/v2\/posts\/365076","targetHints":{"allow":["GET"]}}],"collection":[{"href":"https:\/\/investnews.com.br\/inv-api\/wp\/v2\/posts"}],"about":[{"href":"https:\/\/investnews.com.br\/inv-api\/wp\/v2\/types\/post"}],"author":[{"embeddable":true,"href":"https:\/\/investnews.com.br\/inv-api\/wp\/v2\/users\/61"}],"replies":[{"embeddable":true,"href":"https:\/\/investnews.com.br\/inv-api\/wp\/v2\/comments?post=365076"}],"version-history":[{"count":2,"href":"https:\/\/investnews.com.br\/inv-api\/wp\/v2\/posts\/365076\/revisions"}],"predecessor-version":[{"id":365080,"href":"https:\/\/investnews.com.br\/inv-api\/wp\/v2\/posts\/365076\/revisions\/365080"}],"wp:featuredmedia":[{"embeddable":true,"href":"https:\/\/investnews.com.br\/inv-api\/wp\/v2\/media\/365077"}],"wp:attachment":[{"href":"https:\/\/investnews.com.br\/inv-api\/wp\/v2\/media?parent=365076"}],"wp:term":[{"taxonomy":"category","embeddable":true,"href":"https:\/\/investnews.com.br\/inv-api\/wp\/v2\/categories?post=365076"},{"taxonomy":"post_tag","embeddable":true,"href":"https:\/\/investnews.com.br\/inv-api\/wp\/v2\/tags?post=365076"},{"taxonomy":"autor-wsj","embeddable":true,"href":"https:\/\/investnews.com.br\/inv-api\/wp\/v2\/autor-wsj?post=365076"},{"taxonomy":"author","embeddable":true,"href":"https:\/\/investnews.com.br\/inv-api\/wp\/v2\/coauthors?post=365076"}],"curies":[{"name":"wp","href":"https:\/\/api.w.org\/{rel}","templated":true}]}}