{"id":365404,"date":"2022-09-19T09:24:26","date_gmt":"2022-09-19T12:24:26","guid":{"rendered":"https:\/\/investnews.com.br\/?p=365404"},"modified":"2022-09-26T11:13:32","modified_gmt":"2022-09-26T14:13:32","slug":"focus-mercado-ve-nova-reducao-consecutiva-do-ipca-em-2022","status":"publish","type":"post","link":"https:\/\/investnews.com.br\/economia\/focus-mercado-ve-nova-reducao-consecutiva-do-ipca-em-2022\/","title":{"rendered":"Focus: mercado v\u00ea nova redu\u00e7\u00e3o do IPCA em 2022"},"content":{"rendered":"\n<p>As proje\u00e7\u00f5es do mercado para a infla\u00e7\u00e3o brasileira este ano e o crescimento do PIB (produto interno bruto) seguiram otimistas, enquanto perspectivas para a infla\u00e7\u00e3o em 2023 tamb\u00e9m melhoraram, <a href=\"https:\/\/investnews.com.br\/guias\/boletim-focus-entenda-o-que-e\/\">boletim Focus<\/a> divulgado pelo Banco Central nesta segunda-feira (19).<\/p>\n\n\n\n<figure class=\"wp-block-image size-large\"><img loading=\"lazy\" decoding=\"async\" width=\"895\" height=\"540\" src=\"https:\/\/media.investnews.com.br\/uploads\/2022\/09\/out_1547.png\" alt=\"\" class=\"wp-image-365444\" srcset=\"https:\/\/media.investnews.com.br\/uploads\/2022\/09\/out_1547.png 895w, https:\/\/media.investnews.com.br\/uploads\/2022\/09\/out_1547-300x181.png 300w, https:\/\/media.investnews.com.br\/uploads\/2022\/09\/out_1547-768x463.png 768w, https:\/\/media.investnews.com.br\/uploads\/2022\/09\/out_1547-172x104.png 172w, https:\/\/media.investnews.com.br\/uploads\/2022\/09\/out_1547-150x91.png 150w\" sizes=\"auto, (max-width: 895px) 100vw, 895px\" \/><\/figure>\n\n\n\n<h2 class=\"wp-block-heading\">IPCA<\/h2>\n\n\n\n<figure class=\"wp-block-image size-large\"><img loading=\"lazy\" decoding=\"async\" width=\"895\" height=\"540\" src=\"https:\/\/media.investnews.com.br\/uploads\/2022\/09\/out_1550.png\" alt=\"\" class=\"wp-image-365438\" srcset=\"https:\/\/media.investnews.com.br\/uploads\/2022\/09\/out_1550.png 895w, https:\/\/media.investnews.com.br\/uploads\/2022\/09\/out_1550-300x181.png 300w, https:\/\/media.investnews.com.br\/uploads\/2022\/09\/out_1550-768x463.png 768w, https:\/\/media.investnews.com.br\/uploads\/2022\/09\/out_1550-172x104.png 172w, https:\/\/media.investnews.com.br\/uploads\/2022\/09\/out_1550-150x91.png 150w\" sizes=\"auto, (max-width: 895px) 100vw, 895px\" \/><\/figure>\n\n\n\n<p><em><strong>* Corre\u00e7\u00e3o: esta mat\u00e9ria foi atualizada em 26 de setembro, corrigindo o trecho &#8220;\u00c9 a 14\u00aa redu\u00e7\u00e3o consecutiva da proje\u00e7\u00e3o&#8221;, que est\u00e1 errado.<\/strong><\/em><\/p>\n\n\n\n<p>O boletim Focus mostrou previs\u00f5es de especialistas para a alta do <a href=\"https:\/\/investnews.com.br\/guias\/o-que-e-ipca\/\">IPCA<\/a> este ano de 6%, contra 6,40% no relat\u00f3rio da semana anterior. <\/p>\n\n\n\n<p>Em 2023, economistas veem a infla\u00e7\u00e3o em 5,01%, queda de 0,16 ponto percentual ante o levantamento da semana anterior, de 5,17%. <\/p>\n\n\n\n<p>Para 2024 e 2025, proje\u00e7\u00f5es ficaram em 3,5% e 3%, ante 3,47% e 3%, respectivamente, registrados do relat\u00f3rio anterior.<\/p>\n\n\n\n<p>A meta oficial da infla\u00e7\u00e3o \u00e9 de 3,5% para 2022 e de 3,25% para 2023, com margem de toler\u00e2ncia de 1,5 ponto percentual para mais ou menos.<\/p>\n\n\n\n<p>Em agosto deste ano, a&nbsp;infla\u00e7\u00e3o teve novo recuo, de 0,36%, ap\u00f3s queda de 0,68% em julho. Com o resultado, o IPCA acumula alta de 4,39% no ano e 8,73% em 12 meses, segundo o Instituto Brasileiro de Geografia e Estat\u00edstica.<\/p>\n\n\n\n<h2 class=\"wp-block-heading\">Selic<\/h2>\n\n\n\n<figure class=\"wp-block-image size-large\"><img loading=\"lazy\" decoding=\"async\" width=\"895\" height=\"540\" src=\"https:\/\/media.investnews.com.br\/uploads\/2022\/09\/out_1552.png\" alt=\"\" class=\"wp-image-365443\" srcset=\"https:\/\/media.investnews.com.br\/uploads\/2022\/09\/out_1552.png 895w, https:\/\/media.investnews.com.br\/uploads\/2022\/09\/out_1552-300x181.png 300w, https:\/\/media.investnews.com.br\/uploads\/2022\/09\/out_1552-768x463.png 768w, https:\/\/media.investnews.com.br\/uploads\/2022\/09\/out_1552-172x104.png 172w, https:\/\/media.investnews.com.br\/uploads\/2022\/09\/out_1552-150x91.png 150w\" sizes=\"auto, (max-width: 895px) 100vw, 895px\" \/><\/figure>\n\n\n\n<p>Expectativas do mercado apontam para uma <a href=\"https:\/\/investnews.com.br\/guias\/taxa-selic\/\">taxa Selic<\/a> de 13,75% ao final de 2022, mantendo as proje\u00e7\u00f5es anteriores. Atualmente, a taxa b\u00e1sica de juros est\u00e1 no maior n\u00edvel desde janeiro de 2017, quando tamb\u00e9m estava em 13,75% ao ano. <\/p>\n\n\n\n<p>Para 2023, a estimativa \u00e9 de que a taxa b\u00e1sica v\u00e1 para 11,25% ao ano. J\u00e1 para 2024 e 2025, a previs\u00e3o \u00e9 de Selic em 8% ao ano e 7,5% ao ano, respectivamente.<\/p>\n\n\n\n<h2 class=\"wp-block-heading\">PIB<\/h2>\n\n\n\n<figure class=\"wp-block-image size-large\"><img loading=\"lazy\" decoding=\"async\" width=\"895\" height=\"540\" src=\"https:\/\/media.investnews.com.br\/uploads\/2022\/09\/out_1551.png\" alt=\"\" class=\"wp-image-365442\" srcset=\"https:\/\/media.investnews.com.br\/uploads\/2022\/09\/out_1551.png 895w, https:\/\/media.investnews.com.br\/uploads\/2022\/09\/out_1551-300x181.png 300w, https:\/\/media.investnews.com.br\/uploads\/2022\/09\/out_1551-768x463.png 768w, https:\/\/media.investnews.com.br\/uploads\/2022\/09\/out_1551-172x104.png 172w, https:\/\/media.investnews.com.br\/uploads\/2022\/09\/out_1551-150x91.png 150w\" sizes=\"auto, (max-width: 895px) 100vw, 895px\" \/><\/figure>\n\n\n\n<p>Economistas passaram a ver uma nova melhora do crescimento econ\u00f4mico do Brasil em 2022. A previs\u00e3o \u00e9 de que Produto Interno Bruto (PIB) cres\u00e7a 2,65% este ano e 0,50% em 2023, ante previs\u00f5es de 2,59% e 0,50%, respectivamente.<\/p>\n\n\n\n<p>Em 2024 e 2025, o mercado financeiro projeta um crescimento econ\u00f4mico de 1,7% e 2%, respectivamente.<\/p>\n\n\n\n<p>J\u00e1 a expectativa para a cota\u00e7\u00e3o do d\u00f3lar manteve-se em R$ 5,20 para o final deste ano. Para o fim 2023, a previs\u00e3o \u00e9 de que a moeda americana tamb\u00e9m fique nesse mesmo patamar.<\/p>\n\n\n\n<p><\/p>\n","protected":false},"excerpt":{"rendered":"<p>Boletim Focus mostrou previs\u00f5es de especialistas para a alta do IPCA este ano de 6%, contra 6,40% no relat\u00f3rio da semana anterior. <\/p>\n","protected":false},"author":52,"featured_media":324753,"comment_status":"closed","ping_status":"open","sticky":false,"template":"","format":"standard","meta":{"_acf_changed":false,"inline_featured_image":false,"footnotes":""},"categories":[5],"tags":[56,274,155,26,52,53,51],"autor-wsj":[],"coauthors":[2430],"class_list":["post-365404","post","type-post","status-publish","format-standard","has-post-thumbnail","hentry","category-economia","tag-banco-central","tag-focus","tag-brasil","tag-dolar","tag-inflacao","tag-pib","tag-selic"],"acf":[],"amp_enabled":true,"_links":{"self":[{"href":"https:\/\/investnews.com.br\/inv-api\/wp\/v2\/posts\/365404","targetHints":{"allow":["GET"]}}],"collection":[{"href":"https:\/\/investnews.com.br\/inv-api\/wp\/v2\/posts"}],"about":[{"href":"https:\/\/investnews.com.br\/inv-api\/wp\/v2\/types\/post"}],"author":[{"embeddable":true,"href":"https:\/\/investnews.com.br\/inv-api\/wp\/v2\/users\/52"}],"replies":[{"embeddable":true,"href":"https:\/\/investnews.com.br\/inv-api\/wp\/v2\/comments?post=365404"}],"version-history":[{"count":10,"href":"https:\/\/investnews.com.br\/inv-api\/wp\/v2\/posts\/365404\/revisions"}],"predecessor-version":[{"id":367943,"href":"https:\/\/investnews.com.br\/inv-api\/wp\/v2\/posts\/365404\/revisions\/367943"}],"wp:featuredmedia":[{"embeddable":true,"href":"https:\/\/investnews.com.br\/inv-api\/wp\/v2\/media\/324753"}],"wp:attachment":[{"href":"https:\/\/investnews.com.br\/inv-api\/wp\/v2\/media?parent=365404"}],"wp:term":[{"taxonomy":"category","embeddable":true,"href":"https:\/\/investnews.com.br\/inv-api\/wp\/v2\/categories?post=365404"},{"taxonomy":"post_tag","embeddable":true,"href":"https:\/\/investnews.com.br\/inv-api\/wp\/v2\/tags?post=365404"},{"taxonomy":"autor-wsj","embeddable":true,"href":"https:\/\/investnews.com.br\/inv-api\/wp\/v2\/autor-wsj?post=365404"},{"taxonomy":"author","embeddable":true,"href":"https:\/\/investnews.com.br\/inv-api\/wp\/v2\/coauthors?post=365404"}],"curies":[{"name":"wp","href":"https:\/\/api.w.org\/{rel}","templated":true}]}}