{"id":365705,"date":"2022-09-20T08:04:41","date_gmt":"2022-09-20T11:04:41","guid":{"rendered":"https:\/\/investnews.com.br\/?p=365705"},"modified":"2024-06-25T15:34:05","modified_gmt":"2024-06-25T18:34:05","slug":"5-fatos-para-hoje-minerio-de-ferro-cai-acordo-entre-brasil-e-eua-sobre-aduanas","status":"publish","type":"post","link":"https:\/\/investnews.com.br\/economia\/5-fatos-para-hoje-minerio-de-ferro-cai-acordo-entre-brasil-e-eua-sobre-aduanas\/","title":{"rendered":"5 fatos para hoje: min\u00e9rio de ferro cai; acordo entre Brasil e EUA sobre aduanas"},"content":{"rendered":"\n<h2 class=\"wp-block-heading\">1 &#8211; Min\u00e9rio de ferro cai com d\u00favidas sobre for\u00e7a da demanda na China<\/h2>\n\n\n\n<p>Os pre\u00e7os do min\u00e9rio de ferro ca\u00edram em Singapura \u00e0 medida que o mercado avalia a for\u00e7a da demanda chinesa.<\/p>\n\n\n\n<p>Os indicadores econ\u00f4micos sugerem que o est\u00edmulo do governo impulsionou o setor de constru\u00e7\u00e3o, o que, a princ\u00edpio, deve se converter em consumo mais forte da mat\u00e9ria-prima. Mas um confinamento repentino no polo sider\u00fargico de Tangshan serve de lembrete de que a pol\u00edtica Covid Zero da China pode inibir a produ\u00e7\u00e3o de a\u00e7o e diminuir a demanda por min\u00e9rio.<\/p>\n\n\n\n<p>Os futuros de min\u00e9rio de ferro em Singapura ca\u00edram at\u00e9 1,2%, para US$ 95,85 a tonelada, apagando ganhos que chegaram a 2,1% mais cedo.&nbsp;<\/p>\n\n\n\n<p>Produ\u00e7\u00e3o mais alta de a\u00e7o e estoques de vergalh\u00f5es em queda sinalizam o impacto positivo da tentativa de Pequim de estimular a constru\u00e7\u00e3o ap\u00f3s uma crise imobili\u00e1ria que j\u00e1 dura quase um ano. A produ\u00e7\u00e3o di\u00e1ria de a\u00e7o aumentou 3,3% nos primeiros 10 dias de setembro, em compara\u00e7\u00e3o com o final de agosto, enquanto novos investimentos impulsionam a atividade de constru\u00e7\u00e3o.<\/p>\n\n\n\n<p>Apesar das not\u00edcias de Tangshan, o mercado permanece otimista de que os reveses devido a restri\u00e7\u00f5es rigorosas contra Covid ser\u00e3o pequenos durante a atual temporada de pico de constru\u00e7\u00e3o. Com o foco das autoridades chinesas na recupera\u00e7\u00e3o econ\u00f4mica, o impacto dos bloqueios pode estar diminuindo, disse Chen Wenguang, diretor de pesquisa do Lange Steel Information Research Center.<\/p>\n\n\n\n<p>\u00c0 medida que os altos-fornos continuam a aumentar a produ\u00e7\u00e3o, as usinas v\u00e3o reabastecer os estoques de min\u00e9rio de ferro antes do feriado de uma semana do Dia Nacional no in\u00edcio do pr\u00f3ximo m\u00eas, dando suporte de curto prazo aos pre\u00e7os, disse a Haitong Futures em\u00a0<a rel=\"noreferrer noopener\" class=\"rank-math-link\" href=\"https:\/\/mp.weixin.qq.com\/s\/5E250d-190oJ8BoBuoF3dA\" target=\"_blank\">nota<\/a>.<\/p>\n\n\n\n<p>As taxas de opera\u00e7\u00e3o dos altos-fornos subiram e est\u00e3o perto do pico que atingiram este ano. O foco do mercado agora se volta para o Congresso Nacional do Partido, que come\u00e7a em 16 de outubro, onde novos financiamentos a infraestrutura ou pol\u00edticas de empr\u00e9stimos habitacionais podem ser anunciados, o que pode elevar o otimismo em rela\u00e7\u00e3o ao a\u00e7o.<\/p>\n\n\n\n<h2 class=\"wp-block-heading\">2 &#8211; Brasil e Estados Unidos firmam acordo de reconhecimento entre aduanas<\/h2>\n\n\n\n<p>As empresas brasileiras certificadas como operadores econ\u00f4micos autorizados (OEA) poder\u00e3o exportar mais rapidamente e com menos burocracia para os Estados Unidos. Ap\u00f3s sete anos de negocia\u00e7\u00f5es, a Receita Federal firmou na \u00faltima sexta-feira (16\/9)\u00a0acordo de reconhecimento m\u00fatuo (ARM) com a aduana norte-americana, conforme divulgado nesta segunda-feira (20).<\/p>\n\n\n\n<p>Por meio do acordo, os dois pa\u00edses oficializam a parceria entre seus programas de operador econ\u00f4mico autorizado. Com essas iniciativas, as alf\u00e2ndegas dos pa\u00edses reconhecem empresas que operam a cadeia log\u00edstica internacional com garantia da seguran\u00e7a das cargas e as normas tribut\u00e1rias e aduaneiras. A ades\u00e3o aos programas \u00e9 volunt\u00e1ria.<\/p>\n\n\n\n<p>As discuss\u00f5es entre as equipes t\u00e9cnicas da Receita Federal e do Servi\u00e7o de Alf\u00e2ndega e Prote\u00e7\u00e3o de Fronteiras do Governo dos Estados Unidos da Am\u00e9rica come\u00e7aram em 2015, com a assinatura do plano de trabalho conjunto. Com a assinatura do acordo, o programa brasileiro de OEA passa a ser compat\u00edvel com o Customs Trade Partnership Against Terrorism (C-TPAT), um dos maiores programas de certifica\u00e7\u00e3o em seguran\u00e7a da cadeia log\u00edstica do mundo.<\/p>\n\n\n\n<p>Agora, as empresas brasileiras certificadas como OEA-Seguran\u00e7a ser\u00e3o reconhecidas como empresas mais seguras e de menor risco. Com a maior confiabilidade, cair\u00e1 o percentual de inspe\u00e7\u00f5es das exporta\u00e7\u00f5es brasileiras para os Estados Unidos. Al\u00e9m disso, quando as cargas dessas empresas forem escolhidas para verifica\u00e7\u00e3o, ter\u00e3o prioridade na an\u00e1lise.<\/p>\n\n\n\n<p>Destino de 14% das exporta\u00e7\u00f5es do pa\u00eds, os Estados Unidos s\u00e3o o segundo maior parceiro comercial do Brasil, com fluxo de mais de US$ 70,53 bilh\u00f5es em 2021. Desse total, o Brasil exportou US$ 31,15 bilh\u00f5es para o mercado norte-americano e importou US$ 39,38 bilh\u00f5es de l\u00e1.<\/p>\n\n\n\n<p>Segundo o Minist\u00e9rio da Economia, nos \u00faltimos tr\u00eas anos, empresas do Programa OEA foram respons\u00e1veis por 17% das exporta\u00e7\u00f5es para os Estados Unidos. A pasta n\u00e3o forneceu estimativas detalhadas, mas informou que a assinatura do acordo deve gerar aumento pela procura da certifica\u00e7\u00e3o OEA-Seguran\u00e7a entre as empresas brasileiras.<\/p>\n\n\n\n<h2 class=\"wp-block-heading\">3 &#8211; Presidente do Banco Mundial diz que desacelera\u00e7\u00e3o global pode se estender a 2023<\/h2>\n\n\n\n<p>Uma desacelera\u00e7\u00e3o econ\u00f4mica global pode durar at\u00e9 2023 e al\u00e9m, disse o presidente do Banco Mundial, David Malpass, \u00e0 Fox Business nesta segunda-feira (19).<\/p>\n\n\n\n<p>Malpass afirmou haver oportunidades de recupera\u00e7\u00e3o na China, cujos bloqueios contra a Covid-19 no segundo trimestre desempenharam um papel de peso na forte desacelera\u00e7\u00e3o em andamento, e em outros pa\u00edses importantes, incluindo os Estados Unidos.<\/p>\n\n\n\n<p>&#8220;A preocupa\u00e7\u00e3o que tenho \u00e9 que, se voc\u00ea olhar para o restante do mundo, isso fica para tr\u00e1s e (a desacelera\u00e7\u00e3o) pode durar at\u00e9 2023 e al\u00e9m&#8221;, disse ele.<\/p>\n\n\n\n<h2 class=\"wp-block-heading\">4 &#8211; Guedes: Vamos reapresentar o Carteira Verde e Amarela para gera\u00e7\u00e3o de emprego<\/h2>\n\n\n\n<figure class=\"wp-block-image size-large\"><img loading=\"lazy\" decoding=\"async\" width=\"1024\" height=\"683\" src=\"https:\/\/media.investnews.com.br\/uploads\/2022\/09\/2022-09-14T143039Z_1_LYNXMPEI8D0SR_RTROPTP_4_BRAZIL-ECONOMY-GUEDES-1024x683.jpg\" alt=\"paulo guedes, ministro da economia, aponta para a frente\" class=\"wp-image-364599\" srcset=\"https:\/\/media.investnews.com.br\/uploads\/2022\/09\/2022-09-14T143039Z_1_LYNXMPEI8D0SR_RTROPTP_4_BRAZIL-ECONOMY-GUEDES-1024x683.jpg 1024w, https:\/\/media.investnews.com.br\/uploads\/2022\/09\/2022-09-14T143039Z_1_LYNXMPEI8D0SR_RTROPTP_4_BRAZIL-ECONOMY-GUEDES-300x200.jpg 300w, https:\/\/media.investnews.com.br\/uploads\/2022\/09\/2022-09-14T143039Z_1_LYNXMPEI8D0SR_RTROPTP_4_BRAZIL-ECONOMY-GUEDES-768x512.jpg 768w, https:\/\/media.investnews.com.br\/uploads\/2022\/09\/2022-09-14T143039Z_1_LYNXMPEI8D0SR_RTROPTP_4_BRAZIL-ECONOMY-GUEDES-1536x1025.jpg 1536w, https:\/\/media.investnews.com.br\/uploads\/2022\/09\/2022-09-14T143039Z_1_LYNXMPEI8D0SR_RTROPTP_4_BRAZIL-ECONOMY-GUEDES-1256x838.jpg 1256w, https:\/\/media.investnews.com.br\/uploads\/2022\/09\/2022-09-14T143039Z_1_LYNXMPEI8D0SR_RTROPTP_4_BRAZIL-ECONOMY-GUEDES-172x115.jpg 172w, https:\/\/media.investnews.com.br\/uploads\/2022\/09\/2022-09-14T143039Z_1_LYNXMPEI8D0SR_RTROPTP_4_BRAZIL-ECONOMY-GUEDES-150x100.jpg 150w, https:\/\/media.investnews.com.br\/uploads\/2022\/09\/2022-09-14T143039Z_1_LYNXMPEI8D0SR_RTROPTP_4_BRAZIL-ECONOMY-GUEDES.jpg 2048w\" sizes=\"auto, (max-width: 1024px) 100vw, 1024px\" \/><figcaption>Ministro da Economia, Paulo Guedes, participa de cerim\u00f4nia no Pal\u00e1cio do Planalto\n29\/06\/2022\nREUTERS\/Ueslei Marcelino<\/figcaption><\/figure>\n\n\n\n<p>O ministro da Economia, Paulo Guedes, afirmou nesta segunda-feira (19) durante palestra no congresso da Associa\u00e7\u00e3o Brasileira da Ind\u00fastria de M\u00e1quinas e Equipamentos (Abimaq), que o Aux\u00edlio Brasil e o investimento privado t\u00eam turbinado o crescimento econ\u00f4mico.<\/p>\n\n\n\n<p>&#8220;Apesar da queda de 40 anos do investimento p\u00fablico, o investimento privado est\u00e1 turbinando o crescimento. Entretanto, os modelos econ\u00f4micos ainda n\u00e3o conseguiram captar essa mudan\u00e7a de eixo da economia. Os fatos est\u00e3o derrubando as expectativas adversas. O fiscal est\u00e1 forte, o monet\u00e1rio est\u00e1 no lugar, al\u00e9m de termos gera\u00e7\u00e3o de emprego e renda&#8221;, disse.<\/p>\n\n\n\n<p>Sem entrar em detalhes, o ministro detalhou que pretende criar ferramentas e instrumentos para recupera\u00e7\u00e3o do investimento p\u00fablico e tamb\u00e9m recuperar e acelerar programas de transfer\u00eancia de renda.<\/p>\n\n\n\n<p>&#8220;Vamos transferir propriedades. S\u00e3o fundos de recupera\u00e7\u00e3o para o investimento publico e ao mesmo tempo fundos de acelera\u00e7\u00e3o dos programas de remo\u00e7\u00e3o de desigualdades. Vamos reapresentar o Carteira Verde e Amarela para gera\u00e7\u00e3o de emprego em massa. Quer\u00edamos criar essa rampa de ascens\u00e3o social, mas no Congresso n\u00e3o deixou&#8221;, disse.<\/p>\n\n\n\n<h2 class=\"wp-block-heading\">5 &#8211; Minist\u00e9rio da Agricultura apresentar\u00e1 RenovaBio em semin\u00e1rio da OIA<\/h2>\n\n\n\n<p>O coordenador-geral de Cana-de-a\u00e7\u00facar e Agroenergia do Minist\u00e9rio da Agricultura, Cid Jorge Caldas, afirmou ao&nbsp;<em>Broadcast Agro<\/em>&nbsp;que representar\u00e1 a pasta no Semin\u00e1rio Internacional da Organiza\u00e7\u00e3o Internacional do A\u00e7\u00facar (OIA), a ser realizada entre 22 e 23 de novembro, e falar\u00e1 sobre o programa nacional de est\u00edmulo aos biocombust\u00edveis, RenovaBio. &#8220;Vou fazer uma apresenta\u00e7\u00e3o sobre o RenovaBio. Se muitos brasileiros n\u00e3o conhecem o programa, imagine l\u00e1 fora&#8221;, disse Caldas nos bastidores da Confer\u00eancia NovaCana, realizada em S\u00e3o Paulo.<\/p>\n\n\n\n<p>O evento da OIA \u00e9 o mais importante do mercado mundial de a\u00e7\u00facar e serve como uma vitrine para o setor sucroenerg\u00e9tico. Segundo Caldas, a apresenta\u00e7\u00e3o deve contemplar detalhes sobre o funcionamento do programa brasileiro e conquistas do setor em seus quase tr\u00eas anos de funcionamento.<\/p>\n\n\n\n<p><em><strong>*Com Reuters, Bloomberg, Estad\u00e3o Conte\u00fado e Ag\u00eancia Brasil<\/strong><\/em><\/p>\n","protected":false},"excerpt":{"rendered":"<p>Futuros de min\u00e9rio de ferro em Singapura ca\u00edram at\u00e9 1,2%, para US$ 95,85 a tonelada, apagando ganhos que chegaram a 2,1% mais cedo. <\/p>\n","protected":false},"author":7,"featured_media":362196,"comment_status":"closed","ping_status":"open","sticky":false,"template":"","format":"standard","meta":{"_acf_changed":false,"inline_featured_image":false,"footnotes":""},"categories":[5],"tags":[1020,155,236,668,347],"autor-wsj":[],"coauthors":[1494],"class_list":["post-365705","post","type-post","status-publish","format-standard","has-post-thumbnail","hentry","category-economia","tag-banco-mundial","tag-brasil","tag-eua","tag-minerio-de-ferro","tag-paulo-guedes"],"acf":[],"amp_enabled":true,"_links":{"self":[{"href":"https:\/\/investnews.com.br\/inv-api\/wp\/v2\/posts\/365705","targetHints":{"allow":["GET"]}}],"collection":[{"href":"https:\/\/investnews.com.br\/inv-api\/wp\/v2\/posts"}],"about":[{"href":"https:\/\/investnews.com.br\/inv-api\/wp\/v2\/types\/post"}],"author":[{"embeddable":true,"href":"https:\/\/investnews.com.br\/inv-api\/wp\/v2\/users\/7"}],"replies":[{"embeddable":true,"href":"https:\/\/investnews.com.br\/inv-api\/wp\/v2\/comments?post=365705"}],"version-history":[{"count":2,"href":"https:\/\/investnews.com.br\/inv-api\/wp\/v2\/posts\/365705\/revisions"}],"predecessor-version":[{"id":365707,"href":"https:\/\/investnews.com.br\/inv-api\/wp\/v2\/posts\/365705\/revisions\/365707"}],"wp:featuredmedia":[{"embeddable":true,"href":"https:\/\/investnews.com.br\/inv-api\/wp\/v2\/media\/362196"}],"wp:attachment":[{"href":"https:\/\/investnews.com.br\/inv-api\/wp\/v2\/media?parent=365705"}],"wp:term":[{"taxonomy":"category","embeddable":true,"href":"https:\/\/investnews.com.br\/inv-api\/wp\/v2\/categories?post=365705"},{"taxonomy":"post_tag","embeddable":true,"href":"https:\/\/investnews.com.br\/inv-api\/wp\/v2\/tags?post=365705"},{"taxonomy":"autor-wsj","embeddable":true,"href":"https:\/\/investnews.com.br\/inv-api\/wp\/v2\/autor-wsj?post=365705"},{"taxonomy":"author","embeddable":true,"href":"https:\/\/investnews.com.br\/inv-api\/wp\/v2\/coauthors?post=365705"}],"curies":[{"name":"wp","href":"https:\/\/api.w.org\/{rel}","templated":true}]}}