{"id":366076,"date":"2022-09-21T07:45:00","date_gmt":"2022-09-21T10:45:00","guid":{"rendered":"https:\/\/investnews.com.br\/?p=366076"},"modified":"2025-09-01T11:45:48","modified_gmt":"2025-09-01T14:45:48","slug":"5-fatos-para-hoje-despacho-do-cade-sobre-usiminas-e-csn-follow-on-do-iguatemi","status":"publish","type":"post","link":"https:\/\/investnews.com.br\/economia\/5-fatos-para-hoje-despacho-do-cade-sobre-usiminas-e-csn-follow-on-do-iguatemi\/","title":{"rendered":"5 fatos para hoje: briga entre Usiminas e CSN; follow-on do Iguatemi"},"content":{"rendered":"\n<h2 class=\"wp-block-heading\">1 &#8211; <strong>Briga entre gigantes Usiminas e CSN esquenta com decis\u00e3o do Cade<\/strong><\/h2>\n\n\n\n<p>Depois de anos de tr\u00e9gua, a briga societ\u00e1ria entre a Companhia Sider\u00fargica Nacional (CSN) e sua concorrente <strong>Usiminas<\/strong> (<a rel=\"noreferrer noopener\" href=\"https:\/\/www.google.com\/url?q=https:\/\/investnews.com.br\/cotacao\/usim3-usiminas\/&amp;sa=D&amp;source=editors&amp;ust=1663609540168351&amp;usg=AOvVaw30tJmfcRGId_OWuhKXMiou\" target=\"_blank\">USIM3<\/a>, <a rel=\"noreferrer noopener\" href=\"https:\/\/www.google.com\/url?q=https:\/\/investnews.com.br\/cotacao\/usim3-usiminas\/&amp;sa=D&amp;source=editors&amp;ust=1663609540168523&amp;usg=AOvVaw3DgNOwnH3gaCmxuUurcjXr\" target=\"_blank\">USIM5<\/a>) voltou a esquentar. No pano de fundo da disputa est\u00e1 um despacho publicado na semana passada pela Superintend\u00eancia do Conselho Administrativo de Defesa Econ\u00f4mica (Cade), que abre a possibilidade de a sider\u00fargica do empres\u00e1rio Benjamin Stenbruch voltar a comprar a\u00e7\u00f5es de sua concorrente, apesar de um veto dado pelo pr\u00f3prio Cade h\u00e1 oito anos. Na \u00e9poca, com frequentes idas ao mercado, a <strong>CSN<\/strong> (<a rel=\"noreferrer noopener\" href=\"https:\/\/www.google.com\/url?q=https:\/\/investnews.com.br\/cotacao\/csna3-companhia-siderurgica-nacional\/&amp;sa=D&amp;source=editors&amp;ust=1663609540168686&amp;usg=AOvVaw01lteGflCyLG57WPxgBTq8\" target=\"_blank\">CSNA3<\/a>) acumulou uma participa\u00e7\u00e3o de 17% na rival.<\/p>\n\n\n\n<p>O despacho foi recebido como uma bomba na Usiminas, conforme fonte pr\u00f3xima ao caso, que h\u00e1 anos espera um movimento de venda de a\u00e7\u00f5es pela CSN, como j\u00e1 tinha sido decidido pelo \u00f3rg\u00e3o que vigia a concorr\u00eancia ainda em 2014. Com o entendimento de que a investida da CSN na Usiminas era anticoncorrencial, o primeiro prazo estabelecido para a venda das a\u00e7\u00f5es foi de cinco anos. Ou seja, em 2019.<\/p>\n\n\n\n<p>No entanto, o per\u00edodo expirou sem que CSN vendesse os pap\u00e9is da sider\u00fargica mineira. Ap\u00f3s um pedido feito pela CSN de extens\u00e3o do prazo, a empresa ganhou mais tr\u00eas anos. Ou seja, o prazo se encerra agora. Mas a CSN n\u00e3o vendeu as a\u00e7\u00f5es, mesmo com os pap\u00e9is alcan\u00e7ando um pico hist\u00f3rico durante a pandemia de covid-19.<\/p>\n\n\n\n<p>De l\u00e1 para c\u00e1, a CSN vendeu apenas uma parte de suas a\u00e7\u00f5es preferenciais, em 2020, deixando intacta sua posi\u00e7\u00e3o nas a\u00e7\u00f5es ordin\u00e1rias, que d\u00e3o direito a voto. Hoje a participa\u00e7\u00e3o \u00e9 de aproximadamente 14% na Usiminas.<\/p>\n\n\n\n<p><strong>Agora, o despacho precisa passar pelo crivo do tribunal do Cade, o que em tese pode j\u00e1 ocorrer em reuni\u00e3o marcada para esta quarta-feira (21)<\/strong>. Ao contr\u00e1rio de outros casos que chegam ao regulador, os despachos t\u00eam tr\u00e2mite pr\u00f3prio, com decis\u00e3o r\u00e1pida.<\/p>\n\n\n\n<h3 class=\"wp-block-heading\"><strong>Usiminas se movimenta<\/strong><\/h3>\n\n\n\n<p>Com pressa em resolver a situa\u00e7\u00e3o, ao longo dos \u00faltimos dias representantes da Usiminas se reuniram com integrantes do Cade para explicar o contexto do caso, conforme atas de reuni\u00f5es do pr\u00f3prio \u00f3rg\u00e3o. Um dos argumentos, explicou uma fonte pr\u00f3xima \u00e0 situa\u00e7\u00e3o, \u00e9 que, ao contr\u00e1rio de outros setores, o mercado de a\u00e7os planos \u00e9 muito concentrado e com alta barreira de entrada.<\/p>\n\n\n\n<p>Hoje, juntas, CSN e Usiminas det\u00eam 70% de participa\u00e7\u00e3o desse neg\u00f3cio. Ou seja: permitir que a CSN mantenha sua participa\u00e7\u00e3o n\u00e3o \u00e9 prejudicial apenas para a empresa, mas para todo o mercado. &#8220;O entendimento \u00e9 de que essa decis\u00e3o \u00e9 ilegal. Uma reforma do regulamento n\u00e3o pode beneficiar quem n\u00e3o cumpre o que foi decidido pelo Cade&#8221;, definiu a fonte.<\/p>\n\n\n\n<p>A CSN, dentro dessa vis\u00e3o, seria premiada por protelar ao m\u00e1ximo o cumprimento do acordo firmado. A Usiminas vai brigar ainda para que a CSN cumpra a decis\u00e3o do Cade e venda as a\u00e7\u00f5es detidas de forma mandat\u00f3ria, conforme previsto no acordo original.<\/p>\n\n\n\n<p>Nesta ter\u00e7a-feira, inclusive, a Usiminas ingressou com uma peti\u00e7\u00e3o contra o despacho, apurou o&nbsp;<strong>Estad\u00e3o<\/strong>. Um dos pontos que ser\u00e1 apontado \u00e9 que ser\u00e3o criados precedentes que ser\u00e3o prejudiciais ao mercado, como o incentivo a grandes empresas comprarem a\u00e7\u00f5es de concorrentes para terem acesso a informa\u00e7\u00f5es privilegiadas, dentre outros pontos. A empresa pediu ainda que o \u00f3rg\u00e3o antitruste aplique a multa prevista pelo descumprimento do termo de compromisso assinado pela CSN, o que equivale a 15% do valor das a\u00e7\u00f5es detidas, ou R$ 120 milh\u00f5es nos valores atuais.<\/p>\n\n\n\n<p>O despacho da semana passada aponta que \u00e9 preciso &#8220;verificar a conveni\u00eancia&#8221; do acordo de 2014, por conta da &#8220;mitiga\u00e7\u00e3o das preocupa\u00e7\u00f5es concorrenciais&#8221; quando uma participa\u00e7\u00e3o societ\u00e1ria existe sem os direitos pol\u00edticos cab\u00edveis na empresa, tal como o direito de votar em assembleias. O documento diz ainda que o entendimento recente mudou, permitindo que empresas tenham participa\u00e7\u00e3o maiores do que 5% em concorrentes. Cita como exemplo a compra de cerca de 33% da BRF pela rival Marfrig.<\/p>\n\n\n\n<p>O que a Usiminas vai tentar mostrar \u00e9 que se tratam de casos diferentes e que a presen\u00e7a da sua concorrente em seu capital vem sendo prejudicial \u00e0 sua atua\u00e7\u00e3o. Um dos argumentos \u00e9 de que, quando a Usiminas estava financeiramente estrangulada, flertando com a fal\u00eancia, a CSN se posicionou contra um aumento de capital necess\u00e1rio para dar f\u00f4lego \u00e0 empresa. Al\u00e9m disso, entrou com diversas a\u00e7\u00f5es na Justi\u00e7a contra a Usiminas ao longo dos \u00faltimos anos.<\/p>\n\n\n\n<p>A CSN tem hoje dois indicados no conselho de administra\u00e7\u00e3o de sua concorrente: Gesner Oliveira, consultor que j\u00e1 presidiu o Cade em meados da d\u00e9cada de 1990, e Ricardo Weiss, que tamb\u00e9m \u00e9 conselheiro de outras empresas. A empresa de Steinbruch conseguiu indicar os conselheiros depois de reverter uma decis\u00e3o pr\u00e9via do Cade, que tinha vetado inicialmente esse direito.<\/p>\n\n\n\n<h3 class=\"wp-block-heading\"><strong>Compras de a\u00e7\u00f5es pela CSN come\u00e7aram em 2010<\/strong><\/h3>\n\n\n\n<p>As compras de a\u00e7\u00f5es feitas pela CSN come\u00e7aram em 2010, com idas frequentes \u00e0 Bolsa de Valores. O pano de fundo era a venda de uma fatia de 26% da empresa ent\u00e3o detida pela Votorantim e pela Camargo Correa. A CSN chegou a fazer uma oferta pela fatia como um todo, mas quem levou foi o grupo \u00edtalo-argentino Ternium. Na \u00e9poca, a especula\u00e7\u00e3o era de que Steunbruch tinha o interesse de fundir os dois neg\u00f3cios.<\/p>\n\n\n\n<p>Presidente do Cade na \u00e9poca do in\u00edcio das investidas da CSN na Usiminas, Arthur Badin recorda que o movimento foi visto desde o princ\u00edpio com preocupa\u00e7\u00e3o. &#8220;Causou espanto de n\u00e3o ter sido notificado ao Cade&#8221;, afirma. Em sua opini\u00e3o, h\u00e1 v\u00e1rios problemas em se reverter a decis\u00e3o e 2014 do Cade, entre eles o incentivo \u00e0s empresas de n\u00e3o cumprirem as decis\u00f5es do Cade.<\/p>\n\n\n\n<p>Fora isso, outra quest\u00e3o \u00e9 que uma participa\u00e7\u00e3o de grande porte, como o da CSN na Usiminas, tira a liquidez das a\u00e7\u00f5es negociadas em Bolsa e traz preju\u00edzos a minorit\u00e1rios. Badin afirma ainda que, dada a complexidade do caso, o assunto n\u00e3o deveria ser tratado por um despacho, que elimina a necessidade de aprofundamento que o tema exige.<\/p>\n\n\n\n<p>Procurado, o Cade disse que n\u00e3o comenta casos em an\u00e1lise. CSN e Usiminas preferiram n\u00e3o comentar.<\/p>\n\n\n\n<h2 class=\"wp-block-heading\">2 &#8211; <strong>FUP: Petrobras reduziu intervalos entre reajustes e abdica de crit\u00e9rios t\u00e9cnicos<\/strong><\/h2>\n\n\n\n<p>A <strong>Petrobras<\/strong> (<a rel=\"noreferrer noopener\" href=\"https:\/\/investnews.com.br\/cotacao\/petr4-petroleo-brasileiro-petrobras\/\" target=\"_blank\">PETR3<\/a>,&nbsp;<a rel=\"noreferrer noopener\" href=\"https:\/\/investnews.com.br\/cotacao\/petr4-petroleo-brasileiro-petrobras\/\" target=\"_blank\">PETR4<\/a>) reduziu os intervalos de rebaixamento dos pre\u00e7os dos combust\u00edveis e n\u00e3o age conforme crit\u00e9rios t\u00e9cnicos apregoados por sua pr\u00f3pria administra\u00e7\u00e3o, aponta levantamento encomendado pela Federa\u00e7\u00e3o \u00danica dos Petroleiros (FUP) ao Departamento Intersindical de Estat\u00edstica e Estudos Socioecon\u00f4micos (Dieese), divulgado no fim da tarde desta ter\u00e7a-feira (20).<\/p>\n\n\n\n<p>A conclus\u00e3o vai de encontro \u00e0 avalia\u00e7\u00e3o de agentes de mercado, segundo os quais a companhia tem, sim, acompanhado as varia\u00e7\u00f5es do pre\u00e7o de paridade de importa\u00e7\u00e3o (PPI). Segundo a FUP e os t\u00e9cnicos do Dieese, no entanto, fosse esse o par\u00e2metro guia da estatal, haveria espa\u00e7o para redu\u00e7\u00f5es ainda maiores. Tal n\u00e3o aconteceria, dizem as entidades, porque a estrat\u00e9gia da estatal, atravessada por vi\u00e9s &#8216;eleitoreiro&#8217;, tem sido fatiar as redu\u00e7\u00f5es de pre\u00e7o para multiplicar an\u00fancios apropriados pelo grupo pol\u00edtico do presidente Jair Bolsonaro (PL).<\/p>\n\n\n\n<p>A favor da Petrobras pesa o argumento de executivos e analistas de que manter certa gordura ante os pre\u00e7os internacionais pode preservar a companhia, poupando-a de praticar novos aumentos e de se desgastar com o Planalto em caso de novas escaladas das cota\u00e7\u00f5es no exterior.<\/p>\n\n\n\n<p>Nos c\u00e1lculos do Dieese, embora a gasolina caia continuamente nos \u00faltimos dois meses, ainda registra alta de 118,4% no governo Bolsonaro at\u00e9 esta ter\u00e7a-feira. O diesel, que tamb\u00e9m come\u00e7ou a cair sob a presid\u00eancia de Caio Paes de Andrade na Petrobras, ainda acumularia 165,9% de alta desde o in\u00edcio do governo. O g\u00e1s de cozinha (GLP), por sua vez, que tamb\u00e9m foi reduzido na semana passada, teve os pre\u00e7os aumentados em 109,3% desde janeiro de 2019. Para efeito de compara\u00e7\u00e3o, no mesmo per\u00edodo, o <a href=\"https:\/\/investnews.com.br\/guias\/salario-minimo\/\">sal\u00e1rio m\u00ednimo<\/a> foi reajustado em 21,4% e a infla\u00e7\u00e3o oficial acumulada do Pa\u00eds (<a href=\"https:\/\/investnews.com.br\/guias\/o-que-e-ipca\/\">IPCA<\/a>) foi de 25,3%, destaca o Dieese.<\/p>\n\n\n\n<p>Segundo estudo do economista do Dieese Cloviomar Cararine, a fim de reverter essas altas, a gest\u00e3o Paes de Andrade na Petrobras inaugurou um per\u00edodo de reajustes pautado em repasses mais r\u00e1pidos das varia\u00e7\u00f5es dos pre\u00e7os do barril de petr\u00f3leo em real (para embutir o efeito do c\u00e2mbio) que rompe com as \u00faltimas duas administra\u00e7\u00f5es anteriores &#8211; e se assemelha, ainda que em sentido contr\u00e1rio, \u00e0 condu\u00e7\u00e3o de Roberto Castello Branco, o primeiro presidente da companhia sob o governo Jair Bolsonaro (PL), que ficou um ano e meio no cargo.<\/p>\n\n\n\n<p>&#8220;Com Castello Branco, as seguidas e imediatas altera\u00e7\u00f5es de pre\u00e7os foram<\/p>\n\n\n\n<p>sobretudo para cima. Com Castello Branco, entre janeiro de 2019 e abril de 2021, a gasolina subiu 71,1%, o diesel, 44,5% e o g\u00e1s de cozinha 65,9%. Com Paes de Andrade, os reajustes s\u00e3o para baixo, estimulando a pressa nos an\u00fancios&#8221;.<\/p>\n\n\n\n<p>Somente na gasolina, nas refinarias, foram anunciadas quatro quedas de pre\u00e7os, sob Paes de Andrade. Em dois meses e meio, a baixa acumulada do insumo nas unidades da Petrobras foi de 18,8% que, somadas ao efeito do corte de impostos, levou a uma queda de 32,8% nos postos. O mercado aguarda novas redu\u00e7\u00f5es fatiadas na gasolina para os pr\u00f3ximos dias. Bastidores d\u00e3o conta que o governo tenta empurr\u00e1-los para o per\u00edodo entre o primeiro e o segundo turno das elei\u00e7\u00f5es a fim de obter m\u00e1ximo proveito pol\u00edtico da queda de pre\u00e7os.<\/p>\n\n\n\n<p>No caso do diesel, insumo de cota\u00e7\u00f5es reconhecidamente mais vol\u00e1teis no exterior, houve essa semana a terceira redu\u00e7\u00e3o no pre\u00e7o m\u00e9dio do litro do produto na gest\u00e3o Paes de Andrade (-5,78%), compondo um recuo acumulado de 12,4% em dois meses e meio nas refinarias. Esse desconto deve chegar \u00e0s bombas, incrementando a baixa de 9,6% verificada at\u00e9 ent\u00e3o ao consumidor final.<\/p>\n\n\n\n<p>Segundo Cararine, do Dieese, as administra\u00e7\u00f5es intermedi\u00e1rias da Petrobras no governo Bolsonaro, do general Joaquim Silva e Luna e do qu\u00edmico industrial Jos\u00e9 Mauro Ferreira Coelho esperavam mais tempo que a de Paes de Andrade para adotar corre\u00e7\u00f5es internas de pre\u00e7os, ap\u00f3s as altas do barril l\u00e1 fora. De acordo com o especialista, s\u00f3 no per\u00edodo Silva e Luna (16\/04\/2021 a 09\/04\/2022), a gasolina teve reajuste de 46,1%, o diesel, de 62,7% e o g\u00e1s de cozinha, de 32,1%, mas com reajustes esparsos, que demoravam a repassar a volatilidade externa aos pre\u00e7os dom\u00e9sticos.<\/p>\n\n\n\n<p>Na leitura do coordenador-geral da FUP, Deyvid Bacelar, crit\u00e9rios t\u00e9cnicos de alinhamento dos combust\u00edveis ao pre\u00e7o de paridade de importa\u00e7\u00e3o (PPI), que faziam parte do discurso oficial, &#8220;tornaram-se secund\u00e1rios diante da press\u00e3o do Planalto e da conveni\u00eancia eleitoreira&#8221;.<\/p>\n\n\n\n<p>No caso espec\u00edfico do diesel, Bacelar afirma que os pre\u00e7os permanecem descolados do movimento baixista do barril do petr\u00f3leo, e ainda pode faltar no mercado dom\u00e9stico nos pr\u00f3ximos meses, uma vez que entre 25% e 30% do consumo nacional \u00e9 importado.<\/p>\n\n\n\n<p>A conjuntura, para Bacelar, n\u00e3o d\u00e1 espa\u00e7o para redu\u00e7\u00f5es no pre\u00e7o do diesel dentro da l\u00f3gica de mercado da Petrobras, e movimentos da companhia na contram\u00e3o disso indicam que a atual dire\u00e7\u00e3o atuaria para favorecer a campanha do governo.<\/p>\n\n\n\n<h2 class=\"wp-block-heading\">3 &#8211; Lagarde, do BCE, levanta possibilidade de aumento de juros acima do n\u00edvel neutro<\/h2>\n\n\n\n<figure class=\"wp-block-image size-large\"><img decoding=\"async\" src=\"https:\/\/media.investnews.com.br\/uploads\/2022\/09\/2022-09-20T180125Z_1_LYNXMPEI8J10V_RTROPTP_4_ECB-POLICY-KAZIMIR-1024x681.jpg\" alt=\"\" class=\"wp-image-366077\"\/><figcaption>Christine Lagarde, presidente do Banco Central Europeu (BCE) fala em entrevista coletiva, ap\u00f3s reuni\u00e3o de pol\u00edtica monet\u00e1ria do BCE em Frankfurt, Alemanha\n08\/09\/2022\nREUTERS\/Kai Pfaffenbach<\/figcaption><\/figure>\n\n\n\n<p>O <a href=\"https:\/\/investnews.com.br\/tag\/bce\/\" class=\"rank-math-link\">Banco Central Europeu (BCE)<\/a> pode precisar aumentar as taxas de juros para um n\u00edvel que restrinja o crescimento econ\u00f4mico para reduzir a demanda e combater a infla\u00e7\u00e3o inaceitavelmente alta, disse a presidente do BCE, Christine Lagarde, nesta ter\u00e7a-feira (20).<\/p>\n\n\n\n<p>O BCE tem aumentado as taxas no ritmo mais r\u00e1pido j\u00e1 registrado, mas a infla\u00e7\u00e3o ainda est\u00e1 subindo e as expectativas de longo prazo, um foco importante para os formuladores de pol\u00edtica monet\u00e1ria, est\u00e3o come\u00e7ando a superar a meta de 2% do banco.<\/p>\n\n\n\n<p>&#8220;Se houvesse evid\u00eancia de que a infla\u00e7\u00e3o alta poderia desancorar as expectativas de infla\u00e7\u00e3o, ent\u00e3o a taxa b\u00e1sica de juros compat\u00edvel com nossa meta estaria em territ\u00f3rio restritivo&#8221;, disse em discurso.<\/p>\n\n\n\n<p>Ela acrescentou que, se o atual choque de oferta causado pelos altos custos de energia reduzisse o potencial do bloco, o BCE tamb\u00e9m teria que agir para diminuir a demanda.<\/p>\n\n\n\n<p>Os formuladores de pol\u00edtica monet\u00e1ria falaram em pausar as altas dos juros assim que o BCE atingir o chamado n\u00edvel &#8220;neutro&#8221; da pol\u00edtica monet\u00e1ria &#8211;aquele que n\u00e3o estimula nem atrapalha o crescimento econ\u00f4mico&#8211;, mas um n\u00famero crescente de autoridades agora v\u00ea o risco de que a taxa b\u00e1sica tenha de subir mais.<\/p>\n\n\n\n<p>O patamar neutro nominal \u00e9 visto na faixa entre 1,5% e 2%, bem acima da atual taxa de dep\u00f3sito de 0,75% do BCE.<\/p>\n\n\n\n<p>Embora Lagarde tenha dito que as expectativas de infla\u00e7\u00e3o de m\u00e9dio prazo estavam &#8220;relativamente&#8221; bem ancoradas em torno da meta, seria &#8220;insensato&#8221; tomar isso como garantido.<\/p>\n\n\n\n<p>Ela destacou que a expectativa de infla\u00e7\u00e3o dos consumidores est\u00e1 em alta acelerada e a zona do euro tamb\u00e9m est\u00e1 em transi\u00e7\u00e3o de um ambiente de infla\u00e7\u00e3o baixa para um onde \u00e9 extremamente alta, ambos um risco para as expectativas de longo prazo.<\/p>\n\n\n\n<p>Lagarde tamb\u00e9m alertou sobre os riscos de o alto crescimento dos custos desencadear uma espiral de pre\u00e7os-sal\u00e1rios que faria a infla\u00e7\u00e3o se enraizar num ciclo dif\u00edcil de quebrar.<\/p>\n\n\n\n<p>A presidente do BCE, no entanto, n\u00e3o deu pistas sobre a magnitude do aumento de juros de outubro e apenas repetiu que o BCE decidir\u00e1 seus pr\u00f3ximos movimentos numa abordagem reuni\u00e3o a reuni\u00e3o.<\/p>\n\n\n\n<p>Investidores est\u00e3o atualmente divididos entre incrementos dos juros de 0,50 e 0,75 ponto percentual pelo BCE em outubro. H\u00e1 expectativa de ajustes subsequentes em todas as reuni\u00f5es do banco at\u00e9 a pr\u00f3xima primavera europeia.<\/p>\n\n\n\n<h2 class=\"wp-block-heading\">4 &#8211; Follow-on do Iguatemi sai a R$ 19,74 por unit, dizem fontes<\/h2>\n\n\n\n<p>A administradora de shopping centers <strong>Iguatemi<\/strong> (<a rel=\"noreferrer noopener\" href=\"https:\/\/investnews.com.br\/cotacao\/igti11-iguatemi-shopping-centers-sa\/\" target=\"_blank\">IGTI11<\/a>) fixou o pre\u00e7o em sua oferta subsequente em R$ 19,74 por unit, segundo pessoas familiarizadas com o assunto.&nbsp;<\/p>\n\n\n\n<p>O Iguatemi levantou cerca de R$ 720 milh\u00f5es com o <a href=\"https:\/\/investnews.com.br\/guias\/follow-on-saiba-o-que-e-e-como-funciona\/\">follow-on<\/a>, disseram as pessoas, que pediram anonimato porque a informa\u00e7\u00e3o n\u00e3o \u00e9 p\u00fablica ainda. A transa\u00e7\u00e3o saiu com um desconto de menos de 3% em rela\u00e7\u00e3o ao pre\u00e7o de fechamento desta ter\u00e7a-feira.&nbsp;<\/p>\n\n\n\n<p>O Iguatemi n\u00e3o respondeu imediatamente a pedido de coment\u00e1rio feito pela Bloomberg News fora do hor\u00e1rio comercial.&nbsp;<\/p>\n\n\n\n<p>O BTG Pactual liderou a transa\u00e7\u00e3o, que tamb\u00e9m foi coordenada por Bradesco BBI, Ita\u00fa BBA, Santander Brasil e Credit Suisse.&nbsp;<\/p>\n\n\n\n<h2 class=\"wp-block-heading\">5 &#8211; Bolsonaro promete recriar Minist\u00e9rio da Ind\u00fastria se for reeleito<\/h2>\n\n\n\n<p>O presidente Jair Bolsonaro disse que recriar\u00e1 o Minist\u00e9rio da Ind\u00fastria, Com\u00e9rcio e Servi\u00e7os, caso seja reeleito. Ele participou de sabatina durante a Conven\u00e7\u00e3o da Associa\u00e7\u00e3o Brasileira de Supermercados (Abras), por meio de videoconfer\u00eancia, nesta ter\u00e7a-feira (20).<\/p>\n\n\n\n<p>\u201cH\u00e1 interesse nosso, sim, em recriar o Minist\u00e9rio da Ind\u00fastria, Com\u00e9rcio e Servi\u00e7os. E a pessoa que for ocupar esse minist\u00e9rio seria indicada por voc\u00eas. Eu creio que seriam muito melhor geridas essas quest\u00f5es, para eu tratar de forma mais direta e com mais celeridade as suas sugest\u00f5es. Os benef\u00edcios dessa boa administra\u00e7\u00e3o s\u00e3o realmente muito bem-vindos\u201d, disse Bolsonaro aos empres\u00e1rios do setor.<\/p>\n\n\n\n<p>Segundo o presidente, o assunto do desmembramento do Minist\u00e9rio da Economia j\u00e1 foi conversado com o ministro Paulo Guedes, que n\u00e3o se op\u00f4s \u00e0 ideia.<\/p>\n\n\n\n<p>\u201cEsse minist\u00e9rio, quando foi fundido, com mais outros quatro, passou ao comando do Paulo Guedes. Eu tenho conversado com ele e n\u00e3o temos dificuldade para recriar esse Minist\u00e9rio da Ind\u00fastria, Com\u00e9rcio e Servi\u00e7os. Acredito que assim melhor poderia ser conduzida essa pol\u00edtica, em que pese todo o m\u00e9rito do Paulo Guedes e o zelo que ele tem pelo setor\u201d, declarou Bolsonaro.<\/p>\n\n\n\n<p>O presidente falou por videoconfer\u00eancia diretamente de Nova York, onde estava para participar da abertura dos trabalhos da Assembleia Geral da Organiza\u00e7\u00e3o das Na\u00e7\u00f5es Unidas (ONU).<\/p>\n\n\n\n<p><em><strong>*Com Reuters, Bloomberg, Estad\u00e3o Conte\u00fado e Ag\u00eancia Brasil<\/strong><\/em><br><\/p>\n","protected":false},"excerpt":{"rendered":"<p>Despacho abre a possibilidade de a sider\u00fargica do empres\u00e1rio Benjamin Stenbruch voltar a comprar a\u00e7\u00f5es de sua concorrente, apesar de um veto dado pelo pr\u00f3prio Cade h\u00e1 oito anos.<\/p>\n","protected":false},"author":7,"featured_media":326460,"comment_status":"closed","ping_status":"closed","sticky":false,"template":"","format":"standard","meta":{"_acf_changed":false,"inline_featured_image":false,"footnotes":""},"categories":[5],"tags":[110444,169,184,207,1616],"autor-wsj":[],"coauthors":[1494],"class_list":["post-366076","post","type-post","status-publish","format-standard","has-post-thumbnail","hentry","category-economia","tag-bce","tag-csn","tag-iguatemi","tag-usiminas","tag-taxa-de-juros"],"acf":[],"amp_enabled":true,"_links":{"self":[{"href":"https:\/\/investnews.com.br\/inv-api\/wp\/v2\/posts\/366076","targetHints":{"allow":["GET"]}}],"collection":[{"href":"https:\/\/investnews.com.br\/inv-api\/wp\/v2\/posts"}],"about":[{"href":"https:\/\/investnews.com.br\/inv-api\/wp\/v2\/types\/post"}],"author":[{"embeddable":true,"href":"https:\/\/investnews.com.br\/inv-api\/wp\/v2\/users\/7"}],"replies":[{"embeddable":true,"href":"https:\/\/investnews.com.br\/inv-api\/wp\/v2\/comments?post=366076"}],"version-history":[{"count":4,"href":"https:\/\/investnews.com.br\/inv-api\/wp\/v2\/posts\/366076\/revisions"}],"predecessor-version":[{"id":366106,"href":"https:\/\/investnews.com.br\/inv-api\/wp\/v2\/posts\/366076\/revisions\/366106"}],"wp:featuredmedia":[{"embeddable":true,"href":"https:\/\/investnews.com.br\/inv-api\/wp\/v2\/media\/326460"}],"wp:attachment":[{"href":"https:\/\/investnews.com.br\/inv-api\/wp\/v2\/media?parent=366076"}],"wp:term":[{"taxonomy":"category","embeddable":true,"href":"https:\/\/investnews.com.br\/inv-api\/wp\/v2\/categories?post=366076"},{"taxonomy":"post_tag","embeddable":true,"href":"https:\/\/investnews.com.br\/inv-api\/wp\/v2\/tags?post=366076"},{"taxonomy":"autor-wsj","embeddable":true,"href":"https:\/\/investnews.com.br\/inv-api\/wp\/v2\/autor-wsj?post=366076"},{"taxonomy":"author","embeddable":true,"href":"https:\/\/investnews.com.br\/inv-api\/wp\/v2\/coauthors?post=366076"}],"curies":[{"name":"wp","href":"https:\/\/api.w.org\/{rel}","templated":true}]}}