{"id":366498,"date":"2022-09-22T08:08:51","date_gmt":"2022-09-22T11:08:51","guid":{"rendered":"https:\/\/investnews.com.br\/?p=366498"},"modified":"2024-06-25T15:33:56","modified_gmt":"2024-06-25T18:33:56","slug":"5-fatos-para-hoje-parceria-entre-amazon-e-edp-procon-notifica-nestle","status":"publish","type":"post","link":"https:\/\/investnews.com.br\/economia\/5-fatos-para-hoje-parceria-entre-amazon-e-edp-procon-notifica-nestle\/","title":{"rendered":"5 fatos para hoje: parceria entre Amazon e EDP; Procon notifica Nestl\u00e9"},"content":{"rendered":"\n<h2 class=\"wp-block-heading\">1 &#8211; Amazon faz parceria com el\u00e9trica EDP para parque solar no Brasil<\/h2>\n\n\n\n<p>A <strong>Amazon.com<\/strong> (<a rel=\"noreferrer noopener\" href=\"https:\/\/investnews.com.br\/cotacao\/amzo34-amazon\/\" target=\"_blank\">AMZO34<\/a>) anunciou nesta quarta-feira (21) uma parceria com o grupo portugu\u00eas <strong>EDP<\/strong> para seu primeiro projeto de energia renov\u00e1vel na Am\u00e9rica do Sul, um parque de gera\u00e7\u00e3o solar de 122 megawatts (MW) de pot\u00eancia no Brasil.<\/p>\n\n\n\n<p>O projeto, cujo local n\u00e3o foi divulgado, est\u00e1 sendo desenvolvido com a <strong>EDP Brasil <\/strong>(<a rel=\"noreferrer noopener\" href=\"https:\/\/investnews.com.br\/cotacao\/enbr3-energias-br\/\" target=\"_blank\">ENBR3<\/a>) e a EDP Renov\u00e1veis. O valor dos investimentos e cronograma para entrada em opera\u00e7\u00e3o da usina tamb\u00e9m n\u00e3o foram detalhados.<\/p>\n\n\n\n<p>Estima-se que o empreendimento crie 850 empregos durante a fase de constru\u00e7\u00e3o. O projeto inclui ainda investimentos de 2 milh\u00f5es de reais em programas ambientais, visando a promo\u00e7\u00e3o da biodiversidade.<\/p>\n\n\n\n<p>&#8220;Este projeto impulsionar\u00e1 todos os nossos neg\u00f3cios no Brasil: opera\u00e7\u00f5es, centros de atendimento e data centers da Amazon Web Services&#8221;, disse em nota Daniel Mazini, presidente da Amazon Brasil.<\/p>\n\n\n\n<p>Segundo as empresas, o contrato de energia (PPA) assinado vai viabilizar o maior parque solar da EDP Brasil no pa\u00eds.<\/p>\n\n\n\n<p>A companhia el\u00e9trica mudou recentemente o foco de sua estrat\u00e9gia para o segmento de gera\u00e7\u00e3o no Brasil, vendendo hidrel\u00e9tricas e apostando na fonte solar. At\u00e9 2025, a EDP planeja investir mais de 3 bilh\u00f5es de reais em projetos de energia solar no Brasil.<\/p>\n\n\n\n<p>Globalmente, a Amazon anunciou nesta quarta-feira que adicionar\u00e1 2,7 gigawatts em capacidade de produ\u00e7\u00e3o de energia limpa por meio de dezenas de novos projetos.<\/p>\n\n\n\n<p>O an\u00fancio de 71 novos projetos no segmento renov\u00e1vel, totalizando agora 379, vem em meio ao objetivo da varejista de utilizar 100% de energia renov\u00e1vel nos neg\u00f3cios at\u00e9 2025.<\/p>\n\n\n\n<p>A Amazon espera gerar 50 mil gigawatts-hora (GWh) de energia limpa por meio de todo o seu portf\u00f3lio, o equivalente a abastecer 4,6 milh\u00f5es de resid\u00eancias norte-americanas por ano.<\/p>\n\n\n\n<p>Al\u00e9m do complexo solar no Brasil, os novos projetos incluem, por exemplo, tr\u00eas usinas de grande escala no Estado indiano do Rajast\u00e3o, com capacidade de 420 MW, projetos solares em telhados na Fran\u00e7a e na \u00c1ustria e seu primeiro parque solar na Pol\u00f4nia.<\/p>\n\n\n\n<h2 class=\"wp-block-heading\">2 &#8211; <strong>App 99 demite cerca de 100 funcion\u00e1rios<\/strong><\/h2>\n\n\n\n<p>A <a href=\"https:\/\/investnews.com.br\/negocios\/99-quer-frota-de-eletricos-rodando-em-sp-ate-fim-do-ano\/\" class=\"rank-math-link\">empresa de transporte por aplicativo 99<\/a> demitiu cerca de 100 pessoas na \u00faltima semana, afirmaram ex-funcion\u00e1rios ao&nbsp;<strong>Estad\u00e3o<\/strong>. Em nota, a startup controlada pela chinesa Didi Chuxing confirmou os cortes, mas n\u00e3o divulgou o n\u00famero de profissionais afetados. A 99 afirmou tamb\u00e9m que a \u00e1rea de relacionamento com o cliente foi a \u00fanica impactada pelos cortes.<\/p>\n\n\n\n<p>Segundo relatos de ex-funcion\u00e1rios, grande parte da equipe de &#8220;CX&#8221; (a \u00e1rea de experi\u00eancia do cliente) foi demitida em sess\u00f5es na \u00faltima semana. Alguns dos demitidos ouvidos pelo Estad\u00e3o afirmaram que a companhia planeja terceirizar o atendimento ao cliente. Questionada pela reportagem, a 99 diz que &#8220;trabalha com empresas parceiras nessa \u00e1rea desde 2017&#8221;?.<\/p>\n\n\n\n<p>Na nota, a companhia afirmou ainda que passa por mudan\u00e7as na estrutura para atender melhor a opera\u00e7\u00e3o. Al\u00e9m do servi\u00e7o de transportes, a 99 opera um delivery de comida, o 99Food.<\/p>\n\n\n\n<p>&#8220;Para atender \u00e0s necessidades dos nossos usu\u00e1rios, tivemos de tomar algumas decis\u00f5es dif\u00edceis sobre o modelo operacional e a estrutura do nosso departamento de relacionamento com o cliente&#8221;, explicou a empresa, em nota.<\/p>\n\n\n\n<p>Segundo apurou a reportagem, o departamento de relacionamento serve como um guarda-chuva para diferentes \u00e1reas da empresa, como seguran\u00e7a, delivery e m\u00eddias sociais. Ao&nbsp;<strong>Estad\u00e3o<\/strong>, a 99 afirmou que n\u00e3o houve demiss\u00f5es na 99Food.<\/p>\n\n\n\n<p>Ex-funcion\u00e1rios afirmaram que a companhia ofereceu um ter\u00e7o do sal\u00e1rio como rescis\u00e3o de contrato e plano de sa\u00fade at\u00e9 o final do m\u00eas. \u00c9 um pacote mais modesto do que o ofertado por outras startups nacionais em 2022.<\/p>\n\n\n\n<h3 class=\"wp-block-heading\"><strong>Ano dif\u00edcil <\/strong><\/h3>\n\n\n\n<p>Os cortes s\u00e3o mais um cap\u00edtulo no ano dif\u00edcil da Didi Chuxing, empresa chinesa que controla a 99. A companhia tem enfrentado dificuldades de crescimento, ap\u00f3s enfrentar problemas regulat\u00f3rios com o governo chin\u00eas.<\/p>\n\n\n\n<p>Em julho, autoridades do pa\u00eds declararam uma poss\u00edvel multa no valor de US$ 1 bilh\u00e3o, ap\u00f3s uma investiga\u00e7\u00e3o nas suas pr\u00e1ticas de ciberseguran\u00e7a. Antes, a empresa foi removida das lojas de app no pa\u00eds.<\/p>\n\n\n\n<p>Em fevereiro, a revista&nbsp;<em>Forbes<\/em>&nbsp;reportou que a Didi planejava cortar, ainda naquele m\u00eas, 20% de seus funcion\u00e1rios &#8211; a publica\u00e7\u00e3o estimou que isso era equivalente a 3 mil pessoas apenas no mercado chin\u00eas. N\u00e3o \u00e9 poss\u00edvel saber, por\u00e9m, se os cortes no Brasil s\u00e3o parte de um plano global da Didi.<\/p>\n\n\n\n<p>Desde abril, startups brasileiras e estrangeiras com opera\u00e7\u00f5es no Pa\u00eds v\u00eam experimentando um cen\u00e1rio adverso. A situa\u00e7\u00e3o \u00e9 resultado da crise global macroecon\u00f4mica p\u00f3s-pandemia de covid-19 e \u00e9 agravada pela guerra na Ucr\u00e2nia.<\/p>\n\n\n\n<h2 class=\"wp-block-heading\">3 &#8211; <strong>Procon-SP notifica Nestl\u00e9 por produtos com soro de leite que copiam originais<\/strong><\/h2>\n\n\n\n<p>O Procon-SP notificou a Nestl\u00e9 Brasil pedindo explica\u00e7\u00f5es sobre a <a href=\"https:\/\/investnews.com.br\/economia\/industria-de-laticinios-muda-formula-de-produtos-lacteos-para-baratear\/\" class=\"rank-math-link\">diferen\u00e7a entre a &#8220;Mistura L\u00e1ctea Condensada De Leite, Soro De Leite e Amido &#8211; MO\u00c7A&#8221; e o &#8220;Leite Condensado &#8211; Mo\u00e7a&#8221; e entre a &#8220;Mistura De Creme De Leite &#8211; Mo\u00e7a&#8221; e o &#8220;Creme De Leite Original &#8211; Mo\u00e7a&#8221;<\/a>. Segundo a institui\u00e7\u00e3o, os itens com a palavra &#8220;mistura&#8221; s\u00e3o comercializados em apresenta\u00e7\u00e3o &#8220;bastante semelhante&#8221; aos originais e podem confundir o consumidor.<\/p>\n\n\n\n<p>&#8220;O Procon-SP est\u00e1 atento ao aumento da oferta de produtos similares aos tradicionais e apresentados ao p\u00fablico em embalagens muito parecidas, que podem induzir o consumidor ao erro, levando-o a achar que est\u00e1 comprando e consumindo outro produto, como o caso da bebida l\u00e1ctea \u00e0 base de soro de leite, por exemplo. A informa\u00e7\u00e3o clara, correta e verdadeira \u00e9 um dos direitos b\u00e1sicos previstos pelo C\u00f3digo de Defesa do Consumidor&#8221;, escreve o Procon-SP em comunicado.<\/p>\n\n\n\n<p>A Nestl\u00e9 tem at\u00e9 o dia 26\/9 para responder e dever\u00e1 demonstrar as caracter\u00edsticas de cada produto, apontando quais as diferen\u00e7as nutricionais e indica\u00e7\u00f5es individualizadas de consumo de cada um. Al\u00e9m disso, a fabricante dever\u00e1 apresentar documentos como informes, materiais publicit\u00e1rios e m\u00eddias de divulga\u00e7\u00e3o dos produtos.<\/p>\n\n\n\n<p>Foi solicitado ainda que a Nestl\u00e9 apresente documentos referentes \u00e0 autoriza\u00e7\u00e3o de comercializa\u00e7\u00e3o dos produtos junto aos \u00f3rg\u00e3os oficiais competentes e documentos que comprovem os testes de qualidade realizados.<\/p>\n\n\n\n<p>Mais dez empresas do setor aliment\u00edcio foram questionadas sobre as caracter\u00edsticas dos produtos que colocam no mercado e suas respectivas apresenta\u00e7\u00f5es ao p\u00fablico consumidor. Os notificados foram: Companhia de Alimentos Ibituruna (fabricante da bebida l\u00e1ctea UHT Ol\u00e1), Latic\u00ednios Trevo de Casa Branca (fabricante da bebida l\u00e1ctea UHT Aquila), Latic\u00ednios Bela Vista (fabricante da bebida l\u00e1ctea UHT MeuBom), Cooperativa Central Mineira de Latic\u00ednios &#8211; Cemil (bebida l\u00e1ctea UHT Performance), Doce Mineiro (bebida l\u00e1ctea UHT Tri\u00e2ngulo Mineiro), Vigor Alimentos Leco (Alimento \u00e0 Base de Manteiga e Margarina Leco Extra Cremosa), Tella Barros Com\u00e9rcio e Importa\u00e7\u00e3o de Frios e Latic\u00ednios (Supremo Cremoso Sabor Requeij\u00e3o), Oce\u00e2nica Com\u00e9rcio de G\u00eaneros Aliment\u00edcios (que produz o Crioulo Queijos Ralados Latco), Itamb\u00e9 Alimentos (que produz o Queijo Parmes\u00e3o Ralado Itamb\u00e9), Gran Foods Ind\u00fastria e Com\u00e9rcio Eireli, que fabrica o Do Chefe Premiun Blend Azeite de Oliva, e a Nestl\u00e9 Brasil.<\/p>\n\n\n\n<p>Ainda segundo o Procon-SP, as respostas das empresas j\u00e1 come\u00e7aram a ser encaminhadas para o \u00f3rg\u00e3o de defesa e est\u00e3o sob an\u00e1lise.<\/p>\n\n\n\n<p>Em nota, a Nestl\u00e9 Brasil afirmou que &#8220;recebeu a notifica\u00e7\u00e3o do Procon-SP e que prestar\u00e1 os devidos esclarecimentos solicitados pelo \u00f3rg\u00e3o. A Nestl\u00e9 refor\u00e7a ser uma empresa \u00e9tica, que cumpre todos os requisitos das legisla\u00e7\u00f5es em vigor, incluindo aquelas que se referem \u00e0 composi\u00e7\u00e3o e rotulagem de alimentos, bem como sua respectiva publicidade&#8221;.<\/p>\n\n\n\n<p>Tamb\u00e9m em nota, a Vigor disse que &#8220;recebeu a notifica\u00e7\u00e3o oficial do Procon-SP e j\u00e1 prestou os esclarecimentos necess\u00e1rios ao \u00f3rg\u00e3o respons\u00e1vel. A Manteiga e Margarina Cremosa Leco, foi lan\u00e7ada em 20 de agosto de 2002, estando presente no mercado h\u00e1 mais de 20 anos com o intuito de oferecer ao consumidor a combina\u00e7\u00e3o entre a cremosidade da margarina e o sabor da manteiga. A marca refor\u00e7a que todos os seus produtos seguem as normas de rotulagem e regulamentos t\u00e9cnicos estabelecidos pelos \u00f3rg\u00e3os respons\u00e1veis, tais como ANVISA e Minist\u00e9rio da Agricultura e Abastecimento.&#8221;   <\/p>\n\n\n\n<h2 class=\"wp-block-heading\">4 &#8211; Pre\u00e7os caem 1% ap\u00f3s Fed aumentar taxas de juros<\/h2>\n\n\n\n<p>Os pre\u00e7os do petr\u00f3leo ca\u00edram cerca de 1% nesta quarta-feira (21) para os menores valores em quase duas semanas em um dia de neg\u00f3cios vol\u00e1teis, depois que o <a href=\"https:\/\/investnews.com.br\/economia\/fed-entrega-alta-de-075-ponto-dos-juros-e-ve-outro-forte-aumento-neste-ano\/\" class=\"rank-math-link\">Federal Reserve dos EUA divulgou outro forte aumento da taxa de juros para conter a infla\u00e7\u00e3o<\/a>, o que pode reduzir a atividade econ\u00f4mica e a demanda por petr\u00f3leo.<\/p>\n\n\n\n<p>O Fed elevou a taxa b\u00e1sica em 75 pontos-base pela terceira vez, para uma faixa de 3,00-3,25%, e sinalizou que mais aumentos significativos est\u00e3o por vir. Ativos de risco como a\u00e7\u00f5es e petr\u00f3leo ca\u00edram com as not\u00edcias, enquanto o d\u00f3lar se recuperou.<\/p>\n\n\n\n<p>O Brent recuou 0,79 d\u00f3lar, ou 0,9%, a 89,83 d\u00f3lares por barril, seu menor fechamento desde 8 de setembro, enquanto o petr\u00f3leo WTI, dos EUA, caiu 1,00 d\u00f3lar, ou 1,2%, para 82,94 d\u00f3lares, seu menor fechamento desde 7 de setembro.<\/p>\n\n\n\n<p>No in\u00edcio da sess\u00e3o, o petr\u00f3leo registrou alta de mais de 2 d\u00f3lares por barril devido a preocupa\u00e7\u00f5es com a mobiliza\u00e7\u00e3o de tropas russas, antes de cair mais de 1 d\u00f3lar com a moeda norte-americana forte e menor demanda de gasolina nos EUA.<\/p>\n\n\n\n<p>O presidente russo, Vladimir Putin, convocou 300.000 reservistas para lutar na Ucr\u00e2nia e apoiou um plano para anexar partes do pa\u00eds, dando a entender que estava preparado para usar armas nucleares.<\/p>\n\n\n\n<p>O presidente dos EUA, Joe Biden, acusou a R\u00fassia de fazer amea\u00e7as &#8220;imprudentes&#8221; e &#8220;irrespons\u00e1veis&#8221; de usar armas nucleares.<\/p>\n\n\n\n<p>A demanda por gasolina nos EUA nas \u00faltimas quatro semanas caiu para 8,5 milh\u00f5es de barris por dia (bpd), a menor desde fevereiro, segundo a Administra\u00e7\u00e3o de Informa\u00e7\u00f5es sobre Energia dos EUA (AIE).<\/p>\n\n\n\n<h2 class=\"wp-block-heading\">5 &#8211; China faz centro de isolamento contra Covid para 14 mil pessoas<\/h2>\n\n\n\n<p>A China construiu um enorme centro de isolamento contra a Covid-19 composto por fileiras e mais fileiras de pr\u00e9dios tempor\u00e1rios em uma enorme regi\u00e3o no sul do pa\u00eds. A medida segue o receio das autoridades que continuam tratando o&nbsp;v\u00edrus&nbsp;como uma amea\u00e7a que precisa ser eliminada.<\/p>\n\n\n\n<p>Imagens de drones compartilhadas no Douyin, servi\u00e7o chin\u00eas an\u00e1logo ao <a href=\"https:\/\/investnews.com.br\/geral\/ficou-sabendo-nasdaq-cria-unidade-de-ativos-digitais-desafio-ao-tiktok-e-musk\/\" class=\"rank-math-link\">TikTok<\/a>, mostram dezenas do que parecem ser estruturas pr\u00e9-fabricadas semelhantes a cont\u00eaineres alinhados em uma clareira cercada por floresta. V\u00e1rios usu\u00e1rios da rede social disseram que o v\u00eddeo mostrava uma instala\u00e7\u00e3o de quarentena da Covid na cidade de Guangan, Sichuan.<\/p>\n\n\n\n<p>Sob a pol\u00edtica de&nbsp;Covid Zero&nbsp;do pa\u00eds, todos os infectados com o v\u00edrus e todos os seus contatos pr\u00f3ximos devem entrar em instala\u00e7\u00f5es de isolamento centralizado por pelo menos uma semana. As prov\u00edncias foram instru\u00eddas em mar\u00e7o a construir dois ou tr\u00eas dos chamados&nbsp;hospitais improvisados&nbsp;como forma de anular a transmiss\u00e3o na comunidade.<\/p>\n\n\n\n<p>A constru\u00e7\u00e3o na cidade de Guangan, que pode abrigar 14.000 pessoas, come\u00e7ou em abril, de acordo com um funcion\u00e1rio local de mitiga\u00e7\u00e3o da Covid que n\u00e3o quis ser identificado pelas regras do governo.<\/p>\n\n\n\n<p>Essa medida faz parte de um plano mais amplo de fornecer 20.000 leitos de isolamento em tr\u00eas locais que abrangem 1,3 quil\u00f4metros quadrados (0,5 milhas quadradas), de acordo com o peri\u00f3dico estatal China News Service. Em suas dimens\u00f5es atuais, as instala\u00e7\u00f5es poderiam abranger cerca de 240 campos de futebol americano.<\/p>\n\n\n\n<p>A filmagem foi originalmente compartilhada em 17 de setembro no Douyin por um usu\u00e1rio chamado Datang Shiye, que n\u00e3o respondeu \u00e0s perguntas da Bloomberg News. Funcion\u00e1rios do governo tamb\u00e9m n\u00e3o responderam aos pedidos para verificar o v\u00eddeo. Os coment\u00e1rios daqueles que compartilharam as imagens variaram desde a aprecia\u00e7\u00e3o de que as autoridades estavam se preparando para futuros surtos at\u00e9 compara\u00e7\u00f5es de pris\u00f5es.<\/p>\n\n\n\n<h3 class=\"wp-block-heading\">Bloqueio em vigor nas proximidades<\/h3>\n\n\n\n<p>A instala\u00e7\u00e3o de Guangan vem recebendo pessoas com Covid e seus contatos pr\u00f3ximos de Neijiang, uma cidade a cerca de duas horas e meia de carro, segundo moradores que postaram sobre a experi\u00eancia nas m\u00eddias sociais. O distrito onde o centro est\u00e1 localizado em Guangan foi fechado na segunda-feira, embora a cidade n\u00e3o tenha relatado nenhuma infec\u00e7\u00e3o.<\/p>\n\n\n\n<p>O n\u00famero de casos de Sichuan est\u00e1 diminuindo. Na ter\u00e7a-feira, foram registrados 55 casos de infec\u00e7\u00e3o com o v\u00edrus, abaixo do pico de 260 no final de agosto, quando a maioria dos casos foi encontrada na capital&nbsp;Chengdu. O surto levou a cidade de 21 milh\u00f5es de pessoas a ficar isolada por duas semanas para conter a propaga\u00e7\u00e3o da doen\u00e7a. A maioria das restri\u00e7\u00f5es de deslocamento foi levantada na segunda-feira.<\/p>\n\n\n\n<p>Embora o campo de Guangan seja grande, Xangai ergueu uma instala\u00e7\u00e3o para&nbsp;isolamento&nbsp;que poderia acomodar ainda mais pessoas durante um surto de Covid na primavera. O Centro Nacional de Exposi\u00e7\u00f5es e Conven\u00e7\u00f5es da cidade, um edif\u00edcio cavernoso normalmente usado para exposi\u00e7\u00e3o de autom\u00f3veis e feiras, foi temporariamente convertido para acomodar 40.000 leitos em abril. A instala\u00e7\u00e3o funcionou por 53 dias e hospedou 174.000 residentes antes de fechar em maio.<\/p>\n\n\n\n<p>A metr\u00f3pole do sul de Guangzhou administra um centro de quarentena de 5.000 leitos principalmente para viajantes internacionais que retornam \u00e0 China. Enquanto a maior parte do mundo est\u00e1 retirando as barreiras impostas pela pandemia, a China ainda exige que as pessoas que entram no pa\u00eds fa\u00e7am uma&nbsp;quarentena&nbsp;por 10 dias.<\/p>\n\n\n\n<p>O presidente Xi Jinping vinculou seu governo \u00e0 estrat\u00e9gia Covid Zero, dizendo que a China n\u00e3o correr\u00e1 o risco de ter o mesmo n\u00famero de&nbsp;mortes&nbsp;que outros pa\u00edses registraram ao enfrentar o coronav\u00edrus.<\/p>\n\n\n\n<p><em><strong>*Com Reuters, Bloomberg e Estad\u00e3o Conte\u00fado <\/strong><\/em><br><\/p>\n","protected":false},"excerpt":{"rendered":"<p>Amazon.com anunciou uma parceria com o grupo portugu\u00eas EDP para seu primeiro projeto de energia renov\u00e1vel na Am\u00e9rica do Sul, um parque de gera\u00e7\u00e3o solar de 122 megawatts (MW) de pot\u00eancia no Brasil.<\/p>\n","protected":false},"author":7,"featured_media":247104,"comment_status":"closed","ping_status":"open","sticky":false,"template":"","format":"standard","meta":{"_acf_changed":false,"inline_featured_image":false,"footnotes":""},"categories":[5],"tags":[244,1673,236,479,354,503],"autor-wsj":[],"coauthors":[1494],"class_list":["post-366498","post","type-post","status-publish","format-standard","has-post-thumbnail","hentry","category-economia","tag-china","tag-esg","tag-eua","tag-fed","tag-juros","tag-amazon"],"acf":[],"amp_enabled":true,"_links":{"self":[{"href":"https:\/\/investnews.com.br\/inv-api\/wp\/v2\/posts\/366498","targetHints":{"allow":["GET"]}}],"collection":[{"href":"https:\/\/investnews.com.br\/inv-api\/wp\/v2\/posts"}],"about":[{"href":"https:\/\/investnews.com.br\/inv-api\/wp\/v2\/types\/post"}],"author":[{"embeddable":true,"href":"https:\/\/investnews.com.br\/inv-api\/wp\/v2\/users\/7"}],"replies":[{"embeddable":true,"href":"https:\/\/investnews.com.br\/inv-api\/wp\/v2\/comments?post=366498"}],"version-history":[{"count":10,"href":"https:\/\/investnews.com.br\/inv-api\/wp\/v2\/posts\/366498\/revisions"}],"predecessor-version":[{"id":367764,"href":"https:\/\/investnews.com.br\/inv-api\/wp\/v2\/posts\/366498\/revisions\/367764"}],"wp:featuredmedia":[{"embeddable":true,"href":"https:\/\/investnews.com.br\/inv-api\/wp\/v2\/media\/247104"}],"wp:attachment":[{"href":"https:\/\/investnews.com.br\/inv-api\/wp\/v2\/media?parent=366498"}],"wp:term":[{"taxonomy":"category","embeddable":true,"href":"https:\/\/investnews.com.br\/inv-api\/wp\/v2\/categories?post=366498"},{"taxonomy":"post_tag","embeddable":true,"href":"https:\/\/investnews.com.br\/inv-api\/wp\/v2\/tags?post=366498"},{"taxonomy":"autor-wsj","embeddable":true,"href":"https:\/\/investnews.com.br\/inv-api\/wp\/v2\/autor-wsj?post=366498"},{"taxonomy":"author","embeddable":true,"href":"https:\/\/investnews.com.br\/inv-api\/wp\/v2\/coauthors?post=366498"}],"curies":[{"name":"wp","href":"https:\/\/api.w.org\/{rel}","templated":true}]}}