{"id":367161,"date":"2022-09-27T05:00:00","date_gmt":"2022-09-27T08:00:00","guid":{"rendered":"https:\/\/investnews.com.br\/?p=367161"},"modified":"2022-10-17T11:52:51","modified_gmt":"2022-10-17T14:52:51","slug":"setor-de-eventos-movimento-esta-se-recuperando-mas-faturamento-ainda-e-duvida","status":"publish","type":"post","link":"https:\/\/investnews.com.br\/negocios\/setor-de-eventos-movimento-esta-se-recuperando-mas-faturamento-ainda-e-duvida\/","title":{"rendered":"Setor de eventos: movimento est\u00e1 se recuperando, mas faturamento ainda \u00e9 d\u00favida"},"content":{"rendered":"\n<p>Depois de dois anos de paralisa\u00e7\u00f5es devido \u00e0 pandemia, o <strong>setor de eventos<\/strong> tem voltado \u00e0s atividades ap\u00f3s a libera\u00e7\u00e3o das restri\u00e7\u00f5es sociais. De acordo com a Associa\u00e7\u00e3o Brasileira dos Promotores de Eventos (ABRAPE), <strong>espera-se que neste ano 100% da programa\u00e7\u00e3o de eventos volte ao normal at\u00e9 dezembro<\/strong>, mas ainda \u00e9 precoce fazer uma <strong>estimativa de faturamento<\/strong> porque muitas empresas ainda est\u00e3o em <strong>processo de recupera\u00e7\u00e3o<\/strong>.&nbsp;<\/p>\n\n\n\n<p>Entre as dificuldades da retomada, Doreni Caramori J\u00fanior, presidente da ABRAPE, aponta que, al\u00e9m das empresas do setor ainda estarem se ajustando financeiramente, ainda h\u00e1 o <strong>fator m\u00e3o de obra<\/strong>. &#8220;Um dos grandes desafios do segmento atualmente \u00e9 <strong>recuperar essa m\u00e3o de obra qualificada<\/strong> para manter o padr\u00e3o de qualidade dos eventos&#8221;, o que influencia no desenvolvimento dos projetos e acordo de novos neg\u00f3cios, explica.&nbsp;<\/p>\n\n\n\n<p>Ele ainda acrescenta que isso vai determinar como ser\u00e1 a recupera\u00e7\u00e3o do setor at\u00e9 o fim do ano e quais ser\u00e3o as proje\u00e7\u00f5es para 2023.<\/p>\n\n\n\n<p>A ABRAPE ainda aponta que <strong>a paralisa\u00e7\u00e3o que atingiu cerca de 97% do setor de eventos<\/strong> (incluindo shows, festas, congressos, rodeios, eventos esportivos e sociais, teatro entre outros),  respons\u00e1vel por 23 milh\u00f5es de empregos. A interrup\u00e7\u00e3o das atividades na pandemia, ainda de acordo com a associa\u00e7\u00e3o, ocasionou a<strong> demiss\u00e3o de 450 mil pessoas <\/strong>e a <strong>impossibilidade de faturar cerca de R$ 230 bilh\u00f5es<\/strong> durante o per\u00edodo.&nbsp;<\/p>\n\n\n\n<p>Agora, a demanda voltou a subir e empres\u00e1rios do setor falam em um mercado &#8220;super aquecido&#8221; com o retorno da demanda. No segmento de casamentos, por exemplos, muitos noivos que haviam adiado a festa ou o in\u00edcio dos preparativos por conta da pandemia agora voltam a procurar os servi\u00e7os. <\/p>\n\n\n\n<figure class=\"wp-block-image size-large\"><img loading=\"lazy\" decoding=\"async\" width=\"1024\" height=\"768\" src=\"https:\/\/media.investnews.com.br\/uploads\/2022\/09\/IMG_7294-1024x768.jpg\" alt=\"\" class=\"wp-image-367175\" srcset=\"https:\/\/media.investnews.com.br\/uploads\/2022\/09\/IMG_7294-1024x768.jpg 1024w, https:\/\/media.investnews.com.br\/uploads\/2022\/09\/IMG_7294-300x225.jpg 300w, https:\/\/media.investnews.com.br\/uploads\/2022\/09\/IMG_7294-768x576.jpg 768w, https:\/\/media.investnews.com.br\/uploads\/2022\/09\/IMG_7294-1536x1152.jpg 1536w, https:\/\/media.investnews.com.br\/uploads\/2022\/09\/IMG_7294-1245x934.jpg 1245w, https:\/\/media.investnews.com.br\/uploads\/2022\/09\/IMG_7294-172x129.jpg 172w, https:\/\/media.investnews.com.br\/uploads\/2022\/09\/IMG_7294-150x113.jpg 150w, https:\/\/media.investnews.com.br\/uploads\/2022\/09\/IMG_7294.jpg 2048w\" sizes=\"auto, (max-width: 1024px) 100vw, 1024px\" \/><figcaption>Beatriz Alves Azevedo, t\u00e9cnica de enfermagem. (Foto: InvestNews)<\/figcaption><\/figure>\n\n\n\n<p>Um dos exemplos \u00e9 o casal Beatriz Alves Azevedo e Igor Le\u00e3o, que noivou em dezembro de 2021 (isto \u00e9, quando a covid-19 j\u00e1 tinha dado uma tr\u00e9gua). &#8220;Depois da pandemia <strong>a gente decidiu adiantar<\/strong> o quanto antes&#8221;, comenta Beatriz. <\/p>\n\n\n\n<p>Para que eles consigam se organizar com mais tranquilidade e finalizar algumas etapas pessoais, ela diz que o evento foi marcado para 2024 \u2013 mas n\u00e3o escondeu a ansiedade que sente.&nbsp;<\/p>\n\n\n\n<h2 class=\"wp-block-heading\">Setor de casamentos: a retomada<\/h2>\n\n\n\n<p>O <strong><em>InvestNews<\/em><\/strong> ouviu profissionais e representantes do setor, que contaram como tentaram driblar as dificuldades durante o per\u00edodo de paralisa\u00e7\u00e3o das atividades, e relataram como est\u00e1 sendo a retomada. Veja abaixo:<\/p>\n\n\n\n<h3 class=\"wp-block-heading\">Expo Noivas &amp; Festas retorna ap\u00f3s 2 anos<\/h3>\n\n\n\n<figure class=\"wp-block-image size-large\"><img loading=\"lazy\" decoding=\"async\" width=\"1024\" height=\"768\" src=\"https:\/\/media.investnews.com.br\/uploads\/2022\/09\/IMG_7263-1024x768.jpg\" alt=\"\" class=\"wp-image-367164\" srcset=\"https:\/\/media.investnews.com.br\/uploads\/2022\/09\/IMG_7263-1024x768.jpg 1024w, https:\/\/media.investnews.com.br\/uploads\/2022\/09\/IMG_7263-300x225.jpg 300w, https:\/\/media.investnews.com.br\/uploads\/2022\/09\/IMG_7263-768x576.jpg 768w, https:\/\/media.investnews.com.br\/uploads\/2022\/09\/IMG_7263-1536x1152.jpg 1536w, https:\/\/media.investnews.com.br\/uploads\/2022\/09\/IMG_7263-1245x934.jpg 1245w, https:\/\/media.investnews.com.br\/uploads\/2022\/09\/IMG_7263-172x129.jpg 172w, https:\/\/media.investnews.com.br\/uploads\/2022\/09\/IMG_7263-150x113.jpg 150w, https:\/\/media.investnews.com.br\/uploads\/2022\/09\/IMG_7263.jpg 2048w\" sizes=\"auto, (max-width: 1024px) 100vw, 1024px\" \/><figcaption>Jos\u00e9 Luiz de Carvalho Cesar, empres\u00e1rio e diretor da Expo Noivas &amp; Festas. (Foto: InvestNews)<\/figcaption><\/figure>\n\n\n\n<p>A <strong>Expo Noivas &amp; Festas<\/strong>, maior feira do setor de casamentos e debutantes do pa\u00eds, \u00e9 um exemplo de evento que paralisou devido \u00e0 pandemia e retornou recentemente \u00e0 capital paulista. A feira, em sua cent\u00e9sima-sexta edi\u00e7\u00e3o que aconteceu em setembro em S\u00e3o Paulo, reuniu mais de 120 expositores e mais de 12 mil visitantes.&nbsp;<\/p>\n\n\n\n<p>Jos\u00e9 Luiz de Carvalho Cesar, empres\u00e1rio e diretor da Expo Noivas &amp; Festas, conta que o evento surgiu anos atr\u00e1s, no momento em que a sua esposa percebeu que aquilo era uma oportunidade de neg\u00f3cio. Ele lembra que no in\u00edcio teve preju\u00edzo, mas com organiza\u00e7\u00e3o e planejamento as coisas engrenaram. Por isso, tantas edi\u00e7\u00f5es aconteceram at\u00e9 hoje.&nbsp;<\/p>\n\n\n\n<p>Em rela\u00e7\u00e3o \u00e0 expectativa de retomada, ele menciona que sente que &#8220;as fam\u00edlias est\u00e3o precisando voltar a comemorar as suas festas por uma quest\u00e3o de sanidade mental&#8230; O sentimento, a vontade existe&#8221;. Por essa expectativa sobre a demanda, Cesar se diz esperan\u00e7oso pela volta dos neg\u00f3cios.&nbsp;<\/p>\n\n\n\n<p>No entanto, o empres\u00e1rio menciona que <strong>&#8220;a pandemia destruiu o mercado&#8221; <\/strong>enquanto seu efeito n\u00e3o cessava. Ele lembra que, no in\u00edcio da paralisa\u00e7\u00e3o, muitos eventos foram cancelados ou adiados, ent\u00e3o <strong>&#8220;a primeira mexida do mercado foi ajustar as datas&#8221; e as finan\u00e7as<\/strong>. Agora, segundo o empres\u00e1rio, com o restante da economia reagindo, o setor est\u00e1 em uma <strong>fase de ajuste.<\/strong> &#8220;O momento \u00e9 esse, de ajustar as coisas&#8221;, comenta.&nbsp;<\/p>\n\n\n\n<p>Neste ano, o diretor diz que n\u00e3o haver\u00e1 mais feira em S\u00e3o Paulo, isto porque &#8220;n\u00e3o tem mais mercado&#8221;, mas no ano que vem, em \u00e9pocas diferentes, o evento deve acontecer outras duas ou tr\u00eas vezes na capital paulista. Em outubro, haver\u00e1 uma edi\u00e7\u00e3o na cidade do Rio de Janeiro.&nbsp;<\/p>\n\n\n\n<h3 class=\"wp-block-heading\"><strong>Ateli\u00ea de vestidos: retomada ap\u00f3s costurar m\u00e1scaras e roupas para pets &nbsp;<\/strong><\/h3>\n\n\n\n<figure class=\"wp-block-image size-large\"><img loading=\"lazy\" decoding=\"async\" width=\"1024\" height=\"768\" src=\"https:\/\/media.investnews.com.br\/uploads\/2022\/09\/IMG_7243-1024x768.jpg\" alt=\"\" class=\"wp-image-367165\" srcset=\"https:\/\/media.investnews.com.br\/uploads\/2022\/09\/IMG_7243-1024x768.jpg 1024w, https:\/\/media.investnews.com.br\/uploads\/2022\/09\/IMG_7243-300x225.jpg 300w, https:\/\/media.investnews.com.br\/uploads\/2022\/09\/IMG_7243-768x576.jpg 768w, https:\/\/media.investnews.com.br\/uploads\/2022\/09\/IMG_7243-1536x1152.jpg 1536w, https:\/\/media.investnews.com.br\/uploads\/2022\/09\/IMG_7243-1245x934.jpg 1245w, https:\/\/media.investnews.com.br\/uploads\/2022\/09\/IMG_7243-172x129.jpg 172w, https:\/\/media.investnews.com.br\/uploads\/2022\/09\/IMG_7243-150x113.jpg 150w, https:\/\/media.investnews.com.br\/uploads\/2022\/09\/IMG_7243.jpg 2048w\" sizes=\"auto, (max-width: 1024px) 100vw, 1024px\" \/><figcaption>Elienai Almeida, empres\u00e1ria e estilista. (Foto: InvestNews)<\/figcaption><\/figure>\n\n\n\n<p>Elienai Almeida, empres\u00e1ria e estilista, \u00e9 dona de um ateli\u00ea de vestidos de festas que leva seu nome e fica em Curvelo (MG). Em 2022, ela resolveu participar pela primeira vez da Expo Noivas &amp; Festas em S\u00e3o Paulo (SP), ap\u00f3s passar por dificuldades na pandemia. Sem conseguir fazer atendimentos, ela <strong>chegou a demitir toda a sua equipe<\/strong> e <strong>teve que costurar m\u00e1scaras e roupinhas de animais<\/strong>.<\/p>\n\n\n\n<p>&#8220;Eu tive que fechar totalmente a minha empresa, dispensei as minhas funcion\u00e1rias&#8230; bordadeiras e costureiras. N\u00e3o tive como manter. <strong>Eu fiquei sozinha<\/strong>&#8220;, lembra ela. &#8220;Eu<strong> fui inventando outras coisas<\/strong>&#8230; como eu<strong> costuro e fa\u00e7o de tudo<\/strong>, fui atendendo pe\u00e7as avulsas&#8221;, explica. <\/p>\n\n\n\n<p>Agora, ela busca retomar as atividades mantendo o servi\u00e7o exclusivo que oferecia anteriormente. Isso inclui ir at\u00e9 suas clientes para combinar os detalhes de produ\u00e7\u00e3o, tirar as medidas e fazer as provas, al\u00e9m de comparecer pessoalmente no dia do casamento para vestir a noiva e evitar que qualquer imprevisto aconte\u00e7a.<\/p>\n\n\n\n<p>&#8220;Eu vejo que 90% das minhas clientes fecham comigo por eu estar presente no dia do casamento. Eu acho que transmite muita seguran\u00e7a e tranquilidade, elas n\u00e3o precisam ficar preocupadas&#8221;, pontua.<\/p>\n\n\n\n<p>Com a retomada, a empres\u00e1ria comenta que hoje sente que <strong>j\u00e1 conseguiu o mesmo n\u00famero de clientes que tinha antes da pandemia,<\/strong> mas que agora elas parecem estar mais criteriosas e gastando <strong>valores mais baixos<\/strong>.&nbsp;<\/p>\n\n\n\n<p>Da feira, Almeida diz esperar n\u00e3o s\u00f3 n\u00famero de vendas, mas parcerias com outros lojistas e expans\u00e3o de neg\u00f3cio a ponto de levar seu nome para S\u00e3o Paulo.&nbsp;Mais a longo prazo, ela deseja focar somente em um nicho de produ\u00e7\u00e3o de vestidos. &#8220;Meu sonho mesmo \u00e9 ter um segmento s\u00f3 para noivas. <strong>Quero conseguir ficar s\u00f3 com as noivas<\/strong>\u201d, ressalta.&nbsp;&nbsp;<\/p>\n\n\n\n<p>&#8220;Eu quero atender da melhor forma, oferecer o melhor produto, poder realizar o sonho das minhas clientes. Eu espero poder realizar o sonho de muitas noivas e que o valor que eu receber seja s\u00f3 consequ\u00eancia de um trabalho bem feito, com muito amor e muita dedica\u00e7\u00e3o&#8221;, conclui a empres\u00e1ria.&nbsp;<\/p>\n\n\n\n<h3 class=\"wp-block-heading\"><strong>Confeitaria<\/strong>: produ\u00e7\u00e3o de p\u00e3es na pandemia<\/h3>\n\n\n\n<figure class=\"wp-block-image size-large\"><img loading=\"lazy\" decoding=\"async\" width=\"1024\" height=\"768\" src=\"https:\/\/media.investnews.com.br\/uploads\/2022\/09\/IMG_7251-1024x768.jpg\" alt=\"\" class=\"wp-image-367170\" srcset=\"https:\/\/media.investnews.com.br\/uploads\/2022\/09\/IMG_7251-1024x768.jpg 1024w, https:\/\/media.investnews.com.br\/uploads\/2022\/09\/IMG_7251-300x225.jpg 300w, https:\/\/media.investnews.com.br\/uploads\/2022\/09\/IMG_7251-768x576.jpg 768w, https:\/\/media.investnews.com.br\/uploads\/2022\/09\/IMG_7251-1536x1152.jpg 1536w, https:\/\/media.investnews.com.br\/uploads\/2022\/09\/IMG_7251-1245x934.jpg 1245w, https:\/\/media.investnews.com.br\/uploads\/2022\/09\/IMG_7251-172x129.jpg 172w, https:\/\/media.investnews.com.br\/uploads\/2022\/09\/IMG_7251-150x113.jpg 150w, https:\/\/media.investnews.com.br\/uploads\/2022\/09\/IMG_7251.jpg 2048w\" sizes=\"auto, (max-width: 1024px) 100vw, 1024px\" \/><figcaption>Lucia Machado, empres\u00e1ria e confeiteira. (Foto: InvestNews)<\/figcaption><\/figure>\n\n\n\n<p>Lucia Machado, empres\u00e1ria e confeiteira, \u00e9 propriet\u00e1ria de uma confeitaria intitulada como Lulu Glace Doces Finos, que atende a grande cidade de S\u00e3o Paulo. Nos anos de pandemia, ela atendeu um volume e tamanho de eventos muito menores. Mas houve outra coisa que a ajudou a se manter durante o per\u00edodo:<strong> produzir p\u00e3es artesanais e vend\u00ea-los via WhatsApp<\/strong>.&nbsp;<\/p>\n\n\n\n<p>Felizmente, ela conta que n\u00e3o teve preju\u00edzos porque tem uma cozinha de produ\u00e7\u00e3o em sua casa. &#8220;Eu n\u00e3o tinha compromisso financeiro nessa parte de loca\u00e7\u00e3o&#8221;, pontua.&nbsp;<\/p>\n\n\n\n<p>Agora, em rela\u00e7\u00e3o \u00e0 retomada, a empres\u00e1ria acredita que <strong>o mercado est\u00e1 bem aquecido<\/strong> para o segmento de doces. E, para o futuro, ela deseja abrir junto a s\u00f3cios um centro de casamento que atenda v\u00e1rios servi\u00e7os.<\/p>\n\n\n\n<p>Ela explica que a empresa tem um cat\u00e1logo que serve como sugest\u00e3o, mas que tamb\u00e9m faz servi\u00e7os personalizados.&nbsp;Segundo Machado, os clientes podem fazer mudan\u00e7as nos doces, o que significa alterar os sabores, tipos de chocolates e recheios. &#8220;A nossa ideia \u00e9 fazer com que eles tenham um carinho maior com os doces, assim como eles tem para todo o resto, como decora\u00e7\u00e3o e buffet&#8221;, comenta.&nbsp;<\/p>\n\n\n\n<p>A empres\u00e1ria explica que, fazendo esses ajustes, os doces n\u00e3o s\u00e3o mais dela, e sim do casal. &#8220;Dificilmente o convidado vai comer o mesmo doce em outra festa&#8230; ent\u00e3o isso faz com que o momento fique marcado&#8221;, acrescenta.&nbsp;<\/p>\n\n\n\n<h3 class=\"wp-block-heading\"><strong>Assessoria: &#8216;voltando com tudo&#8217; <\/strong>ap\u00f3s fechar as portas<\/h3>\n\n\n\n<figure class=\"wp-block-image size-large\"><img loading=\"lazy\" decoding=\"async\" width=\"1024\" height=\"768\" src=\"https:\/\/media.investnews.com.br\/uploads\/2022\/09\/IMG_7252-1024x768.jpg\" alt=\"\" class=\"wp-image-367173\" srcset=\"https:\/\/media.investnews.com.br\/uploads\/2022\/09\/IMG_7252-1024x768.jpg 1024w, https:\/\/media.investnews.com.br\/uploads\/2022\/09\/IMG_7252-300x225.jpg 300w, https:\/\/media.investnews.com.br\/uploads\/2022\/09\/IMG_7252-768x576.jpg 768w, https:\/\/media.investnews.com.br\/uploads\/2022\/09\/IMG_7252-1536x1152.jpg 1536w, https:\/\/media.investnews.com.br\/uploads\/2022\/09\/IMG_7252-1245x934.jpg 1245w, https:\/\/media.investnews.com.br\/uploads\/2022\/09\/IMG_7252-172x129.jpg 172w, https:\/\/media.investnews.com.br\/uploads\/2022\/09\/IMG_7252-150x113.jpg 150w, https:\/\/media.investnews.com.br\/uploads\/2022\/09\/IMG_7252.jpg 2048w\" sizes=\"auto, (max-width: 1024px) 100vw, 1024px\" \/><figcaption>Fabricia Leite, empres\u00e1ria e especialista em eventos sociais. (Foto: InvestNews)<\/figcaption><\/figure>\n\n\n\n<p>Fabricia Leite, empres\u00e1ria e especialista em eventos sociais, \u00e9 propriet\u00e1ria da empresa de assessoramento de festas SF Assessoria e Cerimonial, que atende em diversas cidades do estado de S\u00e3o Paulo.<\/p>\n\n\n\n<p>Ela conta que no in\u00edcio da paralisa\u00e7\u00e3o, ocasionada pela pandemia, <strong>precisou fechar as portas<\/strong>. &#8220;Eu tive que ficar parada, n\u00e3o teve jeito&#8221;, diz. Al\u00e9m disso, a empres\u00e1ria tamb\u00e9m menciona que teve <strong>cancelamentos e desist\u00eancias de contratos<\/strong>.&nbsp;<\/p>\n\n\n\n<p>Leite explica que, durante essa fase, em que tamb\u00e9m ficou doente, s\u00f3 conseguiu se manter devido ao apoio de seu marido.&nbsp;<\/p>\n\n\n\n<p>Quando foi iniciada a <strong>vacina\u00e7\u00e3o<\/strong> contra covid-19 no pa\u00eds, ela conta que <strong>conseguiu retomar aos poucos o seu neg\u00f3cio<\/strong> e que, agora <strong>em 2022, est\u00e1 &#8220;voltando com tudo&#8221;<\/strong>. A empres\u00e1ria diz que sente o mercado muito aquecido.&nbsp;<\/p>\n\n\n\n<p>Para o futuro, ela deseja fazer ainda mais parcerias, montar mais equipes e fazer mais workshops. Leite ainda lembra que, apesar de seu servi\u00e7o ser novo no mercado, ele \u00e9 muito importante. &#8220;A gente trabalha com sonhos, \u00e9 um investimento muito alto para deixar na m\u00e3o de qualquer pessoa. \u00c9 sonho, se tiver um erro n\u00e3o tem como voltar atr\u00e1s.&#8221;\u00a0<\/p>\n\n\n\n<figure class=\"wp-block-embed-youtube wp-block-embed is-type-video is-provider-youtube wp-embed-aspect-16-9 wp-has-aspect-ratio\"><div class=\"wp-block-embed__wrapper\">\n<iframe loading=\"lazy\" title=\"Setor de eventos: como est\u00e1 a recupera\u00e7\u00e3o depois da pandemia?\" width=\"500\" height=\"281\" src=\"https:\/\/www.youtube.com\/embed\/C1I9BGOAsgE?feature=oembed\" frameborder=\"0\" allow=\"accelerometer; autoplay; clipboard-write; encrypted-media; gyroscope; picture-in-picture; web-share\" referrerpolicy=\"strict-origin-when-cross-origin\" allowfullscreen><\/iframe>\n<\/div><\/figure>\n","protected":false},"excerpt":{"rendered":"<p>An\u00e1lise \u00e9 de associa\u00e7\u00e3o que representa o segmento, um dos mais afetados pela pandemia.<\/p>\n","protected":false},"author":51,"featured_media":367223,"comment_status":"closed","ping_status":"open","sticky":false,"template":"","format":"standard","meta":{"_acf_changed":false,"inline_featured_image":false,"footnotes":""},"categories":[6],"tags":[66],"autor-wsj":[],"coauthors":[2425],"class_list":["post-367161","post","type-post","status-publish","format-standard","has-post-thumbnail","hentry","category-negocios","tag-negocios"],"acf":[],"amp_enabled":true,"_links":{"self":[{"href":"https:\/\/investnews.com.br\/inv-api\/wp\/v2\/posts\/367161","targetHints":{"allow":["GET"]}}],"collection":[{"href":"https:\/\/investnews.com.br\/inv-api\/wp\/v2\/posts"}],"about":[{"href":"https:\/\/investnews.com.br\/inv-api\/wp\/v2\/types\/post"}],"author":[{"embeddable":true,"href":"https:\/\/investnews.com.br\/inv-api\/wp\/v2\/users\/51"}],"replies":[{"embeddable":true,"href":"https:\/\/investnews.com.br\/inv-api\/wp\/v2\/comments?post=367161"}],"version-history":[{"count":29,"href":"https:\/\/investnews.com.br\/inv-api\/wp\/v2\/posts\/367161\/revisions"}],"predecessor-version":[{"id":374314,"href":"https:\/\/investnews.com.br\/inv-api\/wp\/v2\/posts\/367161\/revisions\/374314"}],"wp:featuredmedia":[{"embeddable":true,"href":"https:\/\/investnews.com.br\/inv-api\/wp\/v2\/media\/367223"}],"wp:attachment":[{"href":"https:\/\/investnews.com.br\/inv-api\/wp\/v2\/media?parent=367161"}],"wp:term":[{"taxonomy":"category","embeddable":true,"href":"https:\/\/investnews.com.br\/inv-api\/wp\/v2\/categories?post=367161"},{"taxonomy":"post_tag","embeddable":true,"href":"https:\/\/investnews.com.br\/inv-api\/wp\/v2\/tags?post=367161"},{"taxonomy":"autor-wsj","embeddable":true,"href":"https:\/\/investnews.com.br\/inv-api\/wp\/v2\/autor-wsj?post=367161"},{"taxonomy":"author","embeddable":true,"href":"https:\/\/investnews.com.br\/inv-api\/wp\/v2\/coauthors?post=367161"}],"curies":[{"name":"wp","href":"https:\/\/api.w.org\/{rel}","templated":true}]}}