{"id":368925,"date":"2022-09-27T21:29:53","date_gmt":"2022-09-28T00:29:53","guid":{"rendered":"https:\/\/investnews.com.br\/?p=368925"},"modified":"2025-10-23T11:41:03","modified_gmt":"2025-10-23T14:41:03","slug":"ficou-sabendo-volkswagen-testa-caminhao-autonomo-weg-e-carros-eletricos","status":"publish","type":"post","link":"https:\/\/investnews.com.br\/economia\/ficou-sabendo-volkswagen-testa-caminhao-autonomo-weg-e-carros-eletricos\/","title":{"rendered":"Ficou sabendo? Volkswagen testa caminh\u00e3o aut\u00f4nomo; WEG e carros el\u00e9tricos"},"content":{"rendered":"\n<h2 class=\"wp-block-heading\">Volkswagen testa caminh\u00e3o aut\u00f4nomo<\/h2>\n\n\n\n<p>A <strong>Volkswagen Caminh\u00f5es e \u00d4nibus<\/strong>, empresa do grupo de ve\u00edculos pesados Traton na Am\u00e9rica Latina, anunciou nesta ter\u00e7a-feira que est\u00e1 fazendo testes com um caminh\u00e3o aut\u00f4nomo no Brasil para aplica\u00e7\u00e3o na agricultura e relan\u00e7ou toda a linha para se adequar \u00e0s novas regras mais exigentes de emiss\u00e3o de poluentes, que entram em vigor no pa\u00eds no in\u00edcio de 2023.<\/p>\n\n\n\n<p><strong>O teste com o caminh\u00e3o aut\u00f4nomo est\u00e1 sendo feito em parceria com a empresa de a\u00e7\u00facar e etanol <a class=\"rank-math-link\" href=\"https:\/\/investnews.com.br\/cotacao\/raiz3-raizen\/\">Ra\u00edzen,<\/a><\/strong> na colheita de cana-de-a\u00e7\u00facar no interior de S\u00e3o Paulo, afirmou o presidente da montadora, Roberto Cortes.<\/p>\n\n\n\n<p>O modelo \u00e9 um primeiro prot\u00f3tipo e representa um dos primeiros testes da tecnologia no pa\u00eds. O ve\u00edculo tem ajudado no transporte de cana rec\u00e9m colhida para envio a usinas. O caminh\u00e3o \u00e9 um modelo de grande porte da marca, um Constellation, equipado com motor a diesel e tecnologia de dire\u00e7\u00e3o sem motorista da norte-americana Raven, disse o executivo.<\/p>\n\n\n\n<p>&#8220;Estamos experimentando e vendo custo, autonomia, aplica\u00e7\u00f5es&#8230;Acreditamos que os caminh\u00f5es el\u00e9tricos s\u00e3o mais adequados para a &#8216;\u00faltima milha&#8217; nas cidades enquanto o aut\u00f4nomo, no Brasil, para recintos confinados, para aplica\u00e7\u00f5es em agricultura e minera\u00e7\u00e3o, por exemplo&#8221;, disse Cortes.<\/p>\n\n\n\n<p>Segundo ele, os primeiros modelos de caminh\u00f5es totalmente aut\u00f4nomos ainda s\u00e3o uma realidade distante de aplica\u00e7\u00e3o no Brasil por v\u00e1rios fatores, incluindo as condi\u00e7\u00f5es das rodovias. &#8220;N\u00edvel 5, sem motorista \u00e9 bem a longo prazo. Um dia teremos, talvez no final da d\u00e9cada no Brasil&#8221;, afirmou.<\/p>\n\n\n\n<p>A companhia iniciou a produ\u00e7\u00e3o de seu primeiro caminh\u00e3o el\u00e9trico no Brasil, voltado a entregas urbanas, h\u00e1 cerca de um ano e iniciou recentemente exporta\u00e7\u00f5es do modelo, chamado de e-Delivery, para o M\u00e9xico. Um dos principais clientes \u00e9 a Ambev que tamb\u00e9m tem forte presen\u00e7a no mercado mexicano. O objetivo \u00e9 alcan\u00e7ar toda a Am\u00e9rica Latina com o produto, disse o executivo, sem citar prazos.<\/p>\n\n\n\n<p>Os esfor\u00e7os fazem parte de um plano para internacionalizar a empresa at\u00e9 2030 sob os pilares de redu\u00e7\u00e3o de emiss\u00f5es e eletrifica\u00e7\u00e3o, conex\u00e3o dos ve\u00edculos com a internet e capacidade de dire\u00e7\u00e3o aut\u00f4noma.<\/p>\n\n\n\n<p>O investimento para isso, disse Cortes, est\u00e1 em parte dentro de um plano de 2 bilh\u00f5es de reais entre 2021 e 2025, dos quais metade j\u00e1 foi desembolsado com tecnologias que incluem a adapta\u00e7\u00e3o dos modelos da marca \u00e0 nova legisla\u00e7\u00e3o brasileira de emiss\u00f5es de poluentes Proconve P-8, que entra em vigor em janeiro de 2023 e \u00e9 equivalente \u00e0s normas europeias Euro 6.<\/p>\n\n\n\n<p>&#8220;Boa parte do investimento, 70% do um bilh\u00e3o de reais, foi para (as regras de) emiss\u00f5es e melhora da produtividade (dos caminh\u00f5es)&#8221;, disse o presidente da Volkswagen Caminh\u00f5es e \u00d4nibus. Segundo ele, os novos modelos da marca que come\u00e7am a ser produzidos para atender \u00e0s novas regras brasileiras ser\u00e3o 10% mais eficientes que modelos atuais.<\/p>\n\n\n\n<p>&#8220;Vamos substituir os nossos 30 modelos de caminh\u00f5es por uma linha Euro 6&#8221;, afirmou o executivo citando os lan\u00e7amentos desta ter\u00e7a que cumprem a nova legisla\u00e7\u00e3o ambiental mais restritiva.<\/p>\n\n\n\n<p>Sobre a metade restante do plano de investimento, Cortes comentou que a companhia vai continuar dedicando recursos aos modelos eletrificados e melhoria de performance e conectividade, incluindo novos caminh\u00f5es e \u00f4nibus el\u00e9tricos, al\u00e9m da tecnologia de dire\u00e7\u00e3o aut\u00f4noma.<\/p>\n\n\n\n<p>Questionado sobre as expectativas para 2023, Cortes afirmou que o ano n\u00e3o deve ser marcado por impactos de antecipa\u00e7\u00e3o de compras de ve\u00edculos ocorrida em anos anteriores, marcados por mudan\u00e7as na legisla\u00e7\u00e3o de emiss\u00f5es de poluentes.<\/p>\n\n\n\n<p>Isso por causa da escassez de componentes que tem restringido a produ\u00e7\u00e3o, disse o executivo. &#8220;Diferente de outros &#8216;euros&#8217;, o pr\u00f3ximo ano deve ser um ano normal de pedidos&#8221;, disse. Ele lembrou ainda o programa de renova\u00e7\u00e3o de frota de caminh\u00f5es sancionado pelo governo federal neste m\u00eas, que pode dar um \u00e2nimo maior para as vendas de novos no pr\u00f3ximo ano.<\/p>\n\n\n\n<p>Segundo Cortes, a oferta de componentes e mesmo de transporte de suprimentos &#8220;melhorou consideravelmente&#8221; nos \u00faltimos meses, mas esse quadro ainda n\u00e3o est\u00e1 estabilizado.<\/p>\n\n\n\n<h2 class=\"wp-block-heading\">Goldman Sachs capta US$ 9,7 bi para private equity, o maior desde 2007<\/h2>\n\n\n\n<p>O<strong> Goldman Sachs<\/strong> captou 9,7 bilh\u00f5es de d\u00f3lares para um fundo de <a href=\"https:\/\/investnews.com.br\/guias\/o-que-e-private-equity\/\">private equity<\/a>, o maior desde 2007, para investir em empresas avaliadas na faixa de 750 milh\u00f5es a 2 bilh\u00f5es de d\u00f3lares, informou o banco nesta ter\u00e7a-feira.<\/p>\n\n\n\n<p>O fundo fica sob o bra\u00e7o de <a href=\"https:\/\/investnews.com.br\/guias\/asset-management\/\">gest\u00e3o de ativos<\/a> e \u00e9 conhecido como &#8220;West Street Capital Partners VIII&#8221;. Ele deve investir uma m\u00e9dia de 300 milh\u00f5es de d\u00f3lares para assumir o controle de empresas de servi\u00e7os financeiros e empresariais, bem como em sa\u00fade, consumo, tecnologia e transi\u00e7\u00e3o para mudan\u00e7as clim\u00e1ticas.<\/p>\n\n\n\n<p>A plataforma de private credit &amp; equity da empresa tem 40 bilh\u00f5es de d\u00f3lares em ativos sob gest\u00e3o, incluindo 25 bilh\u00f5es de d\u00f3lares em fundos, secund\u00e1rios e coinvestimentos.<\/p>\n\n\n\n<p>Os investidores incluem fundos de pens\u00e3o, fundos soberanos, institui\u00e7\u00f5es financeiras, escrit\u00f3rios familiares e indiv\u00edduos de alto <a href=\"https:\/\/investnews.com.br\/guias\/patrimonio-liquido\/\">patrim\u00f4nio l\u00edquido<\/a>.<\/p>\n\n\n\n<p>O fundo j\u00e1 investiu na Norgine, uma empresa farmac\u00eautica europeia; a Nippo, uma empresa de pavimenta\u00e7\u00e3o de estradas no Jap\u00e3o; e a Parexel, uma organiza\u00e7\u00e3o de pesquisa cl\u00ednica.<\/p>\n\n\n\n<h2 class=\"wp-block-heading\">Nova f\u00e1brica da Weg em SC vai atender montadoras de ve\u00edculos el\u00e9tricos<\/h2>\n\n\n\n<p>A fabricante de motores el\u00e9tricos e tintas industriais <a class=\"rank-math-link\" href=\"https:\/\/investnews.com.br\/cotacao\/wege3-weg\/\">Weg (WEGE3)<\/a> vai elevar sua capacidade de produ\u00e7\u00e3o em Santa Catarina em at\u00e9 25% nos pr\u00f3ximos anos com a constru\u00e7\u00e3o de uma nova f\u00e1brica no complexo industrial em Jaragu\u00e1 do Sul (SC). A unidade ter\u00e1 como um dos focos o atendimento de montadoras de ve\u00edculos el\u00e9tricos no Brasil.<\/p>\n\n\n\n<p>A nova instala\u00e7\u00e3o produzir\u00e1 para caminh\u00f5es, \u00f4nibus e vans de entregas. A empresa tem feito parcerias na \u00e1rea, fornecendo componentes para o caminh\u00e3o el\u00e9trico e-Delivery montado pela Volkswagen Caminh\u00f5es e \u00d4nibus em Resende (RJ).<\/p>\n\n\n\n<p>&#8220;A Weg est\u00e1 trabalhando no desenvolvimento de outros clientes e outras solu\u00e7\u00f5es para caminh\u00f5es, \u00f4nibus e ve\u00edculos comerciais leves&#8221;, afirmou a empresa \u00e0 Reuters.<\/p>\n\n\n\n<p>Atualmente a Weg tem capacidade instalada de motores de tra\u00e7\u00e3o para ve\u00edculos el\u00e9tricos de 1.200 unidades por ano.<\/p>\n\n\n\n<p>A companhia afirmou que sua capacidade de produ\u00e7\u00e3o ser\u00e1 ampliada com adi\u00e7\u00e3o de 500 mil motores por ano at\u00e9 2025, quando a empresa concluir\u00e1 a expans\u00e3o de suas unidades fabris.<\/p>\n\n\n\n<p>A companhia n\u00e3o fez estimativas sobre o mercado brasileiro de ve\u00edculos el\u00e9tricos.<\/p>\n\n\n\n<p>Segundo a associa\u00e7\u00e3o de montadoras Anfavea, apesar do segmento ainda ser pequeno em rela\u00e7\u00e3o aos modelos movidos a combust\u00edveis f\u00f3sseis, tem havido crescimento nos \u00faltimos meses. A fatia de caminh\u00f5es e \u00f4nibus el\u00e9tricos no acumulado de vendas de novos no pa\u00eds de janeiro ao fim de agosto deste ano foi de 0,5% &#8211; 504 unidades &#8211; ante 0,2% &#8211; 313 unidades &#8211; em todo 2021.<\/p>\n\n\n\n<p>INVESTIMENTO<\/p>\n\n\n\n<p>A Weg prev\u00ea investir na nova f\u00e1brica 660 milh\u00f5es de reais nos pr\u00f3ximos tr\u00eas anos. A expectativa \u00e9 concluir a nova unidade no primeiro trimestre de 2024.<\/p>\n\n\n\n<p>&#8220;Al\u00e9m da amplia\u00e7\u00e3o dos pr\u00e9dios de fabrica\u00e7\u00e3o de componentes e de log\u00edstica de exporta\u00e7\u00e3o, tamb\u00e9m ser\u00e1 constru\u00edda uma nova f\u00e1brica dedicada a motores industriais e principalmente motores para atender o segmento de mobilidade el\u00e9trica&#8221;, afirmou a Weg.<\/p>\n\n\n\n<p>A empresa afirmou que a constru\u00e7\u00e3o ser\u00e1 modular, para permitir aumento gradual da capacidade de produ\u00e7\u00e3o conforme o crescimento do mercado nos pr\u00f3ximos anos.<\/p>\n\n\n\n<p>Analistas do Ita\u00fa BBA consideraram o an\u00fancio da Weg como &#8220;positivo&#8221;, entendendo que refor\u00e7a a avalia\u00e7\u00e3o de crescimento da empresa no m\u00e9dio e longo prazos.<\/p>\n\n\n\n<p>&#8220;Nosso modelo precifica 20% de crescimento em equipamentos industriais eletroeletr\u00f4nicos em 2022, 13% em 2023 e 12% depois disso. Instala\u00e7\u00f5es dom\u00e9sticas v\u00e3o atender clientes locais e tamb\u00e9m gerar receitas com exporta\u00e7\u00f5es&#8221;, afirmaram os analistas Daniel Gasparete, Gabriel Rezende e Luiz Capistrano.<\/p>\n\n\n\n<p>As a\u00e7\u00f5es da Weg ca\u00edram 1,5% nesta ter\u00e7a-feira, enquanto o Ibovespa recuou 0,68%.<br><\/p>\n","protected":false},"excerpt":{"rendered":"<p>Nova f\u00e1brica da Weg vai atender montadoras de carros el\u00e9tricos; Volkswagen  faz testes com caminh\u00e3o aut\u00f4nomo no Brasil para aplica\u00e7\u00e3o na agricultura.<\/p>\n","protected":false},"author":61,"featured_media":8528,"comment_status":"closed","ping_status":"open","sticky":false,"template":"","format":"standard","meta":{"_acf_changed":false,"inline_featured_image":false,"footnotes":""},"categories":[5],"tags":[2376,110337],"autor-wsj":[],"coauthors":[2494],"class_list":["post-368925","post","type-post","status-publish","format-standard","has-post-thumbnail","hentry","category-economia","tag-raizen","tag-weg"],"acf":[],"amp_enabled":true,"_links":{"self":[{"href":"https:\/\/investnews.com.br\/inv-api\/wp\/v2\/posts\/368925","targetHints":{"allow":["GET"]}}],"collection":[{"href":"https:\/\/investnews.com.br\/inv-api\/wp\/v2\/posts"}],"about":[{"href":"https:\/\/investnews.com.br\/inv-api\/wp\/v2\/types\/post"}],"author":[{"embeddable":true,"href":"https:\/\/investnews.com.br\/inv-api\/wp\/v2\/users\/61"}],"replies":[{"embeddable":true,"href":"https:\/\/investnews.com.br\/inv-api\/wp\/v2\/comments?post=368925"}],"version-history":[{"count":7,"href":"https:\/\/investnews.com.br\/inv-api\/wp\/v2\/posts\/368925\/revisions"}],"predecessor-version":[{"id":368932,"href":"https:\/\/investnews.com.br\/inv-api\/wp\/v2\/posts\/368925\/revisions\/368932"}],"wp:featuredmedia":[{"embeddable":true,"href":"https:\/\/investnews.com.br\/inv-api\/wp\/v2\/media\/8528"}],"wp:attachment":[{"href":"https:\/\/investnews.com.br\/inv-api\/wp\/v2\/media?parent=368925"}],"wp:term":[{"taxonomy":"category","embeddable":true,"href":"https:\/\/investnews.com.br\/inv-api\/wp\/v2\/categories?post=368925"},{"taxonomy":"post_tag","embeddable":true,"href":"https:\/\/investnews.com.br\/inv-api\/wp\/v2\/tags?post=368925"},{"taxonomy":"autor-wsj","embeddable":true,"href":"https:\/\/investnews.com.br\/inv-api\/wp\/v2\/autor-wsj?post=368925"},{"taxonomy":"author","embeddable":true,"href":"https:\/\/investnews.com.br\/inv-api\/wp\/v2\/coauthors?post=368925"}],"curies":[{"name":"wp","href":"https:\/\/api.w.org\/{rel}","templated":true}]}}