{"id":369074,"date":"2022-10-03T06:30:00","date_gmt":"2022-10-03T09:30:00","guid":{"rendered":"https:\/\/investnews.com.br\/?p=369074"},"modified":"2024-06-24T15:00:54","modified_gmt":"2024-06-24T18:00:54","slug":"seolo-puxa-fila-de-15-lancamentos-da-vw-ate-2025","status":"publish","type":"post","link":"https:\/\/investnews.com.br\/colunistas\/seolo-puxa-fila-de-15-lancamentos-da-vw-ate-2025\/","title":{"rendered":"Polo puxa fila de 15 lan\u00e7amentos da VW at\u00e9 2025"},"content":{"rendered":"\n<p>O novo Volkswagen Polo \u00e9 apenas a primeira de uma s\u00e9rie de novidades que a fabricante alem\u00e3 apresentar\u00e1 nos pr\u00f3ximos anos.<\/p>\n\n\n\n<p>A promessa \u00e9 de ter 15 estr\u00e9ias, entre novas vers\u00f5es e modelos in\u00e9ditos. A conta cai para 13 porque dois deles j\u00e1 foram apresentados: al\u00e9m do novo Polo, o Jetta GLI faz parte do &#8220;pacot\u00e3o&#8221;.<\/p>\n\n\n\n<h2 class=\"wp-block-heading\">Polo ficou mais barato, mas perdeu pot\u00eancia&nbsp;<\/h2>\n\n\n\n<figure class=\"wp-block-image size-large\"><img loading=\"lazy\" decoding=\"async\" width=\"738\" height=\"415\" src=\"https:\/\/media.investnews.com.br\/uploads\/2022\/09\/images-3.jpeg\" alt=\"\" class=\"wp-image-369081\" srcset=\"https:\/\/media.investnews.com.br\/uploads\/2022\/09\/images-3.jpeg 738w, https:\/\/media.investnews.com.br\/uploads\/2022\/09\/images-3-300x169.jpeg 300w, https:\/\/media.investnews.com.br\/uploads\/2022\/09\/images-3-172x97.jpeg 172w, https:\/\/media.investnews.com.br\/uploads\/2022\/09\/images-3-150x84.jpeg 150w\" sizes=\"auto, (max-width: 738px) 100vw, 738px\" \/><\/figure>\n\n\n\n<p>Antes de falar dos futuros lan\u00e7amentos, vamos nos ater ao novo Polo. Esta \u00e9 a primeira reestiliza\u00e7\u00e3o da gera\u00e7\u00e3o apresentada em 2017. Se at\u00e9 ent\u00e3o o &#8220;nosso&#8221; Polo estava em conformidade com o modelo europeu, os caminhos se separam no design.<\/p>\n\n\n\n<p>Enquanto o hatch vendido na Europa tem um visual mais alinhado ao Golf 8 (que n\u00e3o \u00e9 vendido aqui), o Polo brasileiro teve mudan\u00e7as bem mais discretas no estilo. Na frente, os far\u00f3is ganharam novo formato e para-choque redesenhado, al\u00e9m do novo logotipo da VW que estreou no Nivus. Atr\u00e1s, as lanternas s\u00e3o as mesmas e receberam apenas novas lentes.<\/p>\n\n\n\n<p>O modelo chega \u00e0s lojas em quatro vers\u00f5es, com pre\u00e7os que variam de R$ 82.990 na MPI a R$ 109.990 na Highline. Curiosamente, a VW reduziu os pre\u00e7os do Polo em at\u00e9 R$ 7 mil, em um movimento raro na ind\u00fastria.<\/p>\n\n\n\n<p>Parte dessa medida \u00e9 justificada pela ado\u00e7\u00e3o de uma nova calibra\u00e7\u00e3o no motor 1.0 turbo. Em vez de render os 128 cv e 20,4 kgfm do modelo anterior, agora os n\u00fameros s\u00e3o 116 cv e 16,8 kgfm.<\/p>\n\n\n\n<p>Na vers\u00e3o de entrada nada mudou: o motor 1.0 MPI de 84 cv e 10,3 kgfm segue em linha apenas com c\u00e2mbio manual de cinco marchas.&nbsp;<\/p>\n\n\n\n<h2 class=\"wp-block-heading\">E quais s\u00e3o as outras novidades?<\/h2>\n\n\n\n<figure class=\"wp-block-image size-full is-resized\"><img loading=\"lazy\" decoding=\"async\" src=\"https:\/\/media.investnews.com.br\/uploads\/2022\/09\/images-4.jpeg\" alt=\"\" class=\"wp-image-369082\" width=\"720\" height=\"380\" srcset=\"https:\/\/media.investnews.com.br\/uploads\/2022\/09\/images-4.jpeg 565w, https:\/\/media.investnews.com.br\/uploads\/2022\/09\/images-4-300x158.jpeg 300w, https:\/\/media.investnews.com.br\/uploads\/2022\/09\/images-4-172x91.jpeg 172w, https:\/\/media.investnews.com.br\/uploads\/2022\/09\/images-4-150x79.jpeg 150w\" sizes=\"auto, (max-width: 720px) 100vw, 720px\" \/><\/figure>\n\n\n\n<p>Obviamente a VW faz mist\u00e9rio sobre os pr\u00f3ximos lan\u00e7amentos. Alguns deles, por\u00e9m, j\u00e1 s\u00e3o conhecidos, e foram revelados pela pr\u00f3pria fabricante.<\/p>\n\n\n\n<p>S\u00e3o os casos do el\u00e9trico ID.4, que participa de eventos da VW, e do Polo Track. Sobre este \u00faltimo, ele ser\u00e1 uma vers\u00e3o simplificada do Polo que acaba de sair de linha. Deve ter adere\u00e7os pra refor\u00e7ar o visual aventureiro e ser vendido apenas com o motor 1.0 MPI. O hatch \u00e9 cotado para ocupar o lugar deixado pelo Gol, que, mesmo vendendo bem, est\u00e1 prestes a se aposentar ap\u00f3s 42 anos de estrada.<\/p>\n\n\n\n<p>O Virtus reestilizado tamb\u00e9m vai dar as caras em breve, assim como as vers\u00f5es esportivas GTS de Polo e Virtus. T-Cross e Nivus devem ganhar reestliza\u00e7\u00f5es nessa ordem, assim como Amarok e Taos. Este \u00faltimo, ali\u00e1s, completar\u00e1 quatro anos de uso em 2025.<\/p>\n\n\n\n<p>Por fim, existem os projetos que est\u00e3o em fase de desenvolvimento e ainda levar\u00e3o algum tempo para estrear. S\u00e3o os casos do futuro SUV compacto abaixo do Nivus (que, dizem, preencher\u00e1 a lacuna deixada pelo Gol) e&nbsp; da picape Tarok, uma eterna promessa que j\u00e1 virou at\u00e9 conceito, mas ainda n\u00e3o teve sua produ\u00e7\u00e3o confirmada.<\/p>\n\n\n\n<figure class=\"wp-block-table\"><table class=\"has-subtle-light-gray-background-color has-background\"><tbody><tr><td><em>*<strong>Vitor Matsubara<\/strong>&nbsp;\u00e9 jornalista automotivo e editor do Primeira Marcha. Tem passagens por Quatro Rodas, de 2008 a 2018, e UOL Carros, de 2018 a 2020.<\/em><\/td><\/tr><\/tbody><\/table><\/figure>\n\n\n\n<p><em>As informa\u00e7\u00f5es desta coluna s\u00e3o de inteira responsabilidade do autor e n\u00e3o do InvestNews e das institui\u00e7\u00f5es com as quais ele possui liga\u00e7\u00e3o.&nbsp;<\/em><\/p>\n\n\n\n<h4 class=\"wp-block-heading\">Veja tamb\u00e9m<\/h4>\n\n\n\n<ul class=\"wp-block-list\"><li>Evento automotivo indica <a href=\"https:\/\/investnews.com.br\/colunistas\/primeira-marcha\/evento-automotivo-indica-recuperacao-da-industria-expectativas-de-eletrificacao\/\" class=\"rank-math-link\">recupera\u00e7\u00e3o da ind\u00fastria<\/a> e eletrifica\u00e7\u00e3o de carros<\/li><li>Por que o novo C3 vai definir o futuro da&nbsp;<a rel=\"noreferrer noopener\" href=\"https:\/\/investnews.com.br\/colunistas\/primeira-marcha\/por-que-o-novo-c3-vai-definir-o-futuro-da-citroen-no-brasil\/\" target=\"_blank\">Citro\u00ebn no Brasil<\/a><\/li><li><a rel=\"noreferrer noopener\" href=\"https:\/\/investnews.com.br\/colunistas\/primeira-marcha\/fiat-fastback-e-o-desafio-de-criar-novidades-sem-gastar-tanto-dinheiro\/\" target=\"_blank\">Fiat Fastback&nbsp;<\/a>e o desafio de criar novidades sem gastar tanto dinheiro<\/li><li>Por que o&nbsp;<a rel=\"noreferrer noopener\" href=\"https:\/\/investnews.com.br\/colunistas\/primeira-marcha\/por-que-o-vw-gol-voltou-a-ser-o-carro-mais-vendido-do-brasil\/\" target=\"_blank\">Gol voltou a ser o carro mais vendido<\/a>&nbsp;do Brasil?<\/li><li><a rel=\"noreferrer noopener\" href=\"https:\/\/investnews.com.br\/colunistas\/primeira-marcha\/hyundai-aposta-fichas-no-novo-hb20-para-garantir-lideranca-e-se-livrar-do-onix\/\" target=\"_blank\">Hyundai aposta fichas no novo HB20<\/a>&nbsp;para garantir lideran\u00e7a e se livrar do Onix<\/li><li>VW Jetta GLI \u00e9 exemplo de&nbsp;<a rel=\"noreferrer noopener\" href=\"https:\/\/investnews.com.br\/colunistas\/primeira-marcha\/vw-jetta-gli-e-exemplo-de-segmento-que-vai-sumir-nos-proximos-anos\/\" target=\"_blank\">segmento que vai sumir<\/a>&nbsp;nos pr\u00f3ximos anos<\/li><\/ul>\n","protected":false},"excerpt":{"rendered":"<p>Lista de novidades inclui Virtus, ID.4 e at\u00e9 SUV que tomaria lugar do Gol. <\/p>\n","protected":false},"author":55,"featured_media":369080,"comment_status":"closed","ping_status":"open","sticky":false,"template":"","format":"standard","meta":{"_acf_changed":false,"inline_featured_image":false,"footnotes":""},"categories":[2063],"tags":[297,817],"autor-wsj":[],"coauthors":[2456],"class_list":["post-369074","post","type-post","status-publish","format-standard","has-post-thumbnail","hentry","category-colunistas","tag-carros","tag-producao-industrial"],"acf":[],"amp_enabled":true,"_links":{"self":[{"href":"https:\/\/investnews.com.br\/inv-api\/wp\/v2\/posts\/369074","targetHints":{"allow":["GET"]}}],"collection":[{"href":"https:\/\/investnews.com.br\/inv-api\/wp\/v2\/posts"}],"about":[{"href":"https:\/\/investnews.com.br\/inv-api\/wp\/v2\/types\/post"}],"author":[{"embeddable":true,"href":"https:\/\/investnews.com.br\/inv-api\/wp\/v2\/users\/55"}],"replies":[{"embeddable":true,"href":"https:\/\/investnews.com.br\/inv-api\/wp\/v2\/comments?post=369074"}],"version-history":[{"count":12,"href":"https:\/\/investnews.com.br\/inv-api\/wp\/v2\/posts\/369074\/revisions"}],"predecessor-version":[{"id":370755,"href":"https:\/\/investnews.com.br\/inv-api\/wp\/v2\/posts\/369074\/revisions\/370755"}],"wp:featuredmedia":[{"embeddable":true,"href":"https:\/\/investnews.com.br\/inv-api\/wp\/v2\/media\/369080"}],"wp:attachment":[{"href":"https:\/\/investnews.com.br\/inv-api\/wp\/v2\/media?parent=369074"}],"wp:term":[{"taxonomy":"category","embeddable":true,"href":"https:\/\/investnews.com.br\/inv-api\/wp\/v2\/categories?post=369074"},{"taxonomy":"post_tag","embeddable":true,"href":"https:\/\/investnews.com.br\/inv-api\/wp\/v2\/tags?post=369074"},{"taxonomy":"autor-wsj","embeddable":true,"href":"https:\/\/investnews.com.br\/inv-api\/wp\/v2\/autor-wsj?post=369074"},{"taxonomy":"author","embeddable":true,"href":"https:\/\/investnews.com.br\/inv-api\/wp\/v2\/coauthors?post=369074"}],"curies":[{"name":"wp","href":"https:\/\/api.w.org\/{rel}","templated":true}]}}