{"id":369277,"date":"2022-09-29T09:09:40","date_gmt":"2022-09-29T12:09:40","guid":{"rendered":"https:\/\/investnews.com.br\/?p=369277"},"modified":"2022-09-29T09:25:13","modified_gmt":"2022-09-29T12:25:13","slug":"igp-m-tem-deflacao-de-095-em-setembro-diz-fgv","status":"publish","type":"post","link":"https:\/\/investnews.com.br\/economia\/igp-m-tem-deflacao-de-095-em-setembro-diz-fgv\/","title":{"rendered":"IGP-M tem defla\u00e7\u00e3o de 0,95% em setembro, diz FGV"},"content":{"rendered":"\n<p>O <strong>\u00cdndice Geral de Pre\u00e7os-Mercado<\/strong> (<a href=\"https:\/\/investnews.com.br\/guias\/igp-m\/\">IGP-M<\/a>) registrou <a href=\"https:\/\/investnews.com.br\/guias\/deflacao\/\">defla\u00e7\u00e3o<\/a> de 0,95% em setembro, ap\u00f3s queda de 0,70% em agosto, informou nesta quinta-feira (29) a Funda\u00e7\u00e3o Getulio Vargas (FGV). <\/p>\n\n\n\n<figure class=\"wp-block-image size-large\"><img loading=\"lazy\" decoding=\"async\" width=\"895\" height=\"540\" src=\"https:\/\/media.investnews.com.br\/uploads\/2022\/09\/igp.png\" alt=\"\" class=\"wp-image-369306\" srcset=\"https:\/\/media.investnews.com.br\/uploads\/2022\/09\/igp.png 895w, https:\/\/media.investnews.com.br\/uploads\/2022\/09\/igp-300x181.png 300w, https:\/\/media.investnews.com.br\/uploads\/2022\/09\/igp-768x463.png 768w, https:\/\/media.investnews.com.br\/uploads\/2022\/09\/igp-172x104.png 172w, https:\/\/media.investnews.com.br\/uploads\/2022\/09\/igp-150x91.png 150w\" sizes=\"auto, (max-width: 895px) 100vw, 895px\" \/><\/figure>\n\n\n\n<p>A queda foi maior do que indicava a mediana da pesquisa&nbsp;Proje\u00e7\u00f5es Broadcast, de -0,89%, com estimativas de -1,10% a -0,20%.<\/p>\n\n\n\n<p>A infla\u00e7\u00e3o acumulada em 12 meses pelo IGP-M arrefeceu de 8,59% para 8,25%, abaixo da estimativa intermedi\u00e1ria do levantamento, de 8,31%. No ano de 2022, o indicador acumula alta de 6,61%.<\/p>\n\n\n\n<figure class=\"wp-block-image size-large\"><img loading=\"lazy\" decoding=\"async\" width=\"895\" height=\"540\" src=\"https:\/\/media.investnews.com.br\/uploads\/2022\/09\/ipg2.png\" alt=\"\" class=\"wp-image-369308\" srcset=\"https:\/\/media.investnews.com.br\/uploads\/2022\/09\/ipg2.png 895w, https:\/\/media.investnews.com.br\/uploads\/2022\/09\/ipg2-300x181.png 300w, https:\/\/media.investnews.com.br\/uploads\/2022\/09\/ipg2-768x463.png 768w, https:\/\/media.investnews.com.br\/uploads\/2022\/09\/ipg2-172x104.png 172w, https:\/\/media.investnews.com.br\/uploads\/2022\/09\/ipg2-150x91.png 150w\" sizes=\"auto, (max-width: 895px) 100vw, 895px\" \/><\/figure>\n\n\n\n<p>A defla\u00e7\u00e3o do IGP-M de setembro foi puxada pelo<strong> \u00cdndice de Pre\u00e7os ao Produtor Amplo <\/strong>(IPA-M), que caiu 1,27%, ante queda de 0,71% em agosto. O \u00edndice de pre\u00e7os no atacado acumula varia\u00e7\u00e3o de 8,59% em 12 meses.<\/p>\n\n\n\n<p>O <strong>\u00cdndice de Pre\u00e7os ao Consumidor <\/strong>(IPC-M), por sua vez, teve queda de 0,08%, ante defla\u00e7\u00e3o de 1,18% em agosto, com infla\u00e7\u00e3o acumulada de 5,59% em 12 meses. O<strong> \u00cdndice Nacional de Custo da Constru\u00e7\u00e3o<\/strong> (INCC-M) recuou de 0,33% para 0,10%, conforme j\u00e1 divulgado pela FGV. A alta acumulada em 12 meses \u00e9 de 10,89%.<\/p>\n\n\n\n<figure class=\"wp-block-image size-large\"><img loading=\"lazy\" decoding=\"async\" width=\"1024\" height=\"768\" src=\"https:\/\/media.investnews.com.br\/uploads\/2022\/07\/2022-07-19T121750Z_1_LYNXMPEI6I0JE_RTROPTP_4_ENERGIA-ETANOL-PRECO-1024x768.jpg\" alt=\"Frentista abastece ve\u00edculo em posto\" class=\"wp-image-346801\" srcset=\"https:\/\/media.investnews.com.br\/uploads\/2022\/07\/2022-07-19T121750Z_1_LYNXMPEI6I0JE_RTROPTP_4_ENERGIA-ETANOL-PRECO-1024x768.jpg 1024w, https:\/\/media.investnews.com.br\/uploads\/2022\/07\/2022-07-19T121750Z_1_LYNXMPEI6I0JE_RTROPTP_4_ENERGIA-ETANOL-PRECO-300x225.jpg 300w, https:\/\/media.investnews.com.br\/uploads\/2022\/07\/2022-07-19T121750Z_1_LYNXMPEI6I0JE_RTROPTP_4_ENERGIA-ETANOL-PRECO-768x576.jpg 768w, https:\/\/media.investnews.com.br\/uploads\/2022\/07\/2022-07-19T121750Z_1_LYNXMPEI6I0JE_RTROPTP_4_ENERGIA-ETANOL-PRECO-1536x1152.jpg 1536w, https:\/\/media.investnews.com.br\/uploads\/2022\/07\/2022-07-19T121750Z_1_LYNXMPEI6I0JE_RTROPTP_4_ENERGIA-ETANOL-PRECO-1245x934.jpg 1245w, https:\/\/media.investnews.com.br\/uploads\/2022\/07\/2022-07-19T121750Z_1_LYNXMPEI6I0JE_RTROPTP_4_ENERGIA-ETANOL-PRECO-172x129.jpg 172w, https:\/\/media.investnews.com.br\/uploads\/2022\/07\/2022-07-19T121750Z_1_LYNXMPEI6I0JE_RTROPTP_4_ENERGIA-ETANOL-PRECO-150x113.jpg 150w, https:\/\/media.investnews.com.br\/uploads\/2022\/07\/2022-07-19T121750Z_1_LYNXMPEI6I0JE_RTROPTP_4_ENERGIA-ETANOL-PRECO.jpg 2048w\" sizes=\"auto, (max-width: 1024px) 100vw, 1024px\" \/><figcaption>Frentista abastece ve\u00edculo em posto de combust\u00edveis em Cuiab\u00e1. Cr\u00e9dito: REUTERS\/Marcelo Teixeira<\/figcaption><\/figure>\n","protected":false},"excerpt":{"rendered":"<p>A infla\u00e7\u00e3o acumulada em 12 meses pelo \u00edndice arrefeceu de 8,59% para 8,25%; no ano de 2022, o indicador acumula alta de 6,61%.<\/p>\n","protected":false},"author":62,"featured_media":238580,"comment_status":"closed","ping_status":"open","sticky":false,"template":"","format":"standard","meta":{"_acf_changed":false,"inline_featured_image":false,"footnotes":""},"categories":[5],"tags":[743,52],"autor-wsj":[],"coauthors":[2499],"class_list":["post-369277","post","type-post","status-publish","format-standard","has-post-thumbnail","hentry","category-economia","tag-igp-m","tag-inflacao"],"acf":[],"amp_enabled":true,"_links":{"self":[{"href":"https:\/\/investnews.com.br\/inv-api\/wp\/v2\/posts\/369277","targetHints":{"allow":["GET"]}}],"collection":[{"href":"https:\/\/investnews.com.br\/inv-api\/wp\/v2\/posts"}],"about":[{"href":"https:\/\/investnews.com.br\/inv-api\/wp\/v2\/types\/post"}],"author":[{"embeddable":true,"href":"https:\/\/investnews.com.br\/inv-api\/wp\/v2\/users\/62"}],"replies":[{"embeddable":true,"href":"https:\/\/investnews.com.br\/inv-api\/wp\/v2\/comments?post=369277"}],"version-history":[{"count":10,"href":"https:\/\/investnews.com.br\/inv-api\/wp\/v2\/posts\/369277\/revisions"}],"predecessor-version":[{"id":369309,"href":"https:\/\/investnews.com.br\/inv-api\/wp\/v2\/posts\/369277\/revisions\/369309"}],"wp:featuredmedia":[{"embeddable":true,"href":"https:\/\/investnews.com.br\/inv-api\/wp\/v2\/media\/238580"}],"wp:attachment":[{"href":"https:\/\/investnews.com.br\/inv-api\/wp\/v2\/media?parent=369277"}],"wp:term":[{"taxonomy":"category","embeddable":true,"href":"https:\/\/investnews.com.br\/inv-api\/wp\/v2\/categories?post=369277"},{"taxonomy":"post_tag","embeddable":true,"href":"https:\/\/investnews.com.br\/inv-api\/wp\/v2\/tags?post=369277"},{"taxonomy":"autor-wsj","embeddable":true,"href":"https:\/\/investnews.com.br\/inv-api\/wp\/v2\/autor-wsj?post=369277"},{"taxonomy":"author","embeddable":true,"href":"https:\/\/investnews.com.br\/inv-api\/wp\/v2\/coauthors?post=369277"}],"curies":[{"name":"wp","href":"https:\/\/api.w.org\/{rel}","templated":true}]}}