{"id":369775,"date":"2022-09-30T13:04:00","date_gmt":"2022-09-30T16:04:00","guid":{"rendered":"https:\/\/investnews.com.br\/?p=369775"},"modified":"2022-09-30T13:04:02","modified_gmt":"2022-09-30T16:04:02","slug":"mme-abre-consulta-sobre-mercado-da-compra-de-energia-pelo-consumidor","status":"publish","type":"post","link":"https:\/\/investnews.com.br\/negocios\/mme-abre-consulta-sobre-mercado-da-compra-de-energia-pelo-consumidor\/","title":{"rendered":"MME abre consulta sobre mercado da compra de energia pelo consumidor"},"content":{"rendered":"\n<p>O <strong>Minist\u00e9rio de Minas e Energia<\/strong> (<a href=\"https:\/\/investnews.com.br\/tag\/ministerio-de-minas-e-energia\/\" class=\"rank-math-link\">MME<\/a>) abriu uma consulta p\u00fablica que pretende dar aos <a class=\"rank-math-link\" href=\"https:\/\/investnews.com.br\/geral\/governo-abre-mercado-livre-de-energia-eletrica-aos-consumidores-de-alta-tensao\/\">consumidores de energia el\u00e9trica <\/a>a possibilidade de escolher qual empresa ser\u00e1 sua fornecedora, de forma a ampliar a competi\u00e7\u00e3o nesse segmento.<\/p>\n\n\n\n<p>A consulta p\u00fablica, prevista na <strong>Portaria 690\/22<\/strong> publicada no <strong>Di\u00e1rio Oficial da Uni\u00e3o<\/strong> de hoje (30), debater\u00e1 a possibilidade de o consumidor residencial escolher o seu fornecedor livremente a partir de 2028. Para os consumidores comercial e industrial, a possibilidade de escolha valeria a partir de 2026.<\/p>\n\n\n\n<p>De acordo com o MME, a consulta p\u00fablica receber\u00e1 contribui\u00e7\u00f5es at\u00e9 o dia 1\u00ba de novembro, discutindo a minuta que \u201cpermite a todos os consumidores de baixa tens\u00e3o comprar energia el\u00e9trica de qualquer fornecedor\u201d.<\/p>\n\n\n\n<p>\u201cAmpliando a prerrogativa dada aos consumidores de alta tens\u00e3o, a proposta traz maior liberdade de escolha tamb\u00e9m para os consumidores de baixa tens\u00e3o, incluindo os residenciais, comerciais e industriais\u201d, informou o MME.<\/p>\n\n\n\n<figure class=\"wp-block-image size-large\"><img loading=\"lazy\" decoding=\"async\" width=\"1024\" height=\"613\" src=\"https:\/\/media.investnews.com.br\/uploads\/2022\/09\/conta_de_energia_mcajr_abr2907221114-1024x613.jpg\" alt=\"\" class=\"wp-image-369776\" srcset=\"https:\/\/media.investnews.com.br\/uploads\/2022\/09\/conta_de_energia_mcajr_abr2907221114-1024x613.jpg 1024w, https:\/\/media.investnews.com.br\/uploads\/2022\/09\/conta_de_energia_mcajr_abr2907221114-300x179.jpg 300w, https:\/\/media.investnews.com.br\/uploads\/2022\/09\/conta_de_energia_mcajr_abr2907221114-768x459.jpg 768w, https:\/\/media.investnews.com.br\/uploads\/2022\/09\/conta_de_energia_mcajr_abr2907221114-172x103.jpg 172w, https:\/\/media.investnews.com.br\/uploads\/2022\/09\/conta_de_energia_mcajr_abr2907221114-150x90.jpg 150w, https:\/\/media.investnews.com.br\/uploads\/2022\/09\/conta_de_energia_mcajr_abr2907221114.jpg 1170w\" sizes=\"auto, (max-width: 1024px) 100vw, 1024px\" \/><figcaption>Conta de energia el\u00e9trica<\/figcaption><\/figure>\n\n\n\n<p>A pasta acredita que, ao permitir o acesso de consumidores a outros fornecedores de energia, conseguir\u00e1 ampliar a competitividade do setor, de forma a melhorar a qualidade do servi\u00e7o, inclusive resultando na diminui\u00e7\u00e3o de custos para o consumidor final.<\/p>\n\n\n\n<p>\u201cA abertura proporciona autonomia ao consumidor, que poder\u00e1 gerenciar suas prefer\u00eancias, podendo optar por produtos que atendam melhor seu perfil de consumo, como os hor\u00e1rios em que necessita consumir mais energia\u201d, explica o MME.<\/p>\n\n\n\n<p>A proposta manter\u00e1 a \u201csegrega\u00e7\u00e3o entre atacado e varejo\u201d. Dessa forma, consumidores da baixa tens\u00e3o que decidirem acessar o mercado livre passar\u00e3o a ser representados por um \u201cagente varejista\u201d junto \u00e0 <strong>C\u00e2mara de Comercializa\u00e7\u00e3o de Energia El\u00e9trica<\/strong> (<a class=\"rank-math-link\" href=\"https:\/\/investnews.com.br\/geral\/consumo-nacional-de-energia-eletrica-cresce-12-em-maio\/\">CCEE<\/a>).<\/p>\n","protected":false},"excerpt":{"rendered":"<p>Escolha de fornecedor de energia valeria a partir de 2026.<\/p>\n","protected":false},"author":63,"featured_media":369776,"comment_status":"closed","ping_status":"open","sticky":false,"template":"","format":"standard","meta":{"_acf_changed":false,"inline_featured_image":false,"footnotes":""},"categories":[6],"tags":[824,1520],"autor-wsj":[],"coauthors":[2490],"class_list":["post-369775","post","type-post","status-publish","format-standard","has-post-thumbnail","hentry","category-negocios","tag-energia","tag-ministerio-de-minas-e-energia"],"acf":[],"amp_enabled":true,"_links":{"self":[{"href":"https:\/\/investnews.com.br\/inv-api\/wp\/v2\/posts\/369775","targetHints":{"allow":["GET"]}}],"collection":[{"href":"https:\/\/investnews.com.br\/inv-api\/wp\/v2\/posts"}],"about":[{"href":"https:\/\/investnews.com.br\/inv-api\/wp\/v2\/types\/post"}],"author":[{"embeddable":true,"href":"https:\/\/investnews.com.br\/inv-api\/wp\/v2\/users\/63"}],"replies":[{"embeddable":true,"href":"https:\/\/investnews.com.br\/inv-api\/wp\/v2\/comments?post=369775"}],"version-history":[{"count":2,"href":"https:\/\/investnews.com.br\/inv-api\/wp\/v2\/posts\/369775\/revisions"}],"predecessor-version":[{"id":369780,"href":"https:\/\/investnews.com.br\/inv-api\/wp\/v2\/posts\/369775\/revisions\/369780"}],"wp:featuredmedia":[{"embeddable":true,"href":"https:\/\/investnews.com.br\/inv-api\/wp\/v2\/media\/369776"}],"wp:attachment":[{"href":"https:\/\/investnews.com.br\/inv-api\/wp\/v2\/media?parent=369775"}],"wp:term":[{"taxonomy":"category","embeddable":true,"href":"https:\/\/investnews.com.br\/inv-api\/wp\/v2\/categories?post=369775"},{"taxonomy":"post_tag","embeddable":true,"href":"https:\/\/investnews.com.br\/inv-api\/wp\/v2\/tags?post=369775"},{"taxonomy":"autor-wsj","embeddable":true,"href":"https:\/\/investnews.com.br\/inv-api\/wp\/v2\/autor-wsj?post=369775"},{"taxonomy":"author","embeddable":true,"href":"https:\/\/investnews.com.br\/inv-api\/wp\/v2\/coauthors?post=369775"}],"curies":[{"name":"wp","href":"https:\/\/api.w.org\/{rel}","templated":true}]}}