{"id":370502,"date":"2022-10-03T20:00:00","date_gmt":"2022-10-03T23:00:00","guid":{"rendered":"https:\/\/investnews.com.br\/?p=370502"},"modified":"2024-06-25T15:32:52","modified_gmt":"2024-06-25T18:32:52","slug":"ficou-sabendo-mercado-livre-ofertara-consorcios-arbitragem-contra-oi-e-mais","status":"publish","type":"post","link":"https:\/\/investnews.com.br\/economia\/ficou-sabendo-mercado-livre-ofertara-consorcios-arbitragem-contra-oi-e-mais\/","title":{"rendered":"Ficou sabendo? Mercado Livre ofertar\u00e1 cons\u00f3rcios; arbitragem contra Oi e mais"},"content":{"rendered":"\n<h2 class=\"wp-block-heading\">Mercado&nbsp;Livre fecha parceria com Embracon para oferta de cons\u00f3rcios<\/h2>\n\n\n\n<p>O&nbsp;<strong>Mercado&nbsp;Livre<\/strong> (<a class=\"rank-math-link\" href=\"https:\/\/investnews.com.br\/cotacao\/meli34-mercadolibre-inc\/\">MELI34<\/a>)&nbsp;anunciou nesta segunda-feira uma parceria inicial de um ano com a administradora de cons\u00f3rcios Embracon para oferecer o servi\u00e7o na plataforma da varejista.<\/p>\n\n\n\n<p>A Embracon, especializada em <a href=\"https:\/\/investnews.com.br\/guias\/o-que-e-consorcio\/\">cons\u00f3rcio<\/a> de autom\u00f3veis, motos e im\u00f3veis, ser\u00e1 a primeira administradora de cons\u00f3rcios a atuar na plataforma do&nbsp;Mercado&nbsp;Livre, disse Lu\u00eds Toscano, vice-presidente de neg\u00f3cios da&nbsp;Embracon, em comunicado.<\/p>\n\n\n\n<p>Al\u00e9m de uma loja oficial, a Embracon ainda ter\u00e1 an\u00fancios em buscas org\u00e2nicas na plataforma do&nbsp;Mercado&nbsp;Livre, como alternativa junto aos financiamentos pr\u00e9-aprovados.<\/p>\n\n\n\n<p>O modelo de cons\u00f3rcio &#8220;\u00e9 uma forma de complementar ainda mais a experi\u00eancia que oferecemos em nossa plataforma&#8221;, disse Luciano \u00c1vila, head da unidade de motores do&nbsp;Mercado&nbsp;Livre no Brasil, no comunicado.<\/p>\n\n\n\n<h2 class=\"wp-block-heading\"><strong>JBS&nbsp;fecha neg\u00f3cio de alimentos com base vegetal nos EUA<\/strong><\/h2>\n\n\n\n<p>O bra\u00e7o norte-americano do frigor\u00edfico brasileiro&nbsp;<strong>JBS<\/strong>&nbsp;(<a href=\"https:\/\/investnews.com.br\/cotacao\/jbss3-jbs\/\" class=\"rank-math-link\">JBSS3<\/a>) est\u00e1 fechando seu neg\u00f3cio de alimentos \u00e0 base de plantas nos Estados Unidos, a Planterra Foods, ap\u00f3s cerca de dois anos, disse a empresa nesta segunda-feira.<\/p>\n\n\n\n<p>&#8220;A&nbsp;JBS concentrar\u00e1 em suas opera\u00e7\u00f5es &#8216;plant-based&#8217; no Brasil e na Europa. Essas opera\u00e7\u00f5es \u201ccontinuam ganhando participa\u00e7\u00e3o de mercado e expandindo suas respectivas bases de clientes\u201d, disse Nikki Richardson, porta-voz da&nbsp;JBS&nbsp;USA<\/p>\n\n\n\n<p>A Planterra, com sede no Colorado, vendia alimentos com base vegetal sob a marca Ozo e, em julho, disse que era &#8220;a prote\u00edna \u00e0 base de plantas oficial&#8221; do time de beisebol Chicago Cubs.<\/p>\n\n\n\n<h2 class=\"wp-block-heading\">TIM, Telef\u00f4nica Brasil e Claro v\u00e3o levar Oi para arbitragem<\/h2>\n\n\n\n<p>As operadoras de telecomunica\u00e7\u00e3o&nbsp;<strong>TIM<\/strong> (<a href=\"https:\/\/investnews.com.br\/cotacao\/tims3-tim\/\" class=\"rank-math-link\">TIMS3<\/a>), Telef\u00f4nica Brasil, que opera a marca <strong>Vivo<\/strong> (<a href=\"https:\/\/investnews.com.br\/cotacao\/vivt3-vivt4-telefonica-brasil\/\" class=\"rank-math-link\">VIVT3<\/a>), e <strong>Claro <\/strong>iniciar\u00e3o arbitragem contra a <strong>Oi <\/strong>(<a href=\"https:\/\/investnews.com.br\/cotacao\/oibr4-oi\/\" class=\"rank-math-link\">OIBR4<\/a>) em rela\u00e7\u00e3o a supostos descumprimentos de termos do contrato da venda de ativos de telefonia m\u00f3vel \u00e0s tr\u00eas empresas.<\/p>\n\n\n\n<p>O procedimento arbitral foi anunciado nesta segunda-feira por&nbsp;TIM, Telef\u00f4nica Brasil e Claro. A Oi n\u00e3o respondeu imediatamente a pedido de coment\u00e1rio enviado pela Reuters.<\/p>\n\n\n\n<p>A arbitragem viria ap\u00f3s as tr\u00eas operadoras pedirem, em meados de setembro, uma redu\u00e7\u00e3o de R$ 3,2 bilh\u00f5es no pre\u00e7o total da compra, alegando diverg\u00eancias em informa\u00e7\u00f5es t\u00e9cnicas sobre os ativos de telefonia m\u00f3vel.<\/p>\n\n\n\n<p>A&nbsp;TIM&nbsp;disse nesta segunda-feira que diante do que classificou como &#8220;viola\u00e7\u00e3o expressa&#8221; da Oi aos mecanismos de resolu\u00e7\u00e3o de disputas previstos no contrato, &#8220;n\u00e3o restou outra alternativas \u00e0s compradoras sen\u00e3o ingressar com procedimento arbitral&#8221;.<\/p>\n\n\n\n<figure class=\"wp-block-image size-large\"><img loading=\"lazy\" decoding=\"async\" width=\"1024\" height=\"526\" src=\"https:\/\/media.investnews.com.br\/uploads\/2022\/08\/oi-1-1024x526.jpg\" alt=\"Loja da Oi em S\u00e3o Paulo\" class=\"wp-image-359876\" srcset=\"https:\/\/media.investnews.com.br\/uploads\/2022\/08\/oi-1-1024x526.jpg 1024w, https:\/\/media.investnews.com.br\/uploads\/2022\/08\/oi-1-300x154.jpg 300w, https:\/\/media.investnews.com.br\/uploads\/2022\/08\/oi-1-768x395.jpg 768w, https:\/\/media.investnews.com.br\/uploads\/2022\/08\/oi-1-1536x789.jpg 1536w, https:\/\/media.investnews.com.br\/uploads\/2022\/08\/oi-1-1256x645.jpg 1256w, https:\/\/media.investnews.com.br\/uploads\/2022\/08\/oi-1-172x88.jpg 172w, https:\/\/media.investnews.com.br\/uploads\/2022\/08\/oi-1-150x77.jpg 150w, https:\/\/media.investnews.com.br\/uploads\/2022\/08\/oi-1.jpg 2048w\" sizes=\"auto, (max-width: 1024px) 100vw, 1024px\" \/><figcaption>Loja da Oi em S\u00e3o Paulo. Cr\u00e9dito: REUTERS\/Paulo Whitaker<\/figcaption><\/figure>\n\n\n\n<p><em>(*Com informa\u00e7\u00f5es da Reuters.)<\/em><\/p>\n","protected":false},"excerpt":{"rendered":"<p>Mercado Livre fecha parceria com  a Embracon; TIM, Telef\u00f4nica Brasil e Claro v\u00e3o levar Oi para arbitragem; fim de opera\u00e7\u00e3o de prote\u00edna vegetal da JBS nos EUA.<\/p>\n","protected":false},"author":7,"featured_media":271650,"comment_status":"closed","ping_status":"open","sticky":false,"template":"","format":"standard","meta":{"_acf_changed":false,"inline_featured_image":false,"footnotes":""},"categories":[5],"tags":[966,1352,428,145],"autor-wsj":[],"coauthors":[1494],"class_list":["post-370502","post","type-post","status-publish","format-standard","has-post-thumbnail","hentry","category-economia","tag-meli","tag-jbs","tag-oi","tag-timp3"],"acf":[],"amp_enabled":true,"_links":{"self":[{"href":"https:\/\/investnews.com.br\/inv-api\/wp\/v2\/posts\/370502","targetHints":{"allow":["GET"]}}],"collection":[{"href":"https:\/\/investnews.com.br\/inv-api\/wp\/v2\/posts"}],"about":[{"href":"https:\/\/investnews.com.br\/inv-api\/wp\/v2\/types\/post"}],"author":[{"embeddable":true,"href":"https:\/\/investnews.com.br\/inv-api\/wp\/v2\/users\/7"}],"replies":[{"embeddable":true,"href":"https:\/\/investnews.com.br\/inv-api\/wp\/v2\/comments?post=370502"}],"version-history":[{"count":28,"href":"https:\/\/investnews.com.br\/inv-api\/wp\/v2\/posts\/370502\/revisions"}],"predecessor-version":[{"id":370550,"href":"https:\/\/investnews.com.br\/inv-api\/wp\/v2\/posts\/370502\/revisions\/370550"}],"wp:featuredmedia":[{"embeddable":true,"href":"https:\/\/investnews.com.br\/inv-api\/wp\/v2\/media\/271650"}],"wp:attachment":[{"href":"https:\/\/investnews.com.br\/inv-api\/wp\/v2\/media?parent=370502"}],"wp:term":[{"taxonomy":"category","embeddable":true,"href":"https:\/\/investnews.com.br\/inv-api\/wp\/v2\/categories?post=370502"},{"taxonomy":"post_tag","embeddable":true,"href":"https:\/\/investnews.com.br\/inv-api\/wp\/v2\/tags?post=370502"},{"taxonomy":"autor-wsj","embeddable":true,"href":"https:\/\/investnews.com.br\/inv-api\/wp\/v2\/autor-wsj?post=370502"},{"taxonomy":"author","embeddable":true,"href":"https:\/\/investnews.com.br\/inv-api\/wp\/v2\/coauthors?post=370502"}],"curies":[{"name":"wp","href":"https:\/\/api.w.org\/{rel}","templated":true}]}}