{"id":371039,"date":"2022-10-05T08:01:54","date_gmt":"2022-10-05T11:01:54","guid":{"rendered":"https:\/\/investnews.com.br\/?p=371039"},"modified":"2025-09-05T15:10:30","modified_gmt":"2025-09-05T18:10:30","slug":"5-fatos-para-hoje-musk-fala-sobre-twitter-previsao-do-pib-do-brasil-em-2022","status":"publish","type":"post","link":"https:\/\/investnews.com.br\/economia\/5-fatos-para-hoje-musk-fala-sobre-twitter-previsao-do-pib-do-brasil-em-2022\/","title":{"rendered":"3 fatos para hoje: Musk fala sobre Twitter; previs\u00e3o do PIB do Brasil em 2022"},"content":{"rendered":"\n<h2 class=\"wp-block-heading\">1 &#8211; <strong>Musk afirma que comprar o Twitter \u00e9 &#8216;um acelerador para criar o X, o app de tudo&#8217;<\/strong><\/h2>\n\n\n\n<p>O CEO da <strong>Tesla<\/strong> (<a href=\"https:\/\/investnews.com.br\/cotacao\/tsla34-tesla\/\">TSLA34<\/a>), Elon Musk, afirmou nesta ter\u00e7a-feira (4) que comprar o <strong>Twitter<\/strong> (<a rel=\"noreferrer noopener\" href=\"https:\/\/investnews.com.br\/cotacao\/twtr34\/\" target=\"_blank\">TWTR34<\/a>) \u00e9 &#8220;um acelerador para criar o X, o app de tudo&#8221;. Em sua conta na rede social, o empres\u00e1rio fez a afirma\u00e7\u00e3o no mesmo dia em que protocolou junto \u00e0 comiss\u00e3o de valores mobili\u00e1rios dos Estados Unidos (SEC, na sigla em ingl\u00eas) documento reafirmando sua <a href=\"https:\/\/investnews.com.br\/negocios\/musk-planeja-avancar-com-compra-do-twitter-pelo-preco-original-diz-reuters\/\">proposta para a compra do Twitter<\/a>.<\/p>\n\n\n\n<p>Musk pretende proceder ao fechamento da transa\u00e7\u00e3o que teve um acordo no dia 25 de abril de 2022, nos termos e sujeito \u00e0s condi\u00e7\u00f5es nele estabelecidos e pendente do recebimento do produto do financiamento da d\u00edvida contemplado por ele, de acordo com uma carta enviada \u00e0 SEC. O acerto prev\u00ea o pagamento de US$ 54,20 por a\u00e7\u00e3o do Twitter.<\/p>\n\n\n\n<p>&#8220;As Partes Musk fornecem este aviso sem admiss\u00e3o de responsabilidade e sem ren\u00fancia ou preju\u00edzo a qualquer um de seus direitos&#8221;, diz ainda o documento. Durante o dia, os pap\u00e9is da empresa tiveram negocia\u00e7\u00e3o suspensa em Nova York. Apois a retomada na sess\u00e3o regular, as a\u00e7\u00f5es tiveram alta de 22,24% no fechamento. J\u00e1 no after hours, por volta das 20h40 (hor\u00e1rio de Bras\u00edlia), o Twitter tinha avan\u00e7o de 0,15%.<\/p>\n\n\n\n<h2 class=\"wp-block-heading\">2 &#8211; Banco Mundial aumenta para 2,5% previs\u00e3o do PIB brasileiro este ano<\/h2>\n\n\n\n<p>A economia brasileira dever\u00e1 terminar o ano com crescimento de 2,5%, segundo novas estimativas divulgadas nesta ter\u00e7a-feira (4) pelo Banco Mundial. A proje\u00e7\u00e3o anterior estava em 1,5%. Para 2023, o organismo internacional manteve em 0,8% a previs\u00e3o de crescimento do <a href=\"https:\/\/investnews.com.br\/colunistas\/coluna-do-samy-dana\/por-que-os-economistas-erraram-mais-uma-vez-o-pib\/\">Produto Interno Bruto (PIB)<\/a>.<\/p>\n\n\n\n<p>As estimativas est\u00e3o mais em linha com as previs\u00f5es do governo. No fim de setembro, a Secretaria de Pol\u00edtica Econ\u00f4mica do Minist\u00e9rio da Economia&nbsp;elevou de 2% para 2,7%&nbsp;a proje\u00e7\u00e3o de crescimento do PIB em 2022 LINK 1 .<\/p>\n\n\n\n<p>Para 2023, as proje\u00e7\u00f5es divergem. A proposta de Or\u00e7amento Geral da Uni\u00e3o prev\u00ea crescimento de 2,5% do PIB, enquanto as estimativas do Banco Mundial apontam expans\u00e3o bem menor.<\/p>\n\n\n\n<p>As novas estimativas foram divulgadas como adiantamento do encontro anual de outono (no Hemisf\u00e9rio Norte) do Fundo Monet\u00e1rio Internacional (FMI) e do Banco Mundial. As reuni\u00f5es ocorrem na pr\u00f3xima semana, entre os dias 10 e 16, em Washington.<\/p>\n\n\n\n<p>Segundo o relat\u00f3rio, os gastos sociais e os investimentos (obras p\u00fablicas e compra de equipamentos) s\u00e3o elementos centrais para impulsionar o crescimento na Am\u00e9rica Latina no cen\u00e1rio p\u00f3s-covid. No entanto, o equil\u00edbrio fiscal deve ser buscado. Os gastos extras devem ser financiados por meio de novos impostos, reforma tribut\u00e1ria e medidas para melhorar a efici\u00eancia do gasto p\u00fablico.<\/p>\n\n\n\n<p>De acordo com o Banco Mundial, 40% dos ajustes fiscais na Am\u00e9rica Latina foram feitos com base em corte de investimentos. Segundo o \u00f3rg\u00e3o, esse tipo de ajuste pode melhorar as contas p\u00fablicas no curto prazo, mas tem efeitos nocivos no longo prazo.<\/p>\n\n\n\n<p>O relat\u00f3rio mostra que 17% dos gastos p\u00fablicos poderiam ser cortados em alguns pa\u00edses, decorrentes de transfer\u00eancias mal destinadas, compras ruins e pol\u00edticas de recursos humanos ineficientes.<\/p>\n\n\n\n<h3 class=\"wp-block-heading\">Regi\u00e3o<\/h3>\n\n\n\n<p>Em rela\u00e7\u00e3o \u00e0 Am\u00e9rica Latina e o Caribe, o Banco Mundial aumentou a previs\u00e3o de crescimento do PIB de 2,5% para 3%. Para o pr\u00f3ximo ano, no entanto, a estimativa foi reduzida de 1,9% para 1,6%. Apesar da melhora nas proje\u00e7\u00f5es para o Brasil, o pa\u00eds dever\u00e1 crescer menor que a maioria dos pa\u00edses da regi\u00e3o. Somente M\u00e9xico e Chile devem encerrar o ano com crescimento inferior ao brasileiro.<\/p>\n\n\n\n<p>M\u00e9xico e Chile s\u00e3o um dos poucos pa\u00edses latinos que devem crescer menos do que o Brasil, com varia\u00e7\u00f5es de 1,8% neste ano. Para 2023, o Banco Mundial prev\u00ea queda de 0,5% no PIB chileno e avan\u00e7o de 1,5% no PIB mexicano.<\/p>\n\n\n\n<h2 class=\"wp-block-heading\">3 &#8211; Senado aprova realoca\u00e7\u00e3o de verba para piso da enfermagem<\/h2>\n\n\n\n<p>O Senado aprovou nesta ter\u00e7a-feira (4) projeto de lei complementar que viabiliza a transfer\u00eancia de recursos de outras \u00e1reas para financiar o <a href=\"https:\/\/investnews.com.br\/geral\/5-fatos-para-hoje-natura-nega-mudancas-stf-mantem-suspenso-piso-da-enfermagem\/\">piso salarial dos profissionais de enfermagem<\/a>. Os recursos vir\u00e3o dos valores remanescentes de fundos de sa\u00fade de estados e munic\u00edpios, bem como de valores remanescentes do Fundo Nacional de Assist\u00eancia Social. Agora, o projeto segue para vota\u00e7\u00e3o na C\u00e2mara dos Deputados.<\/p>\n\n\n\n<p>A lei que estabeleceu <a href=\"https:\/\/investnews.com.br\/economia\/piso-salarial\/\">piso salarial<\/a> de R$ 4.750 para enfermeiros do setor p\u00fablico ou privado foi aprovada no Congresso Nacional em maio, mas, em setembro, o Supremo Tribunal Federal (STF)&nbsp;suspendeu&nbsp;os efeitos da norma. Em decis\u00e3o liminar, o ministro Lu\u00eds Roberto Barroso argumentou que faltava previs\u00e3o or\u00e7ament\u00e1ria.<\/p>\n\n\n\n<p>Barroso atendeu a pedido da Confedera\u00e7\u00e3o Nacional de Sa\u00fade, Hospitais e Estabelecimentos e Servi\u00e7os (CNSa\u00fade). Segundo o ministro, h\u00e1 risco de insolv\u00eancia pelos estados e munic\u00edpios, que empregam a grande maioria dos enfermeiros do servi\u00e7o p\u00fablico. O ministro tamb\u00e9m justificou a decis\u00e3o com o risco de demiss\u00f5es em massa e de redu\u00e7\u00e3o de leitos com o encolhimento do quadro de enfermeiros e t\u00e9cnicos.<\/p>\n\n\n\n<p>O projeto de lei complementar aprovado nesta ter\u00e7a-feira garante os recursos questionados pelo Judici\u00e1rio. A proposta altera uma lei de 2020 que liberou para a\u00e7\u00f5es de enfrentamento \u00e0 pandemia de covid-19 cerca de R$ 23,8 bilh\u00f5es que restaram no fim de 2020 nas contas dos fundos de Sa\u00fade de estados, Distrito Federal e munic\u00edpios. Com a redu\u00e7\u00e3o no n\u00famero de casos e mortes por covid-19, o entendimento dos senadores \u00e9 que a verba ser\u00e1 mais bem aplicada no reajuste salarial da enfermagem.<\/p>\n\n\n\n<p>\u201cA realiza\u00e7\u00e3o de atos de transposi\u00e7\u00e3o, transfer\u00eancia e reprograma\u00e7\u00e3o de saldos financeiros &#8216;parados&#8217; nos fundos de Sa\u00fade e de Assist\u00eancia Social ainda \u00e9 desejada no momento atual, pois o enfrentamento da pandemia da covid19 n\u00e3o se limita \u00e0 primeira linha de a\u00e7\u00e3o, fortemente atacada nos anos anteriores\u201d, afirmou o relator do projeto de lei, Marcelo Castro (MDB-PI), em seu parecer. Segundo o senador, inicialmente, o mecanismo auxiliar\u00e1 os entes subnacionais a arcar com os custos diretos decorrentes da institui\u00e7\u00e3o do piso nacional dos profissionais da enfermagem.<\/p>\n\n\n\n<p>Calcula-se reunir R$ 27,7 bilh\u00f5es para a \u00e1rea de sa\u00fade e R$ 402,2 milh\u00f5es para a assist\u00eancia social, setor inclu\u00eddo no projeto para, segundo o relator, \u201cminimizar os efeitos das desprote\u00e7\u00f5es sociais ampliadas pela pandemia\u201d.<\/p>\n\n\n\n<p><em><strong>* Com informa\u00e7\u00f5es de Reuters, Ag\u00eancia Brasil e Estad\u00e3o Conte\u00fado<\/strong><\/em><br><\/p>\n","protected":false},"excerpt":{"rendered":"<p>CEO da Tesla, Elon Musk, afirmou nesta ter\u00e7a-feira (4) que comprar o Twitter \u00e9 &#8216;um acelerador para criar o X, o app de tudo&#8217;.<\/p>\n","protected":false},"author":7,"featured_media":320731,"comment_status":"closed","ping_status":"open","sticky":false,"template":"","format":"standard","meta":{"_acf_changed":false,"inline_featured_image":false,"footnotes":""},"categories":[5],"tags":[1020,155,110168,1529,53,1114],"autor-wsj":[],"coauthors":[1494],"class_list":["post-371039","post","type-post","status-publish","format-standard","has-post-thumbnail","hentry","category-economia","tag-banco-mundial","tag-brasil","tag-elon-musk","tag-twitter","tag-pib","tag-saude"],"acf":[],"amp_enabled":true,"_links":{"self":[{"href":"https:\/\/investnews.com.br\/inv-api\/wp\/v2\/posts\/371039","targetHints":{"allow":["GET"]}}],"collection":[{"href":"https:\/\/investnews.com.br\/inv-api\/wp\/v2\/posts"}],"about":[{"href":"https:\/\/investnews.com.br\/inv-api\/wp\/v2\/types\/post"}],"author":[{"embeddable":true,"href":"https:\/\/investnews.com.br\/inv-api\/wp\/v2\/users\/7"}],"replies":[{"embeddable":true,"href":"https:\/\/investnews.com.br\/inv-api\/wp\/v2\/comments?post=371039"}],"version-history":[{"count":7,"href":"https:\/\/investnews.com.br\/inv-api\/wp\/v2\/posts\/371039\/revisions"}],"predecessor-version":[{"id":371050,"href":"https:\/\/investnews.com.br\/inv-api\/wp\/v2\/posts\/371039\/revisions\/371050"}],"wp:featuredmedia":[{"embeddable":true,"href":"https:\/\/investnews.com.br\/inv-api\/wp\/v2\/media\/320731"}],"wp:attachment":[{"href":"https:\/\/investnews.com.br\/inv-api\/wp\/v2\/media?parent=371039"}],"wp:term":[{"taxonomy":"category","embeddable":true,"href":"https:\/\/investnews.com.br\/inv-api\/wp\/v2\/categories?post=371039"},{"taxonomy":"post_tag","embeddable":true,"href":"https:\/\/investnews.com.br\/inv-api\/wp\/v2\/tags?post=371039"},{"taxonomy":"autor-wsj","embeddable":true,"href":"https:\/\/investnews.com.br\/inv-api\/wp\/v2\/autor-wsj?post=371039"},{"taxonomy":"author","embeddable":true,"href":"https:\/\/investnews.com.br\/inv-api\/wp\/v2\/coauthors?post=371039"}],"curies":[{"name":"wp","href":"https:\/\/api.w.org\/{rel}","templated":true}]}}