{"id":372212,"date":"2022-10-07T15:36:12","date_gmt":"2022-10-07T18:36:12","guid":{"rendered":"https:\/\/investnews.com.br\/?p=372212"},"modified":"2024-06-24T21:26:35","modified_gmt":"2024-06-25T00:26:35","slug":"desmatamento-na-amazonia-atinge-recorde-em-setembro","status":"publish","type":"post","link":"https:\/\/investnews.com.br\/negocios\/desmatamento-na-amazonia-atinge-recorde-em-setembro\/","title":{"rendered":"Desmatamento na Amaz\u00f4nia atinge recorde em setembro"},"content":{"rendered":"\n<p>O desmatamento na floresta amaz\u00f4nica afetou a maior \u00e1rea em setembro desde o in\u00edcio dos registros atuais, mostraram <strong>dados governamentais <\/strong>do m\u00eas passado nesta sexta-feira (7), quando os <strong>focos de inc\u00eandio na regi\u00e3o<\/strong> atingiram seu maior n\u00edvel em mais de uma d\u00e9cada.<\/p>\n\n\n\n<p>Dados de sat\u00e9lite do Instituto Nacional de Pesquisas Espaciais (<strong>Inpe<\/strong>) mostraram que 1.455 quil\u00f4metros quadrados foram desmatados na Amaz\u00f4nia no m\u00eas passado, um aumento de 48% em rela\u00e7\u00e3o ao ano passado e <strong>superando o recorde de setembro de 2019<\/strong> em uma s\u00e9rie de dados originada em 2015.<\/p>\n\n\n\n<p>Os n\u00fameros preliminares desta sexta-feira tamb\u00e9m levaram o desmatamento na regi\u00e3o a um recorde nos primeiros nove meses do ano, segundo o Inpe, com 8.590 quil\u00f4metros quadrados desmatados de janeiro a setembro, o <strong>equivalente a uma \u00e1rea 11 vezes o tamanho da cidade de Nova York <\/strong>e com alta de 22,6% em rela\u00e7\u00e3o ao ano passado.<\/p>\n\n\n\n<p>Estat\u00edsticas anuais divulgadas no ano passado mostraram que o desmatamento j\u00e1 havia atingido o maior n\u00edvel em 15 anos sob o governo do presidente Jair Bolsonaro.<\/p>\n\n\n\n<p>Especialistas culpam o presidente, que concorre \u00e0 reelei\u00e7\u00e3o, por reverter as prote\u00e7\u00f5es ambientais, abrindo caminho para madeireiros e pecuaristas desmatarem ilegalmente mais da Amaz\u00f4nia.<\/p>\n\n\n\n<p>O Pal\u00e1cio do Planalto encaminhou um pedido da Reuters para coment\u00e1rios ao Minist\u00e9rio da Justi\u00e7a, que disse que est\u00e1 realizando a Opera\u00e7\u00e3o Guardi\u00f5es do Bioma desde o ano passado para combater o desmatamento ilegal, os inc\u00eandios florestais e proteger as terras ind\u00edgenas.<\/p>\n\n\n\n<p>O Minist\u00e9rio do Meio Ambiente n\u00e3o respondeu imediatamente a um pedido de coment\u00e1rio.<\/p>\n\n\n\n<p>&#8220;A gente est\u00e1 vendo a acelera\u00e7\u00e3o do desmatamento na Amaz\u00f4nia, com impactos muito importantes n\u00e3o s\u00f3 para o bioma, mas para o clima, para o regime de chuvas da regi\u00e3o, e impactos econ\u00f4micos n\u00e3o s\u00f3 para quem vive no bioma, mas para todo o Brasil&#8221;, disse Mariana Napolitano, gerente de Ci\u00eancias do WWF-Brasil.<\/p>\n\n\n\n<p>A temporada anual de queimadas na Amaz\u00f4nia ocorre em agosto e setembro, quando os focos de inc\u00eandios tendem a aumentar \u00e0 medida que as chuvas diminuem.<\/p>\n\n\n\n<p>No m\u00eas passado, os alertas de inc\u00eandio do Inpe atingiram o n\u00edvel mais alto em qualquer m\u00eas desde setembro de 2010.<\/p>\n\n\n\n<figure class=\"wp-block-image size-large\"><img loading=\"lazy\" decoding=\"async\" width=\"1024\" height=\"683\" src=\"https:\/\/media.investnews.com.br\/uploads\/2022\/10\/2022-10-07T152648Z_1_LYNXMPEI960SP_RTROPTP_4_BRAZIL-FIRES-1024x683.jpg\" alt=\"\" class=\"wp-image-372213\" srcset=\"https:\/\/media.investnews.com.br\/uploads\/2022\/10\/2022-10-07T152648Z_1_LYNXMPEI960SP_RTROPTP_4_BRAZIL-FIRES-1024x683.jpg 1024w, https:\/\/media.investnews.com.br\/uploads\/2022\/10\/2022-10-07T152648Z_1_LYNXMPEI960SP_RTROPTP_4_BRAZIL-FIRES-300x200.jpg 300w, https:\/\/media.investnews.com.br\/uploads\/2022\/10\/2022-10-07T152648Z_1_LYNXMPEI960SP_RTROPTP_4_BRAZIL-FIRES-768x512.jpg 768w, https:\/\/media.investnews.com.br\/uploads\/2022\/10\/2022-10-07T152648Z_1_LYNXMPEI960SP_RTROPTP_4_BRAZIL-FIRES-1536x1025.jpg 1536w, https:\/\/media.investnews.com.br\/uploads\/2022\/10\/2022-10-07T152648Z_1_LYNXMPEI960SP_RTROPTP_4_BRAZIL-FIRES-1256x838.jpg 1256w, https:\/\/media.investnews.com.br\/uploads\/2022\/10\/2022-10-07T152648Z_1_LYNXMPEI960SP_RTROPTP_4_BRAZIL-FIRES-172x115.jpg 172w, https:\/\/media.investnews.com.br\/uploads\/2022\/10\/2022-10-07T152648Z_1_LYNXMPEI960SP_RTROPTP_4_BRAZIL-FIRES-150x100.jpg 150w, https:\/\/media.investnews.com.br\/uploads\/2022\/10\/2022-10-07T152648Z_1_LYNXMPEI960SP_RTROPTP_4_BRAZIL-FIRES.jpg 2048w\" sizes=\"auto, (max-width: 1024px) 100vw, 1024px\" \/><figcaption>Inc\u00eandio na floresta amaz\u00f4nica em Rond\u00f4nia\n 28\/9\/2021    REUTERS\/Adriano Machado<\/figcaption><\/figure>\n","protected":false},"excerpt":{"rendered":"<p>Focos de inc\u00eandio na regi\u00e3o atingiram seu maior n\u00edvel em mais de uma d\u00e9cada, segundo dados do governo.<\/p>\n","protected":false},"author":61,"featured_media":372213,"comment_status":"closed","ping_status":"open","sticky":false,"template":"","format":"standard","meta":{"_acf_changed":false,"inline_featured_image":false,"footnotes":""},"categories":[6],"tags":[1673,234],"autor-wsj":[],"coauthors":[2494],"class_list":["post-372212","post","type-post","status-publish","format-standard","has-post-thumbnail","hentry","category-negocios","tag-esg","tag-jair-bolsonaro"],"acf":[],"amp_enabled":true,"_links":{"self":[{"href":"https:\/\/investnews.com.br\/inv-api\/wp\/v2\/posts\/372212","targetHints":{"allow":["GET"]}}],"collection":[{"href":"https:\/\/investnews.com.br\/inv-api\/wp\/v2\/posts"}],"about":[{"href":"https:\/\/investnews.com.br\/inv-api\/wp\/v2\/types\/post"}],"author":[{"embeddable":true,"href":"https:\/\/investnews.com.br\/inv-api\/wp\/v2\/users\/61"}],"replies":[{"embeddable":true,"href":"https:\/\/investnews.com.br\/inv-api\/wp\/v2\/comments?post=372212"}],"version-history":[{"count":2,"href":"https:\/\/investnews.com.br\/inv-api\/wp\/v2\/posts\/372212\/revisions"}],"predecessor-version":[{"id":372215,"href":"https:\/\/investnews.com.br\/inv-api\/wp\/v2\/posts\/372212\/revisions\/372215"}],"wp:featuredmedia":[{"embeddable":true,"href":"https:\/\/investnews.com.br\/inv-api\/wp\/v2\/media\/372213"}],"wp:attachment":[{"href":"https:\/\/investnews.com.br\/inv-api\/wp\/v2\/media?parent=372212"}],"wp:term":[{"taxonomy":"category","embeddable":true,"href":"https:\/\/investnews.com.br\/inv-api\/wp\/v2\/categories?post=372212"},{"taxonomy":"post_tag","embeddable":true,"href":"https:\/\/investnews.com.br\/inv-api\/wp\/v2\/tags?post=372212"},{"taxonomy":"autor-wsj","embeddable":true,"href":"https:\/\/investnews.com.br\/inv-api\/wp\/v2\/autor-wsj?post=372212"},{"taxonomy":"author","embeddable":true,"href":"https:\/\/investnews.com.br\/inv-api\/wp\/v2\/coauthors?post=372212"}],"curies":[{"name":"wp","href":"https:\/\/api.w.org\/{rel}","templated":true}]}}