{"id":377558,"date":"2022-10-30T06:00:00","date_gmt":"2022-10-30T09:00:00","guid":{"rendered":"https:\/\/investnews.com.br\/?p=377558"},"modified":"2024-06-25T15:31:15","modified_gmt":"2024-06-25T18:31:15","slug":"bolsonaro-e-lula-disputam-o-2o-turno-das-eleicoes-presidenciais-neste-domingo","status":"publish","type":"post","link":"https:\/\/investnews.com.br\/economia\/bolsonaro-e-lula-disputam-o-2o-turno-das-eleicoes-presidenciais-neste-domingo\/","title":{"rendered":"Bolsonaro e Lula disputam o 2\u00ba turno das elei\u00e7\u00f5es presidenciais neste domingo"},"content":{"rendered":"\n<p>O presidente <strong>Jair Bolsonaro (PL)<\/strong> e o ex-presidente <strong>Luiz In\u00e1cio Lula da Silva (PT)<\/strong> <a href=\"https:\/\/investnews.com.br\/geral\/lula-e-bolsonaro-vao-disputar-2o-turno-das-eleicoes-presidenciais\/\" class=\"rank-math-link\">disputam o segundo turno das elei\u00e7\u00f5es<\/a> para a Presid\u00eancia da Rep\u00fablica neste domingo (30). Mais de 156 milh\u00f5es de brasileiros podem votar.<\/p>\n\n\n\n<p>No primeiro turno, em 2 de outubro, o petista recebeu <strong>48,43%<\/strong> dos votos v\u00e1lidos (57.259.504 votos), enquanto o atual presidente, <strong>43,20%<\/strong> (51.072.345 votos). Para vencer em primeiro turno, um dos candidatos deveria ter 50% dos votos v\u00e1lidos mais um. A <strong>taxa de absten\u00e7\u00e3o ficou em 20,89%<\/strong>, o equivalente a cerca de 32,7 milh\u00f5es de eleitores.<\/p>\n\n\n\n<p>Al\u00e9m da vota\u00e7\u00e3o para presidente, os <strong>eleitores de 12 estados tamb\u00e9m escolhem o pr\u00f3ximo governador<\/strong>. Outros 14 estados e o Distrito Federal definiram os candidatos no primeiro turno.&nbsp;<strong>(Veja lista abaixo)<\/strong><\/p>\n\n\n\n<p>O in\u00edcio da vota\u00e7\u00e3o ser\u00e1 \u00e0s 8h e o t\u00e9rmino, \u00e0s 17h, no hor\u00e1rio de Bras\u00edlia. Diferentemente do que ocorreu em elei\u00e7\u00f5es passadas, desta vez, o hor\u00e1rio de vota\u00e7\u00e3o ser\u00e1 uniformizado em todo o pa\u00eds. As regi\u00f5es em que h\u00e1 fuso hor\u00e1rio diferente v\u00e3o ter que se adequar e seguir o hor\u00e1rio de Bras\u00edlia.<\/p>\n\n\n\n<p>A Constitui\u00e7\u00e3o brasileira determina a&nbsp;<strong>obrigatoriedade do voto<\/strong>&nbsp;para todos os cidad\u00e3os maiores de 18 anos. J\u00e1 para quem tem entre 16 e 18 anos ou mais de 70 e os analfabetos, o voto \u00e9 facultativo. <\/p>\n\n\n\n<p>E continua proibido o uso de celulares na cabina de vota\u00e7\u00e3o. O objetivo \u00e9 manter o sigilo do voto. Ap\u00f3s entregar o documento de identifica\u00e7\u00e3o ou depois de mostrar a vers\u00e3o digital do e-T\u00edtulo pelo celular,&nbsp;o eleitor ter\u00e1 de deixar o aparelho de celular&nbsp;desligado com o mes\u00e1rio. O eleitor que se recusar, n\u00e3o poder\u00e1 votar.<\/p>\n\n\n\n<figure class=\"wp-block-image size-large\"><img loading=\"lazy\" decoding=\"async\" width=\"820\" height=\"540\" src=\"https:\/\/media.investnews.com.br\/uploads\/2022\/10\/Destaque_site_Eleicoes_02.jpg\" alt=\"Lula e Bolsonaro\" class=\"wp-image-378190\" srcset=\"https:\/\/media.investnews.com.br\/uploads\/2022\/10\/Destaque_site_Eleicoes_02.jpg 820w, https:\/\/media.investnews.com.br\/uploads\/2022\/10\/Destaque_site_Eleicoes_02-300x198.jpg 300w, https:\/\/media.investnews.com.br\/uploads\/2022\/10\/Destaque_site_Eleicoes_02-768x506.jpg 768w, https:\/\/media.investnews.com.br\/uploads\/2022\/10\/Destaque_site_Eleicoes_02-172x113.jpg 172w, https:\/\/media.investnews.com.br\/uploads\/2022\/10\/Destaque_site_Eleicoes_02-191x125.jpg 191w, https:\/\/media.investnews.com.br\/uploads\/2022\/10\/Destaque_site_Eleicoes_02-150x99.jpg 150w\" sizes=\"auto, (max-width: 820px) 100vw, 820px\" \/><\/figure>\n\n\n\n<h2 class=\"wp-block-heading\">Campanha<\/h2>\n\n\n\n<p>A campanha entre Lula e Bolsonaro foi marcada por acusa\u00e7\u00f5es e trocas de v\u00eddeos entre os dois candidatos que viralizaram nas redes sociais. Um deles associava o ex-presidente petista ao satanismo, enquanto um v\u00eddeo antigo mostra Bolsonaro em uma loja ma\u00e7\u00f4nica em que ele diz que a &#8220;ma\u00e7onaria ser\u00e1 maior do que o cristianismo no Brasil&#8221;, o que abalou sua credibilidade com seu eleitorado evang\u00e9lico. <\/p>\n\n\n\n<p>Em outro v\u00eddeo Bolsonaro, durante uma entrevista a um jornalista no <em>New York Times<\/em> em 2016, diz que comeria um ind\u00edgena &#8220;sem problema nenhum&#8221; durante um ritual. Mas a repercuss\u00e3o mais negativa foi a entrevista do atual presidente a um podcast em que Bolsonaro diz que &#8220;pintou um clima&#8221; entre ele e refugiadas venezuelanas de 14 anos, o que sugere pedofilia.<\/p>\n\n\n\n<p>Entre as propostas econ\u00f4micas, o ministro da Economia, Paulo Guedes, disse que iria desvincular o reajuste do sal\u00e1rio-m\u00ednimo e as aposentadorias da infla\u00e7\u00e3o, enquanto a <a href=\"https:\/\/investnews.com.br\/economia\/lula-divulga-carta-com-plano-para-economia-compare-com-propostas-de-bolsonaro\/\" class=\"rank-math-link\">equipe do petista promete reajuste do m\u00ednimo acima da infla\u00e7\u00e3o<\/a>. Ambos candidatos prometem manter o Aux\u00edlio Brasil, antigo Bolsa Fam\u00edlia, em R$ 600. Para bancar o valor, <a href=\"https:\/\/investnews.com.br\/economia\/prioridade-e-auxilio-de-r-600-diz-guedes-ao-defender-taxacao-de-dividendos\/\" class=\"rank-math-link\">Guedes diz que vai taxar os lucros e dividendos.<\/a><\/p>\n\n\n\n<p>Lula tamb\u00e9m prop\u00f5e&nbsp;<strong><a href=\"https:\/\/investnews.com.br\/guias\/imposto-de-renda-o-que-e\/\">Imposto de Renda<\/a> zero<\/strong>&nbsp;para quem ganha at\u00e9 R$ 5 mil, que ser\u00e1 acompanhado de uma reforma tribut\u00e1ria, al\u00e9m da&nbsp;<strong>igualdade salarial para homens e mulheres<\/strong>&nbsp;que exer\u00e7am a mesma fun\u00e7\u00e3o.<\/p>\n\n\n\n<p>Bolsonaro diz que vai corrigir em <strong>31% na tabela do Imposto de Renda (IR)<\/strong>&nbsp;para pessoas f\u00edsicas, \u201cisentando todos os trabalhadores celetistas que recebessem at\u00e9<strong>&nbsp;R$ 2,5 mil mensais<\/strong>\u201d. O atual presidente tamb\u00e9m promete alavancar o&nbsp;<strong>Programa SIM Digital<\/strong>, que, em 4 meses, \u201cj\u00e1 emprestou mais de R$ 2 bilh\u00f5es para 2,8 milh\u00f5es de microempres\u00e1rios\u201d, de acordo com a campanha.&nbsp;<\/p>\n\n\n\n<figure class=\"wp-block-image size-large\"><img decoding=\"async\" src=\"https:\/\/media.investnews.com.br\/uploads\/2021\/08\/2021-08-05T115018Z_1_LYNXMPEH740SI_RTROPTP_4_POLITICA-EMPRESARIOS-INTELECTUAIS-MANIFESTO-1024x654.jpg\" alt=\"urna eletr\u00f4nica elei\u00e7\u00f5es\" class=\"wp-image-267012\"\/><figcaption>Funcion\u00e1ria da Justi\u00e7a Eleitoral prepara urnas eltr\u00f4nicas em Curitiba\n22\/10\/2018 REUTERS\/Rodolfo Buhrer<\/figcaption><\/figure>\n\n\n\n<h2 class=\"wp-block-heading\">Transporte p\u00fablico<\/h2>\n\n\n\n<p>Todas as capitais do pa\u00eds e o Distrito Federal ter\u00e3o um <strong>esquema especial de gratuidade no transporte p\u00fablico neste domingo (30)<\/strong> para facilitar a locomo\u00e7\u00e3o dos eleitores no segundo turno das elei\u00e7\u00f5es.<\/p>\n\n\n\n<p>Na semana passada, o&nbsp;<a href=\"https:\/\/investnews.com.br\/geral\/stf-libera-transporte-publico-gratuito-no-2o-turno-das-eleicoes\/\" class=\"rank-math-link\">Supremo Tribunal Federal (STF) formou maioria para confirmar a decis\u00e3o<\/a> individual do ministro Lu\u00eds Roberto Barroso&nbsp;que liberou o transporte p\u00fablico gratuito. <\/p>\n\n\n\n<p>A a\u00e7\u00e3o, do partido Rede Sustentabilidade, foi para viabilizar aos eleitores o exerc\u00edcio do voto, obrigat\u00f3rio no pa\u00eds. Segundo o partido, muitos eleitores n\u00e3o t\u00eam condi\u00e7\u00f5es de pagar a passagem at\u00e9 o local de vota\u00e7\u00e3o, que em muitos casos \u00e9 mais cara do que a multa pelo n\u00e3o comparecimento, cujo valor m\u00e1ximo \u00e9 de R$ 3,51. A medida tamb\u00e9m pretende evitar alta absten\u00e7\u00e3o de eleitores no dia da vota\u00e7\u00e3o.<\/p>\n\n\n\n<figure class=\"wp-block-image size-large\"><img loading=\"lazy\" decoding=\"async\" width=\"1024\" height=\"613\" src=\"https:\/\/media.investnews.com.br\/uploads\/2022\/09\/lacracao-urnas-eletronicas_mcamgo_abr_210920221818-12-1024x613.jpeg\" alt=\"\" class=\"wp-image-369769\" srcset=\"https:\/\/media.investnews.com.br\/uploads\/2022\/09\/lacracao-urnas-eletronicas_mcamgo_abr_210920221818-12-1024x613.jpeg 1024w, https:\/\/media.investnews.com.br\/uploads\/2022\/09\/lacracao-urnas-eletronicas_mcamgo_abr_210920221818-12-300x179.jpeg 300w, https:\/\/media.investnews.com.br\/uploads\/2022\/09\/lacracao-urnas-eletronicas_mcamgo_abr_210920221818-12-768x459.jpeg 768w, https:\/\/media.investnews.com.br\/uploads\/2022\/09\/lacracao-urnas-eletronicas_mcamgo_abr_210920221818-12-172x103.jpeg 172w, https:\/\/media.investnews.com.br\/uploads\/2022\/09\/lacracao-urnas-eletronicas_mcamgo_abr_210920221818-12-150x90.jpeg 150w, https:\/\/media.investnews.com.br\/uploads\/2022\/09\/lacracao-urnas-eletronicas_mcamgo_abr_210920221818-12.jpeg 1170w\" sizes=\"auto, (max-width: 1024px) 100vw, 1024px\" \/><figcaption>T\u00e9cnicos do TRE-DF realizam a confer\u00eancia e a lacra\u00e7\u00e3o de urnas eletr\u00f4nicas para o 1\u00ba turno das Elei\u00e7\u00f5es 2022.<\/figcaption><\/figure>\n\n\n\n<h2 class=\"wp-block-heading\">Quais estados ter\u00e3o 2\u00ba turno?<\/h2>\n\n\n\n<h3 class=\"wp-block-heading\"><strong><a href=\"https:\/\/divulgacandcontas.tse.jus.br\/divulga\/#\/estados\/2022\/2040602022\/AL\/candidatos\" class=\"rank-math-link\" target=\"_blank\" rel=\"noopener\">Alagoas<\/a><\/strong><\/h3>\n\n\n\n<p><strong>Paulo Dantas (MDB) x Rodrigo Cunha (Uni\u00e3o)<\/strong><\/p>\n\n\n\n<h3 class=\"wp-block-heading\"><strong><a href=\"https:\/\/divulgacandcontas.tse.jus.br\/divulga\/#\/estados\/2022\/2040602022\/AM\/candidatos\" class=\"rank-math-link\" target=\"_blank\" rel=\"noopener\">Amazonas<\/a><\/strong><\/h3>\n\n\n\n<p><strong>Wilson Lima (Uni\u00e3o) x Eduardo Braga (MDB)<\/strong><\/p>\n\n\n\n<h3 class=\"wp-block-heading\"><strong><a href=\"https:\/\/divulgacandcontas.tse.jus.br\/divulga\/#\/estados\/2022\/2040602022\/BA\/candidatos\" class=\"rank-math-link\" target=\"_blank\" rel=\"noopener\">Bahia<\/a><\/strong><\/h3>\n\n\n\n<p><strong>Jer\u00f4nimo Rodrigues (PT) x ACM Neto (Uni\u00e3o)<\/strong><\/p>\n\n\n\n<h3 class=\"wp-block-heading\"><strong><a href=\"https:\/\/divulgacandcontas.tse.jus.br\/divulga\/#\/estados\/2022\/2040602022\/ES\/candidatos\" class=\"rank-math-link\" target=\"_blank\" rel=\"noopener\">Esp\u00edrito Santo<\/a><\/strong><\/h3>\n\n\n\n<p><strong>Renato Casagrande (PSB) x Marato (PL)<\/strong><\/p>\n\n\n\n<h3 class=\"wp-block-heading\"><strong><a href=\"https:\/\/divulgacandcontas.tse.jus.br\/divulga\/#\/estados\/2022\/2040602022\/MS\/candidatos\" class=\"rank-math-link\" target=\"_blank\" rel=\"noopener\">Mato Grosso do Sul<\/a><\/strong><\/h3>\n\n\n\n<p><strong>Capit\u00e3o Contar (PRTB) x Eduardo Riedel (PSDB)<\/strong><\/p>\n\n\n\n<h3 class=\"wp-block-heading\"><strong><a href=\"https:\/\/divulgacandcontas.tse.jus.br\/divulga\/#\/estados\/2022\/2040602022\/PB\/candidatos\" class=\"rank-math-link\" target=\"_blank\" rel=\"noopener\">Para\u00edba<\/a><\/strong><\/h3>\n\n\n\n<p><strong>Jo\u00e3o Azev\u00eado (PSB) x Pedro Cunha Lima (PSDB)<\/strong><\/p>\n\n\n\n<h3 class=\"wp-block-heading\"><strong><a href=\"https:\/\/divulgacandcontas.tse.jus.br\/divulga\/#\/estados\/2022\/2040602022\/PE\/candidatos\" class=\"rank-math-link\" target=\"_blank\" rel=\"noopener\">Pernambuco<\/a><\/strong><\/h3>\n\n\n\n<p><strong>Mar\u00edlia Arraes (Solidariedade) x Raquel Lyra (PSDB)<\/strong><\/p>\n\n\n\n<h3 class=\"wp-block-heading\"><strong><a href=\"https:\/\/divulgacandcontas.tse.jus.br\/divulga\/#\/estados\/2022\/2040602022\/RS\/candidatos\" class=\"rank-math-link\" target=\"_blank\" rel=\"noopener\">Rio Grande do Sul<\/a><\/strong><\/h3>\n\n\n\n<p><strong>Onyx Lorenzoni (PL) x Eduardo Leite (PSDB)<\/strong><\/p>\n\n\n\n<h3 class=\"wp-block-heading\"><strong><a href=\"https:\/\/divulgacandcontas.tse.jus.br\/divulga\/#\/estados\/2022\/2040602022\/RO\/candidatos\" class=\"rank-math-link\" target=\"_blank\" rel=\"noopener\">Rond\u00f4nia<\/a><\/strong><\/h3>\n\n\n\n<p><strong>Coronel Marcos Rocha (Uni\u00e3o) x Marcos Rogerio (PL)<\/strong><\/p>\n\n\n\n<h3 class=\"wp-block-heading\"><strong><a href=\"https:\/\/divulgacandcontas.tse.jus.br\/divulga\/#\/estados\/2022\/2040602022\/SC\/candidatos\" class=\"rank-math-link\" target=\"_blank\" rel=\"noopener\">Santa Catarina<\/a><\/strong><\/h3>\n\n\n\n<p><strong>Jorginho Mello (PL) x D\u00e9cio Lima (PT)<\/strong><\/p>\n\n\n\n<h3 class=\"wp-block-heading\"><strong><a href=\"https:\/\/divulgacandcontas.tse.jus.br\/divulga\/#\/estados\/2022\/2040602022\/SE\/candidatos\" class=\"rank-math-link\" target=\"_blank\" rel=\"noopener\">Sergipe<\/a><\/strong><\/h3>\n\n\n\n<p><strong>Rog\u00e9rio Carvalho (PT) x F\u00e1bio (PSD)<\/strong><\/p>\n\n\n\n<h3 class=\"wp-block-heading\"><strong><a href=\"https:\/\/divulgacandcontas.tse.jus.br\/divulga\/#\/estados\/2022\/2040602022\/SP\/candidatos\" class=\"rank-math-link\" target=\"_blank\" rel=\"noopener\">S\u00e3o Paulo<\/a><\/strong><\/h3>\n\n\n\n<p><strong>Tarc\u00edsio de Freitas (Republicanos) x Fernando Haddad (PT)<\/strong><\/p>\n\n\n\n<h2 class=\"wp-block-heading\">Qual a ordem de vota\u00e7\u00e3o?<\/h2>\n\n\n\n<p>No segundo turno das elei\u00e7\u00f5es, o eleitor vai votar nos cargos que ser\u00e3o mostrados nesta ordem:<\/p>\n\n\n\n<ul class=\"wp-block-list\"><li>governador&nbsp;<strong>(com dois d\u00edgitos)<\/strong><\/li><li>presidente da Rep\u00fablica&nbsp;<strong>(com dois d\u00edgitos)<\/strong><\/li><\/ul>\n\n\n\n<p>Ap\u00f3s digitar o n\u00fameros dos candidatos, o eleitor deve esperar os dados aparecerem na urna eletr\u00f4nica e apertar a op\u00e7\u00e3o \u201cconfirma\u201d.<\/p>\n\n\n\n<figure class=\"wp-block-image size-large\"><img loading=\"lazy\" decoding=\"async\" width=\"768\" height=\"1024\" src=\"https:\/\/media.investnews.com.br\/uploads\/2022\/03\/T\u00edtulo-de-eleitor-3x4-1-768x1024.jpg\" alt=\"\" class=\"wp-image-316216\" srcset=\"https:\/\/media.investnews.com.br\/uploads\/2022\/03\/T\u00edtulo-de-eleitor-3x4-1-768x1025.jpg 768w, https:\/\/media.investnews.com.br\/uploads\/2022\/03\/T\u00edtulo-de-eleitor-3x4-1-225x300.jpg 225w, https:\/\/media.investnews.com.br\/uploads\/2022\/03\/T\u00edtulo-de-eleitor-3x4-1-700x934.jpg 700w, https:\/\/media.investnews.com.br\/uploads\/2022\/03\/T\u00edtulo-de-eleitor-3x4-1-129x172.jpg 129w, https:\/\/media.investnews.com.br\/uploads\/2022\/03\/T\u00edtulo-de-eleitor-3x4-1-640x853.jpg 640w, https:\/\/media.investnews.com.br\/uploads\/2022\/03\/T\u00edtulo-de-eleitor-3x4-1-150x200.jpg 150w, https:\/\/media.investnews.com.br\/uploads\/2022\/03\/T\u00edtulo-de-eleitor-3x4-1.jpg 889w\" sizes=\"auto, (max-width: 768px) 100vw, 768px\" \/><\/figure>\n\n\n\n<h2 class=\"wp-block-heading\">Quais documentos devo levar para votar?<\/h2>\n\n\n\n<p>\u00c9 obrigat\u00f3rio a apresenta\u00e7\u00e3o de&nbsp;<strong>apenas um documento oficial com foto<\/strong>, como:<\/p>\n\n\n\n<ul class=\"wp-block-list\"><li>Carteira Nacional de Habilita\u00e7\u00e3o (CNH);<\/li><li>Carteira de identidade (RG);<\/li><li>Carteira de trabalho;<\/li><li>Certificado de reservista;<\/li><li>e-T\u00edtulo (t\u00edtulo de eleitor em meio digital);<\/li><li>Passaporte.<\/li><\/ul>\n\n\n\n<p>A apresenta\u00e7\u00e3o do t\u00edtulo de eleitor, seja na vers\u00e3o impressa ou digital, n\u00e3o \u00e9 exigida.<\/p>\n\n\n\n<h2 class=\"wp-block-heading\">Como votar em branco?<\/h2>\n\n\n\n<p>O voto em branco significa que o eleitor opta por n\u00e3o votar em nenhum candidato. Para fazer isso, ele aperta a tecla \u201cbranco\u201d na urna eletr\u00f4nica e depois confirma. Na \u00e9poca da vota\u00e7\u00e3o em papel, esse tipo de voto era contado quando o eleitor n\u00e3o preenchia a op\u00e7\u00e3o na c\u00e9dula.<\/p>\n\n\n\n<h2 class=\"wp-block-heading\">Como votar nulo?<\/h2>\n\n\n\n<p>J\u00e1 o voto nulo ocorre quando o eleitor digita um n\u00famero inexistente de candidato ou de legenda (no caso das elei\u00e7\u00f5es para deputado e vereador) e depois confirma. Para evitar anular o voto sem querer, \u00e9 preciso conferir se a foto do candidato apareceu ap\u00f3s digitar o n\u00famero e s\u00f3 ent\u00e3o confirmar.<\/p>\n\n\n\n<p>Tanto o voto em branco como nulo s\u00e3o computados, mas n\u00e3o interferem na soma que elege quem obtiver mais votos v\u00e1lidos.<\/p>\n\n\n\n<h2 class=\"wp-block-heading\">Posso votar no 2\u00ba turno se faltei ao primeiro?<\/h2>\n\n\n\n<p>Os eleitores que n\u00e3o votaram no primeiro turno t\u00eam direito de votar no segundo desde que o t\u00edtulo de eleitor esteja regularizado.<\/p>\n\n\n\n<p>Isso ocorre porque o Tribunal Superior Eleitoral (TSE) trata cada turno como uma elei\u00e7\u00e3o independente. Dessa forma, o eleitor poder\u00e1 votar se estiver em situa\u00e7\u00e3o regular com a Justi\u00e7a Eleitoral, ou seja, o t\u00edtulo eleitoral n\u00e3o pode estar cancelado ou suspenso.<\/p>\n\n\n\n<p>O t\u00edtulo \u00e9 cancelado quando o eleitor falta \u00e0s urnas por tr\u00eas elei\u00e7\u00f5es seguidas e n\u00e3o justifica a aus\u00eancia nem paga a multa. J\u00e1 a suspens\u00e3o ocorre quando n\u00e3o h\u00e1 cumprimento do servi\u00e7o militar obrigat\u00f3rio, condena\u00e7\u00e3o criminal transitada em julgado ou condena\u00e7\u00e3o por improbidade administrativa.<\/p>\n\n\n\n<figure class=\"wp-block-image size-large\"><img loading=\"lazy\" decoding=\"async\" width=\"820\" height=\"540\" src=\"https:\/\/media.investnews.com.br\/uploads\/2022\/08\/eleicoes_01-1.jpg\" alt=\"urna eletr\u00f4nica\" class=\"wp-image-353977\" srcset=\"https:\/\/media.investnews.com.br\/uploads\/2022\/08\/eleicoes_01-1.jpg 820w, https:\/\/media.investnews.com.br\/uploads\/2022\/08\/eleicoes_01-1-300x198.jpg 300w, https:\/\/media.investnews.com.br\/uploads\/2022\/08\/eleicoes_01-1-768x506.jpg 768w, https:\/\/media.investnews.com.br\/uploads\/2022\/08\/eleicoes_01-1-172x113.jpg 172w, https:\/\/media.investnews.com.br\/uploads\/2022\/08\/eleicoes_01-1-191x125.jpg 191w, https:\/\/media.investnews.com.br\/uploads\/2022\/08\/eleicoes_01-1-150x99.jpg 150w\" sizes=\"auto, (max-width: 820px) 100vw, 820px\" \/><figcaption>Urna eletr\u00f4nica (Cr\u00e9dito: Arte\/InvestNews)<\/figcaption><\/figure>\n","protected":false},"excerpt":{"rendered":"<p>Em 12 estados do pa\u00eds, eleitores tamb\u00e9m devem escolher o futuro governador. Vota\u00e7\u00e3o ocorre entre 8h e 17h (hor\u00e1rio de Bras\u00edlia).<\/p>\n","protected":false},"author":73,"featured_media":378187,"comment_status":"closed","ping_status":"open","sticky":false,"template":"","format":"standard","meta":{"_acf_changed":false,"inline_featured_image":false,"footnotes":""},"categories":[5],"tags":[763,234,2370],"autor-wsj":[],"coauthors":[101284],"class_list":["post-377558","post","type-post","status-publish","format-standard","has-post-thumbnail","hentry","category-economia","tag-eleicoes","tag-jair-bolsonaro","tag-luiz-inacio-lula-da-silva"],"acf":[],"amp_enabled":true,"_links":{"self":[{"href":"https:\/\/investnews.com.br\/inv-api\/wp\/v2\/posts\/377558","targetHints":{"allow":["GET"]}}],"collection":[{"href":"https:\/\/investnews.com.br\/inv-api\/wp\/v2\/posts"}],"about":[{"href":"https:\/\/investnews.com.br\/inv-api\/wp\/v2\/types\/post"}],"author":[{"embeddable":true,"href":"https:\/\/investnews.com.br\/inv-api\/wp\/v2\/users\/73"}],"replies":[{"embeddable":true,"href":"https:\/\/investnews.com.br\/inv-api\/wp\/v2\/comments?post=377558"}],"version-history":[{"count":26,"href":"https:\/\/investnews.com.br\/inv-api\/wp\/v2\/posts\/377558\/revisions"}],"predecessor-version":[{"id":378302,"href":"https:\/\/investnews.com.br\/inv-api\/wp\/v2\/posts\/377558\/revisions\/378302"}],"wp:featuredmedia":[{"embeddable":true,"href":"https:\/\/investnews.com.br\/inv-api\/wp\/v2\/media\/378187"}],"wp:attachment":[{"href":"https:\/\/investnews.com.br\/inv-api\/wp\/v2\/media?parent=377558"}],"wp:term":[{"taxonomy":"category","embeddable":true,"href":"https:\/\/investnews.com.br\/inv-api\/wp\/v2\/categories?post=377558"},{"taxonomy":"post_tag","embeddable":true,"href":"https:\/\/investnews.com.br\/inv-api\/wp\/v2\/tags?post=377558"},{"taxonomy":"autor-wsj","embeddable":true,"href":"https:\/\/investnews.com.br\/inv-api\/wp\/v2\/autor-wsj?post=377558"},{"taxonomy":"author","embeddable":true,"href":"https:\/\/investnews.com.br\/inv-api\/wp\/v2\/coauthors?post=377558"}],"curies":[{"name":"wp","href":"https:\/\/api.w.org\/{rel}","templated":true}]}}