{"id":377615,"date":"2022-10-28T05:30:00","date_gmt":"2022-10-28T08:30:00","guid":{"rendered":"https:\/\/investnews.com.br\/?p=377615"},"modified":"2026-03-26T09:42:43","modified_gmt":"2026-03-26T12:42:43","slug":"alexandre-silverio-da-tenax-brasil-nao-vai-escapar-de-subir-carga-tributaria","status":"publish","type":"post","link":"https:\/\/investnews.com.br\/financas\/alexandre-silverio-da-tenax-brasil-nao-vai-escapar-de-subir-carga-tributaria\/","title":{"rendered":"Alexandre Silverio, da Tenax: &#8216;Brasil n\u00e3o vai escapar de subir carga tribut\u00e1ria&#8217;"},"content":{"rendered":"\n<p>O ex-CIO da gestora AZ Quest, <strong>Alexandre Silverio<\/strong>, que em fevereiro deste ano fundou, junto a outros s\u00f3cios vindos do mercado, a <strong>Tenax Capital<\/strong>, avaliou em entrevista exclusiva ao <em>Investnews<\/em>, que independentemente de quem vencer a <a href=\"https:\/\/investnews.com.br\/tag\/eleicoes\/\" class=\"rank-math-link\">elei\u00e7\u00e3o presidencial <\/a>deste domingo (30), o aumento de impostos a partir do pr\u00f3ximo ano ser\u00e1 &#8220;indispens\u00e1vel&#8221;. \u201cN\u00e3o vamos escapar de subir carga tribut\u00e1ria no Brasil em 2023\u201d. <\/p>\n\n\n\n<p>Silverio afirmou que, mesmo que um ou outro candidato ven\u00e7a o pleito, o aux\u00edlio de R$ 600 e o aumento real do sal\u00e1rio-m\u00ednimo, por exemplo, j\u00e1 s\u00e3o gastos \u201ccontratados\u201d, e o aumento da arrecada\u00e7\u00e3o deve ser, portanto, uma ferramenta para financi\u00e1-los.   <\/p>\n\n\n\n<blockquote class=\"wp-block-quote is-layout-flow wp-block-quote-is-layout-flow\">\n<p>&#8220;A gente vai ter um aumento de carga que pode ser atrav\u00e9s do imposto mais progressivo para a pessoa f\u00edsica ou a defini\u00e7\u00e3o de alguns setores da economia que v\u00e3o pagar mais&#8221;, considerou Silverio. <\/p>\n<\/blockquote>\n\n\n<div class=\"wp-block-image\">\n<figure class=\"aligncenter size-large\"><img loading=\"lazy\" decoding=\"async\" width=\"683\" height=\"1024\" src=\"https:\/\/media.investnews.com.br\/uploads\/2022\/10\/Alexandre-Silverio-3895-683x1024.jpg\" alt=\"\" class=\"wp-image-377867\" srcset=\"https:\/\/media.investnews.com.br\/uploads\/2022\/10\/Alexandre-Silverio-3895-683x1024.jpg 683w, https:\/\/media.investnews.com.br\/uploads\/2022\/10\/Alexandre-Silverio-3895-200x300.jpg 200w, https:\/\/media.investnews.com.br\/uploads\/2022\/10\/Alexandre-Silverio-3895-768x1152.jpg 768w, https:\/\/media.investnews.com.br\/uploads\/2022\/10\/Alexandre-Silverio-3895-1024x1536.jpg 1024w, https:\/\/media.investnews.com.br\/uploads\/2022\/10\/Alexandre-Silverio-3895-1366x2048.jpg 1366w, https:\/\/media.investnews.com.br\/uploads\/2022\/10\/Alexandre-Silverio-3895-623x934.jpg 623w, https:\/\/media.investnews.com.br\/uploads\/2022\/10\/Alexandre-Silverio-3895-115x172.jpg 115w, https:\/\/media.investnews.com.br\/uploads\/2022\/10\/Alexandre-Silverio-3895-150x225.jpg 150w, https:\/\/media.investnews.com.br\/uploads\/2022\/10\/Alexandre-Silverio-3895.jpg 1707w\" sizes=\"auto, (max-width: 683px) 100vw, 683px\" \/><figcaption class=\"wp-element-caption\">Alexandre Silverio, CEO e fundador da Tenax. Cr\u00e9dito: Divulga\u00e7\u00e3o. <\/figcaption><\/figure>\n<\/div>\n\n\n<p>O gestor lembrou, ainda, da poss\u00edvel<strong> <\/strong><a href=\"https:\/\/investnews.com.br\/economia\/prioridade-e-auxilio-de-r-600-diz-guedes-ao-defender-taxacao-de-dividendos\/\" class=\"rank-math-link\"><strong>taxa\u00e7\u00e3o de dividendos<\/strong><\/a>, defendida pelo atual ministro da Economia, Paulo Guedes, para bancar os desembolsos com o Aux\u00edlio Brasil. <\/p>\n\n\n\n<p>Nesse sentido, o CEO da Tenax mencionou que a gestora tem focado em pontos de interse\u00e7\u00e3o, ou seja, cen\u00e1rios que devem se concretizar no pr\u00f3ximo ano paralelamente \u00e0 decis\u00e3o eleitoral, para decidir os ativos que comp\u00f5em os fundos geridos pela casa. Na avalia\u00e7\u00e3o de Silverio, &#8220;os ativos brasileiros est\u00e3o bem posicionados para esse momento&#8221;. <\/p>\n\n\n\n<p>Sobre os problemas econ\u00f4micos globais, Silverio comentou que a subida de juros por bancos centrais pelo mundo pode estar se &#8220;esgotando&#8221;. Al\u00e9m disso, nos pr\u00f3ximos meses, a discuss\u00e3o poder\u00e1 ser voltada ao fim da eleva\u00e7\u00e3o dos juros em alguns pa\u00edses ou at\u00e9 mesmo a redu\u00e7\u00e3o &#8211;<a href=\"https:\/\/investnews.com.br\/economia\/copom-mantem-selic-em-1375-conforme-esperado-pelo-mercado\/\" class=\"rank-math-link\"> cen\u00e1rio previsto para a Selic a partir do segundo semestre do ano que vem. <\/a><\/p>\n\n\n\n<p>Ele exemplificou a recente decis\u00e3o do Canad\u00e1 de subir os juros abaixo do que a pr\u00f3pria autoridade monet\u00e1ria do pa\u00eds tinha sinalizado. <\/p>\n\n\n\n<blockquote class=\"wp-block-quote is-layout-flow wp-block-quote-is-layout-flow\">\n<p>\u201cA gente tenta mapear agora qual a tend\u00eancia para a infla\u00e7\u00e3o. Vai continuar piorando ou vai come\u00e7ar a se acomodar?\u00a0N\u00e3o temos resposta. Mas a sensa\u00e7\u00e3o \u00e9 que os indicadores antecedentes da infla\u00e7\u00e3o mostram que o aperto das condi\u00e7\u00f5es financeiras no mundo inteiro, inclusive no Brasil, d\u00e1 sinais de que vai come\u00e7ar a arrefecer\u201d, avaliou. <\/p>\n<\/blockquote>\n\n\n\n<p>A gestora Tenax, que tem hoje 10 s\u00f3cios, atingiu R$ 1 bilh\u00e3o em ativos sob gest\u00e3o em oito meses de atua\u00e7\u00e3o. Hoje, ela tem tr\u00eas fundos, dois focados em renda vari\u00e1vel e outro no cen\u00e1rio macro, distribu\u00eddos por meio de 14 plataformas de bancos e corretoras.   <\/p>\n\n\n\n<figure class=\"wp-block-image size-large\"><img loading=\"lazy\" decoding=\"async\" width=\"1024\" height=\"683\" src=\"https:\/\/media.investnews.com.br\/uploads\/2022\/10\/TNAX-3911-1024x683.jpg\" alt=\"\" class=\"wp-image-377791\" srcset=\"https:\/\/media.investnews.com.br\/uploads\/2022\/10\/TNAX-3911-1024x683.jpg 1024w, https:\/\/media.investnews.com.br\/uploads\/2022\/10\/TNAX-3911-300x200.jpg 300w, https:\/\/media.investnews.com.br\/uploads\/2022\/10\/TNAX-3911-768x512.jpg 768w, https:\/\/media.investnews.com.br\/uploads\/2022\/10\/TNAX-3911-1536x1025.jpg 1536w, https:\/\/media.investnews.com.br\/uploads\/2022\/10\/TNAX-3911-1256x838.jpg 1256w, https:\/\/media.investnews.com.br\/uploads\/2022\/10\/TNAX-3911-172x115.jpg 172w, https:\/\/media.investnews.com.br\/uploads\/2022\/10\/TNAX-3911-150x100.jpg 150w, https:\/\/media.investnews.com.br\/uploads\/2022\/10\/TNAX-3911.jpg 2048w\" sizes=\"auto, (max-width: 1024px) 100vw, 1024px\" \/><figcaption class=\"wp-element-caption\">Da esquerda para direita, s\u00e3o: Vinicius Fukushiro, Sergio Silva, Alexandre Silverio e Rodrigo Mello. Cr\u00e9dito: Divulga\u00e7\u00e3o. <\/figcaption><\/figure>\n\n\n\n<p><em>Confira abaixo trechos da entrevista com Alexandre Silverio<\/em>: <\/p>\n\n\n\n<h3 class=\"wp-block-heading\">IN$ &#8211; Como a gestora tem lidado com as adversidades econ\u00f4micas mundiais para fazer a gest\u00e3o dos fundos? <\/h3>\n\n\n\n<p><strong>Silverio &#8211; <\/strong>Ao longo desses oito meses de vida dos fundos, a gente explorou um tema principal que chamamos de aperto de condi\u00e7\u00f5es financeiras. Por tr\u00e1s desse tema est\u00e1 o macro tema de 2022 que \u00e9 a quest\u00e3o da infla\u00e7\u00e3o global. <\/p>\n\n\n\n<p>(&#8230;) Quando a gente come\u00e7ou com a Tenax, o <a href=\"https:\/\/investnews.com.br\/economia\/fed-entrega-alta-de-075-ponto-dos-juros-e-ve-outro-forte-aumento-neste-ano\/\" class=\"rank-math-link\">FED (banco central dos Estados Unidos<\/a>) esperava uma taxa de  juros de 1,5%, hoje tem um terminal de 5%. A gente sempre foi da tese de que teria que apertar para algo pr\u00f3ximo de 4,5%. <\/p>\n\n\n\n<p>A previs\u00e3o do mercado est\u00e1 at\u00e9 acima do que a gente imaginava h\u00e1 algum tempo atr\u00e1s. Por uma s\u00e9rie de raz\u00f5es, como choques de <a href=\"https:\/\/investnews.com.br\/guias\/commodities-o-que-sao\/\">commodities<\/a> e disrup\u00e7\u00e3o de cadeias de oferta de v\u00e1rios produtos. <\/p>\n\n\n\n<p>Nossa sensa\u00e7\u00e3o \u00e9 que esse tema hoje est\u00e1 virando. \u00c9 o que o mercado chama de piv\u00f4, uma mudan\u00e7a por parte dos bancos centrais. Nesta semana, houve uma indica\u00e7\u00e3o muito importante disso, que foi o banco do Canad\u00e1 surpreendendo o mercado ao subir os juros em 50 pontos base em vez de 75 pontos base. Ele praticamente tinha afirmado que ia dar os 75, foi uma surpresa <a href=\"https:\/\/investnews.com.br\/guias\/hawkish-e-dovish-entenda-os-cenarios-da-politica-economica\/\" class=\"rank-math-link\">dovish<\/a>, ou seja, deu menos juros que o esperado. <\/p>\n\n\n\n<p>(&#8230;) Nos Estados Unidos, come\u00e7a algum sinal at\u00e9 mesmo em servi\u00e7os e dados de <em><a href=\"https:\/\/investnews.com.br\/economia\/inicio-de-construcao-de-moradias-nos-eua-cai-mais-do-que-o-esperado-em-setembro\/\" class=\"rank-math-link\">houses<\/a><\/em> [constru\u00e7\u00e3o de moradias], um pouco na dire\u00e7\u00e3o de que a pol\u00edtica monet\u00e1ria come\u00e7a a fazer efeito em algumas das economias mais desenvolvidas. <\/p>\n\n\n\n<p>Talvez o tema de apertar as condi\u00e7\u00f5es financeiras esteja se esgotando. O que a gente tenta mapear agora \u00e9 a tend\u00eancia da infla\u00e7\u00e3o. Ela vai continuar piorando ou vai come\u00e7ar a se acomodar?<\/p>\n\n\n\n<p>N\u00e3o temos a resposta ainda, mas a sensa\u00e7\u00e3o \u00e9 que os indicadores antecedentes da infla\u00e7\u00e3o mostram que o aperto de condi\u00e7\u00f5es financeiras, que teve no mundo inteiro, inclusive no Brasil, d\u00e1 sinais de que vai come\u00e7ar a arrefecer. <\/p>\n\n\n\n<p>No Brasil, a gente viu o pico de infla\u00e7\u00e3o acontecendo h\u00e1 alguns meses atr\u00e1s, e isso vai rotacionando o nosso portf\u00f3lio, a gente acredita que o Banco Central vai ter condi\u00e7\u00f5es de cortar os juros a partir de julho do ano que vem. <\/p>\n\n\n\n<p>Tem consequ\u00eancias para a nossa vis\u00e3o de bolsa, setorial e para a pr\u00f3pria moeda. O real continua sendo uma moeda de carrego excelente, e, independentemente do que acontecer a partir da semana que vem, os ativos brasileiros est\u00e3o bem posicionados para esse momento. <\/p>\n\n\n\n<p>E se a gente estiver certo de que nas pr\u00f3ximas semanas e meses a discuss\u00e3o vai ser interromper a ascens\u00e3o de juros nas principais economias, podemos ter um momento positivo. <\/p>\n\n\n\n<p>Mesmo em um cen\u00e1rio que ainda tem desacelera\u00e7\u00e3o economia acontecendo e desafios em rela\u00e7\u00e3o \u00e0 China, acho que o Brasil est\u00e1 bem posicionado. <\/p>\n\n\n\n<p>A gente tem um cen\u00e1rio macro que surpreendeu positivamente, com crescimento de 1% no ano que vem e infla\u00e7\u00e3o que l\u00e1 em 2024 vai estar convergindo (para o centro da meta). O Banco Central brasileiro fez o trabalho que tinha que ser feito e subiu os juros de 2% para 13,75%. <\/p>\n\n\n\n<p>Mesmo os pa\u00edses emergentes n\u00e3o tiveram essa capacidade de rea\u00e7\u00e3o t\u00e3o r\u00e1pida, por isso o brasil est\u00e1 bem posicionado. <\/p>\n\n\n\n<h2 class=\"wp-block-heading\">IN$ &#8211; \u00c9 poss\u00edvel saber qual ser\u00e1 o cen\u00e1rio econ\u00f4mico p\u00f3s-elei\u00e7\u00f5es? <\/h2>\n\n\n\n<p><strong>Silverio &#8211;<\/strong> Independente de quem for declarado vencedor no domingo, o desafio vai ser trazer uma reancoragem fiscal. Quem quer que ganhe vai ter todo o incentivo seja econ\u00f4mico, seja politico de n\u00e3o explodir o fiscal em 2023. <\/p>\n\n\n\n<p>\u00c9 s\u00f3 acompanhar como funciona o ciclo pol\u00edtico\/fiscal do Brasil ao longo das ultimas d\u00e9cadas. O governo quando entra, seja reeleito ou novo, o primeiro ano \u00e9 para arrumar a casa e preparar os quatro anos. <\/p>\n\n\n\n<p>Isso denota e traz a necessidade de segurar gasto. Vai manter o aux\u00edlio em R$ 600 e ter aumento do <a href=\"https:\/\/investnews.com.br\/guias\/salario-minimo\/\">sal\u00e1rio m\u00ednimo<\/a> real que j\u00e1 est\u00e3o contratados, seja no governo Lula ou Bolsonaro. Vai ter aumento de gasto publico. \u00c9 uma demanda da sociedade e fazemos parte dela. <\/p>\n\n\n\n<p>Mas como que se financia isso? \u00c9 ai que come\u00e7a a se escapar das intercess\u00f5es (&#8230;) L\u00f3gico que tem toda uma narrativa, no final do dia o que vai acontecer \u00e9 que no ano que vem vamos ter que encontrar maneiras de financiar o gasto p\u00fablico. <\/p>\n\n\n\n<p>A\u00ed \u00e9 que o bicho pega. S\u00e3o dois modelos muitos diferentes. Dentro da inser\u00e7\u00e3o ainda, acho que a gente vai subir carga tribut\u00e1ria no brasil, n\u00e3o vamos escapar disso, seja por meio de (taxa\u00e7\u00e3o) <a href=\"https:\/\/investnews.com.br\/guias\/dividendos-o-que-sao-como-funcionam\/\">dividendos<\/a> (&#8230;).<\/p>\n\n\n\n<p>A gente vai ter um aumento de carga que pode ser atrav\u00e9s do imposto mais progressivo do ponto de vista da pessoa f\u00edsica ou direcionar alguns setores da economia para pagar mais impostos. <\/p>\n\n\n\n<p>Agora, um candidato defende um tipo de atua\u00e7\u00e3o, com menor participa\u00e7\u00e3o do Estado e com privatiza\u00e7\u00f5es, o outro acredita no gasto publico. Um vai demandar mais tributo, o outro talvez vai financiar isso com a venda de estatais, por exemplo. <\/p>\n\n\n\n<h2 class=\"wp-block-heading\">IN$ &#8211; Como ter uma estrat\u00e9gia de investimentos em meio \u00e0 incertezas? <\/h2>\n\n\n\n<p><strong>Silverio &#8211;<\/strong> \u00c9 um cen\u00e1rio bin\u00e1rio para alguns ativos. Petrobras \u00e9 bin\u00e1rio, pode subir muito ou cair muito (dependendo do resultado da elei\u00e7\u00e3o).  Ao olhar para o portf\u00f3lio dos nosso clientes, o nosso papel \u00e9 identificar o que pode ir bem e pode ir mal, independentemente de quem ganhar (a elei\u00e7\u00e3o). Estamos h\u00e1 meses debru\u00e7ados nisso. A gente est\u00e1 em busca das assimetrias (&#8230;)<\/p>\n\n\n\n<p>Achamos que os juros no Brasil v\u00e3o cair, pode cair em uma velocidade ou em outra, mas o juro vai cair no ano que vem. A intercess\u00e3o \u00e9 essa. Temos um especialista que vai olhar se \u00e9 melhor estar no juro real, nominal. <\/p>\n\n\n\n<p>O real por exemplo pode ter algum tipo de movimento muito bin\u00e1rio forte, muito para cima ou muito para baixo. Se o real cair, porque algum dos candidatos assusta mais, \u00e9 uma excelente oportunidade. A gente ter que ser pragm\u00e1tico, \u00e9 nosso dever. <\/p>\n","protected":false},"excerpt":{"rendered":"<p>Ex-CIO da AZ Quest diz que o aumento de impostos ser\u00e1 indispens\u00e1vel, independentemente de quem ganhar as elei\u00e7\u00f5es. <\/p>\n","protected":false},"author":53,"featured_media":377868,"comment_status":"closed","ping_status":"open","sticky":false,"template":"","format":"standard","meta":{"_acf_changed":false,"inline_featured_image":false,"footnotes":""},"categories":[4],"tags":[2495,1636,763,434],"autor-wsj":[],"coauthors":[2433],"class_list":["post-377615","post","type-post","status-publish","format-standard","has-post-thumbnail","hentry","category-financas","tag-auxilio-brasil","tag-contas-publicas","tag-eleicoes","tag-impostos"],"acf":[],"amp_enabled":true,"_links":{"self":[{"href":"https:\/\/investnews.com.br\/inv-api\/wp\/v2\/posts\/377615","targetHints":{"allow":["GET"]}}],"collection":[{"href":"https:\/\/investnews.com.br\/inv-api\/wp\/v2\/posts"}],"about":[{"href":"https:\/\/investnews.com.br\/inv-api\/wp\/v2\/types\/post"}],"author":[{"embeddable":true,"href":"https:\/\/investnews.com.br\/inv-api\/wp\/v2\/users\/53"}],"replies":[{"embeddable":true,"href":"https:\/\/investnews.com.br\/inv-api\/wp\/v2\/comments?post=377615"}],"version-history":[{"count":37,"href":"https:\/\/investnews.com.br\/inv-api\/wp\/v2\/posts\/377615\/revisions"}],"predecessor-version":[{"id":773756,"href":"https:\/\/investnews.com.br\/inv-api\/wp\/v2\/posts\/377615\/revisions\/773756"}],"wp:featuredmedia":[{"embeddable":true,"href":"https:\/\/investnews.com.br\/inv-api\/wp\/v2\/media\/377868"}],"wp:attachment":[{"href":"https:\/\/investnews.com.br\/inv-api\/wp\/v2\/media?parent=377615"}],"wp:term":[{"taxonomy":"category","embeddable":true,"href":"https:\/\/investnews.com.br\/inv-api\/wp\/v2\/categories?post=377615"},{"taxonomy":"post_tag","embeddable":true,"href":"https:\/\/investnews.com.br\/inv-api\/wp\/v2\/tags?post=377615"},{"taxonomy":"autor-wsj","embeddable":true,"href":"https:\/\/investnews.com.br\/inv-api\/wp\/v2\/autor-wsj?post=377615"},{"taxonomy":"author","embeddable":true,"href":"https:\/\/investnews.com.br\/inv-api\/wp\/v2\/coauthors?post=377615"}],"curies":[{"name":"wp","href":"https:\/\/api.w.org\/{rel}","templated":true}]}}