{"id":379685,"date":"2022-11-03T08:48:18","date_gmt":"2022-11-03T11:48:18","guid":{"rendered":"https:\/\/investnews.com.br\/?p=379685"},"modified":"2022-11-03T08:48:19","modified_gmt":"2022-11-03T11:48:19","slug":"arthur-lira-sinaliza-que-pode-votar-correcao-do-ir-este-ano","status":"publish","type":"post","link":"https:\/\/investnews.com.br\/economia\/arthur-lira-sinaliza-que-pode-votar-correcao-do-ir-este-ano\/","title":{"rendered":"Arthur Lira sinaliza que pode votar corre\u00e7\u00e3o do IR este ano"},"content":{"rendered":"\n<p>O presidente da C\u00e2mara, Arthur Lira (PP-AL), sinalizou em reuni\u00e3o com l\u00edderes partid\u00e1rios que, se o <a href=\"https:\/\/investnews.com.br\/economia\/os-nomes-que-ganham-forca-para-a-petrobras-o-bndes-e-a-fazenda\/\" class=\"rank-math-link\">governo Lula<\/a> quiser, ele colocar\u00e1 a corre\u00e7\u00e3o da faixa de isen\u00e7\u00e3o do <a href=\"https:\/\/investnews.com.br\/guias\/imposto-de-renda-o-que-e\/\">Imposto de Renda<\/a> da Pessoa F\u00edsica (IRPF) para ser votada ainda neste ano.<\/p>\n\n\n\n<p>A corre\u00e7\u00e3o da tabela do IRPF para cinco sal\u00e1rios m\u00ednimos (hoje, R$ 6.060) \u00e9 uma das promessas tanto do presidente eleito Luiz In\u00e1cio Lula da Silva quanto do presidente Jair Bolsonaro, derrotado nas elei\u00e7\u00f5es deste ano. O limite est\u00e1 em R$ 1,9 mil, valor n\u00e3o corrigido desde 2015, \u00e0 \u00e9poca do governo de Dilma Rousseff. Como mostrou o&nbsp;<strong>Estad\u00e3o<\/strong>, se a tabela n\u00e3o for corrigida, quem recebe 1,5 <a href=\"https:\/\/investnews.com.br\/guias\/salario-minimo\/\">sal\u00e1rio m\u00ednimo<\/a> pagar\u00e1 IR no ano que vem.<\/p>\n\n\n\n<p>Projeto do deputado Danilo Forte (Uni\u00e3o-CE), apresentado em agosto, prev\u00ea a corre\u00e7\u00e3o da faixa para quatro sal\u00e1rios m\u00ednimos, mas trata s\u00f3 desse assunto. A proposta n\u00e3o mexe em outros pontos da tributa\u00e7\u00e3o do IR como o projeto aprovado pela C\u00e2mara com ampla maioria que prev\u00ea a volta da taxa\u00e7\u00e3o de lucros e <a href=\"https:\/\/investnews.com.br\/guias\/dividendos-o-que-sao-como-funcionam\/\">dividendos<\/a> para acionistas de empresas. Esse projeto teve apoio de Lira para ser aprovado, mas ficou na geladeira no Senado.<\/p>\n\n\n\n<h2 class=\"wp-block-heading\"><strong>Janela<\/strong><\/h2>\n\n\n\n<figure class=\"wp-block-image size-large\"><img loading=\"lazy\" decoding=\"async\" width=\"1024\" height=\"683\" src=\"https:\/\/media.investnews.com.br\/uploads\/2022\/07\/2022-07-07T225749Z_1_LYNXMPEI66153_RTROPTP_4_BRAZIL-FUEL-1-1024x683.jpg\" alt=\"\" class=\"wp-image-343592\" srcset=\"https:\/\/media.investnews.com.br\/uploads\/2022\/07\/2022-07-07T225749Z_1_LYNXMPEI66153_RTROPTP_4_BRAZIL-FUEL-1-1024x683.jpg 1024w, https:\/\/media.investnews.com.br\/uploads\/2022\/07\/2022-07-07T225749Z_1_LYNXMPEI66153_RTROPTP_4_BRAZIL-FUEL-1-300x200.jpg 300w, https:\/\/media.investnews.com.br\/uploads\/2022\/07\/2022-07-07T225749Z_1_LYNXMPEI66153_RTROPTP_4_BRAZIL-FUEL-1-768x512.jpg 768w, https:\/\/media.investnews.com.br\/uploads\/2022\/07\/2022-07-07T225749Z_1_LYNXMPEI66153_RTROPTP_4_BRAZIL-FUEL-1-1536x1024.jpg 1536w, https:\/\/media.investnews.com.br\/uploads\/2022\/07\/2022-07-07T225749Z_1_LYNXMPEI66153_RTROPTP_4_BRAZIL-FUEL-1-1256x837.jpg 1256w, https:\/\/media.investnews.com.br\/uploads\/2022\/07\/2022-07-07T225749Z_1_LYNXMPEI66153_RTROPTP_4_BRAZIL-FUEL-1-172x115.jpg 172w, https:\/\/media.investnews.com.br\/uploads\/2022\/07\/2022-07-07T225749Z_1_LYNXMPEI66153_RTROPTP_4_BRAZIL-FUEL-1-150x100.jpg 150w, https:\/\/media.investnews.com.br\/uploads\/2022\/07\/2022-07-07T225749Z_1_LYNXMPEI66153_RTROPTP_4_BRAZIL-FUEL-1.jpg 2048w\" sizes=\"auto, (max-width: 1024px) 100vw, 1024px\" \/><figcaption>06\/06\/2022\nREUTERS\/Adriano Machado<\/figcaption><\/figure>\n\n\n\n<p>&#8220;Na reuni\u00e3o de l\u00edderes, houve a sinaliza\u00e7\u00e3o do presidente da C\u00e2mara de que, se houver concord\u00e2ncia com o governo eleito, a C\u00e2mara est\u00e1 preparada e disposta a pautar o tema na Casa&#8221;, informou Forte ao&nbsp;<strong>Estad\u00e3o<\/strong>, sobre o encontro da segunda-feira \u00e0 noite. &#8220;Temos uma janela para aprovar projetos urgentes e de consenso no Legislativo ainda este ano. Um desses temas \u00e9 justamente a corre\u00e7\u00e3o da tabela, que fez parte da agenda dos dois dos candidatos&#8221;, destacou. Os termos do projeto seriam acertados com o governo de transi\u00e7\u00e3o.<\/p>\n\n\n\n<p>Pelo projeto de Forte, a faixa de isen\u00e7\u00e3o vai at\u00e9 R$ 5,2 mil. Acima desse valor, haveria al\u00edquotas progressivas e parcelas de dedu\u00e7\u00e3o do imposto.<\/p>\n\n\n\n<p>H\u00e1 uma preocupa\u00e7\u00e3o dos economistas que discutem a <a href=\"https:\/\/investnews.com.br\/economia\/governo-quer-reformar-ir-apos-eleicao-com-taxacao-de-dividendo\/\" class=\"rank-math-link\">reforma do IR<\/a> de evitar as distor\u00e7\u00f5es introduzidas no texto j\u00e1 aprovado pela C\u00e2mara e que fazem com que grupos de pessoas de alta renda paguem ainda menos impostos. Nesse projeto, a faixa de corre\u00e7\u00e3o \u00e9 elevada de R$ 1,9 mil para R$ 2,5 mil mensais.<\/p>\n\n\n\n<p>A reportagem apurou que o debate no PT n\u00e3o est\u00e1 maduro para ter uma posi\u00e7\u00e3o ainda este ano. O temor maior no partido \u00e9 de o Congresso aprovar um projeto muito ruim e deixar para o presidente Jair Bolsonaro sancion\u00e1-lo.<\/p>\n\n\n\n<p>Al\u00e9m disso, especialistas em tributa\u00e7\u00e3o que auxiliam o governo eleito defendem que a corre\u00e7\u00e3o da faixa de isen\u00e7\u00e3o seja gradual devido ao potencial elevado de perda de arrecada\u00e7\u00e3o, dificultando inclusive o avan\u00e7o numa desonera\u00e7\u00e3o da folha das empresas (corte em encargos cobrados sobre os sal\u00e1rios).<\/p>\n\n\n\n<p>Um dos desafios \u00e9 incluir a promessa de isentar do IR quem ganha at\u00e9 cinco m\u00ednimos &#8211; medida que os tributaristas do partido consideram mais regressiva, ou seja, que prejudica os mais pobres.<\/p>\n\n\n\n<p>O consenso na equipe de Lula \u00e9 de que, sem derrubar a isen\u00e7\u00e3o de impostos sobre lucros e dividendos de acionistas das empresas com faturamento de at\u00e9 R$ 4,8 milh\u00f5es (Simples e lucro presumido), n\u00e3o haver\u00e1 espa\u00e7o fiscal nem para corrigir a tabela nem para desonerar a folha.<\/p>\n","protected":false},"excerpt":{"rendered":"<p>Corre\u00e7\u00e3o da tabela do IRPF para cinco sal\u00e1rios m\u00ednimos (hoje, R$ 6.060) \u00e9 uma das promessas tanto do presidente eleito Luiz In\u00e1cio Lula da Silva quanto do presidente Jair Bolsonaro, derrotado nas elei\u00e7\u00f5es deste ano.<\/p>\n","protected":false},"author":62,"featured_media":343592,"comment_status":"closed","ping_status":"open","sticky":false,"template":"","format":"standard","meta":{"_acf_changed":false,"inline_featured_image":false,"footnotes":""},"categories":[5],"tags":[2346,499,44],"autor-wsj":[],"coauthors":[2499],"class_list":["post-379685","post","type-post","status-publish","format-standard","has-post-thumbnail","hentry","category-economia","tag-arthur-lira","tag-economia","tag-imposto-de-renda"],"acf":[],"amp_enabled":true,"_links":{"self":[{"href":"https:\/\/investnews.com.br\/inv-api\/wp\/v2\/posts\/379685","targetHints":{"allow":["GET"]}}],"collection":[{"href":"https:\/\/investnews.com.br\/inv-api\/wp\/v2\/posts"}],"about":[{"href":"https:\/\/investnews.com.br\/inv-api\/wp\/v2\/types\/post"}],"author":[{"embeddable":true,"href":"https:\/\/investnews.com.br\/inv-api\/wp\/v2\/users\/62"}],"replies":[{"embeddable":true,"href":"https:\/\/investnews.com.br\/inv-api\/wp\/v2\/comments?post=379685"}],"version-history":[{"count":2,"href":"https:\/\/investnews.com.br\/inv-api\/wp\/v2\/posts\/379685\/revisions"}],"predecessor-version":[{"id":379694,"href":"https:\/\/investnews.com.br\/inv-api\/wp\/v2\/posts\/379685\/revisions\/379694"}],"wp:featuredmedia":[{"embeddable":true,"href":"https:\/\/investnews.com.br\/inv-api\/wp\/v2\/media\/343592"}],"wp:attachment":[{"href":"https:\/\/investnews.com.br\/inv-api\/wp\/v2\/media?parent=379685"}],"wp:term":[{"taxonomy":"category","embeddable":true,"href":"https:\/\/investnews.com.br\/inv-api\/wp\/v2\/categories?post=379685"},{"taxonomy":"post_tag","embeddable":true,"href":"https:\/\/investnews.com.br\/inv-api\/wp\/v2\/tags?post=379685"},{"taxonomy":"autor-wsj","embeddable":true,"href":"https:\/\/investnews.com.br\/inv-api\/wp\/v2\/autor-wsj?post=379685"},{"taxonomy":"author","embeddable":true,"href":"https:\/\/investnews.com.br\/inv-api\/wp\/v2\/coauthors?post=379685"}],"curies":[{"name":"wp","href":"https:\/\/api.w.org\/{rel}","templated":true}]}}