{"id":381208,"date":"2022-11-08T09:24:41","date_gmt":"2022-11-08T12:24:41","guid":{"rendered":"https:\/\/investnews.com.br\/?p=381208"},"modified":"2022-11-08T09:26:25","modified_gmt":"2022-11-08T12:26:25","slug":"carrefour-busca-ganhar-mercado-na-franca-com-modelo-do-atacadao","status":"publish","type":"post","link":"https:\/\/investnews.com.br\/negocios\/carrefour-busca-ganhar-mercado-na-franca-com-modelo-do-atacadao\/","title":{"rendered":"Carrefour busca ganhar mercado na Fran\u00e7a com modelo do Atacad\u00e3o"},"content":{"rendered":"\n<p>A mais nova ferramenta da operadora francesa de supermercados <strong>Carrefour&nbsp;<\/strong>(<a rel=\"noreferrer noopener\" href=\"https:\/\/investnews.com.br\/cotacao\/crfb3-carrefour\/\" target=\"_blank\" class=\"rank-math-link\">CRFB3<\/a>) para melhor atender aos consumidores cujos or\u00e7amentos s\u00e3o corro\u00eddos pela infla\u00e7\u00e3o \u00e9 o modelo adotado com o Atacad\u00e3o.<\/p>\n\n\n\n<p>A varejista disse nesta ter\u00e7a-feira (8) que planeja abrir sua primeira unidade \u201ccash-and-carry\u201d, o chamado atacarejo, sob essa marca na regi\u00e3o de Paris at\u00e9 o fim do pr\u00f3ximo ano. O <a class=\"rank-math-link\" href=\"https:\/\/investnews.com.br\/negocios\/carrefour-brasil-acelera-conversoes-de-lojas-e-vendas-disparam-414-no-3o-tri\/\">Carrefour<\/a> tamb\u00e9m vai acelerar a expans\u00e3o da rede no Brasil, com 200 novas lojas planejadas at\u00e9 2026.<\/p>\n\n\n\n<p>A medida faz parte da nova meta do CEO <strong>Alexandre Bompard<\/strong> de obter 40% da receita em alimentos a partir de produtos de marca pr\u00f3pria em 2026, acima dos 33% atuais. Sua nova estrat\u00e9gia, apresentada nesta ter\u00e7a aos investidores, segue incurs\u00f5es malsucedidas de outros varejistas como <strong>Tesco<\/strong> e <strong>Sainsbury<\/strong> na modalidade de lojas de desconto.<\/p>\n\n\n\n<figure class=\"wp-block-image size-large\"><img decoding=\"async\" src=\"https:\/\/media.investnews.com.br\/uploads\/2021\/05\/2021-05-11T222130Z_1_LYNXMPEH4A1GE_RTROPTP_4_VAREJO-CARRFOUR-RESULTS-1024x603.jpg\" alt=\"\" class=\"wp-image-247239\"\/><figcaption>Logotipo do Carrefour em carrinhos de supermercado em S\u00e3o Paulo. 18\/7\/2017. REUTERS\/Paulo Whitaker<\/figcaption><\/figure>\n\n\n\n<p>O Atacad\u00e3o \u00e9 a maior rede de atacarejo do Brasil, com a venda a granel para consumidores, revendedores e prestadores de servi\u00e7os de alimenta\u00e7\u00e3o em cerca de 270 unidades. A rede dobrou o n\u00famero de lojas nos \u00faltimos quatro anos, atraindo mais consumidores em meio \u00e0s altas taxas de infla\u00e7\u00e3o no pa\u00eds.<\/p>\n\n\n\n<p>O Carrefour tamb\u00e9m anunciou um plano de economia de custos de 4 bilh\u00f5es de euros (US$ 4 bilh\u00f5es) e meta de atingir fluxo de caixa l\u00edquido livre de mais de 1,7 bilh\u00e3o de euros at\u00e9 2026.<\/p>\n\n\n\n<p>Embora Bompard tenha acelerado os esfor\u00e7os da rede para tornar as unidades na Fran\u00e7a mais eficientes, as a\u00e7\u00f5es da varejista s\u00e3o negociadas abaixo do n\u00edvel quando o CEO assumiu o comando em 2017.<\/p>\n","protected":false},"excerpt":{"rendered":"<p>A varejista planeja abrir sua primeira unidade de &#8220;atacarejo&#8221; na regi\u00e3o de Paris at\u00e9 o fim do pr\u00f3ximo ano.<\/p>\n","protected":false},"author":76,"featured_media":102136,"comment_status":"closed","ping_status":"open","sticky":false,"template":"","format":"standard","meta":{"_acf_changed":false,"inline_featured_image":false,"footnotes":""},"categories":[6],"tags":[],"autor-wsj":[],"coauthors":[101325],"class_list":["post-381208","post","type-post","status-publish","format-standard","has-post-thumbnail","hentry","category-negocios"],"acf":[],"amp_enabled":true,"_links":{"self":[{"href":"https:\/\/investnews.com.br\/inv-api\/wp\/v2\/posts\/381208","targetHints":{"allow":["GET"]}}],"collection":[{"href":"https:\/\/investnews.com.br\/inv-api\/wp\/v2\/posts"}],"about":[{"href":"https:\/\/investnews.com.br\/inv-api\/wp\/v2\/types\/post"}],"author":[{"embeddable":true,"href":"https:\/\/investnews.com.br\/inv-api\/wp\/v2\/users\/76"}],"replies":[{"embeddable":true,"href":"https:\/\/investnews.com.br\/inv-api\/wp\/v2\/comments?post=381208"}],"version-history":[{"count":3,"href":"https:\/\/investnews.com.br\/inv-api\/wp\/v2\/posts\/381208\/revisions"}],"predecessor-version":[{"id":381251,"href":"https:\/\/investnews.com.br\/inv-api\/wp\/v2\/posts\/381208\/revisions\/381251"}],"wp:featuredmedia":[{"embeddable":true,"href":"https:\/\/investnews.com.br\/inv-api\/wp\/v2\/media\/102136"}],"wp:attachment":[{"href":"https:\/\/investnews.com.br\/inv-api\/wp\/v2\/media?parent=381208"}],"wp:term":[{"taxonomy":"category","embeddable":true,"href":"https:\/\/investnews.com.br\/inv-api\/wp\/v2\/categories?post=381208"},{"taxonomy":"post_tag","embeddable":true,"href":"https:\/\/investnews.com.br\/inv-api\/wp\/v2\/tags?post=381208"},{"taxonomy":"autor-wsj","embeddable":true,"href":"https:\/\/investnews.com.br\/inv-api\/wp\/v2\/autor-wsj?post=381208"},{"taxonomy":"author","embeddable":true,"href":"https:\/\/investnews.com.br\/inv-api\/wp\/v2\/coauthors?post=381208"}],"curies":[{"name":"wp","href":"https:\/\/api.w.org\/{rel}","templated":true}]}}