{"id":381636,"date":"2022-11-09T05:00:30","date_gmt":"2022-11-09T08:00:30","guid":{"rendered":"https:\/\/investnews.com.br\/?p=381636"},"modified":"2022-11-09T09:32:58","modified_gmt":"2022-11-09T12:32:58","slug":"anuncio-de-grupo-eleva-expectativa-de-nome-tecnico-para-ministerio-da-economia","status":"publish","type":"post","link":"https:\/\/investnews.com.br\/economia\/anuncio-de-grupo-eleva-expectativa-de-nome-tecnico-para-ministerio-da-economia\/","title":{"rendered":"Nomes da equipe de transi\u00e7\u00e3o elevam expectativa por ministro t\u00e9cnico da Economia"},"content":{"rendered":"\n<p>O an\u00fancio dos <a href=\"https:\/\/investnews.com.br\/geral\/alckmin-anuncia-grupo-tecnico-para-transicao-na-area-economica\/\" class=\"rank-math-link\">nomes para compor grupo t\u00e9cnico na \u00e1rea de economia <\/a>na <strong>transi\u00e7\u00e3o de governo <\/strong>n\u00e3o deu pistas claras de quem deve ser o<strong> novo ministro da Economia<\/strong> a partir de 2023, quando o <a href=\"https:\/\/investnews.com.br\/geral\/lula-e-eleito-presidente-da-republica-em-2o-turno\/\" class=\"rank-math-link\">presidente eleito<\/a>, <strong>Luiz In\u00e1cio Lula da Silva<\/strong>, inicia seu novo mandato. No entanto, especialistas apontam que a maior expectativa \u00e9 de um <strong>nome t\u00e9cnico<\/strong> para o comando da pasta, e qualquer cen\u00e1rio diferente desse pode ser um \u201cbanho de \u00e1gua fria\u201d para o mercado.&nbsp;<\/p>\n\n\n\n<p>Na ter\u00e7a-feira (8), o vice-presidente eleito e coordenador da transi\u00e7\u00e3o de governo, Geraldo Alckmin, anunciou o grupo t\u00e9cnico na \u00e1rea de economia com<strong> Andr\u00e9 Lara Resende, Guilherme Mello, Nelson Barbosa e P\u00e9rsio Arida.<\/strong><\/p>\n\n\n\n<p>Dos quatro economistas, Guilherme Mello, professor da Unicamp, e Nelson Barbosa, ex-ministro da Fazenda no governo de Dilma Rousseff, s\u00e3o <strong>ligados ao PT<\/strong>. J\u00e1 Andr\u00e9 Lara Resende e P\u00e9rsio Arida, com liga\u00e7\u00f5es hist\u00f3ricas com o PSDB, est\u00e3o entre os<strong> formuladores do Plano Real<\/strong>. Outro nome que deve ainda ser parte da equipe de transi\u00e7\u00e3o \u00e9 do ex-ministro da Fazenda de Lula e Dilma <strong>Guido Mantega<\/strong>.<\/p>\n\n\n\n<p>Alckmin disse que Lula tem lembrado que <strong>fazer parte da transi\u00e7\u00e3o n\u00e3o significa automaticamente fazer parte do governo<\/strong>. No entanto, a divulga\u00e7\u00e3o dos nomes j\u00e1 alimentou expectativas sobre quem pode assumir o minist\u00e9rio da Economia.<\/p>\n\n\n\n<p>Al\u00e9m dos nomes anunciados, tamb\u00e9m chegaram a ser cogitados para o cargo <strong>Henrique Meirelles,<\/strong> que foi presidente do Banco Central no governo Lula e ministro da Fazenda no governo de Michel Temer, e <strong>Fernando Haddad,<\/strong> que j\u00e1 foi ministro da educa\u00e7\u00e3o.&nbsp;<\/p>\n\n\n\n<p>\u201cTeve uma especula\u00e7\u00e3o na semana passada em rela\u00e7\u00e3o ao <a href=\"https:\/\/investnews.com.br\/economia\/nao-ha-razao-para-ter-tumulto-diz-henrique-meirelles-apos-vitoria-de-lula\/\">Henrique Meirelles<\/a> e o mercado reagiu super bem. Nesta semana, teve uma <a href=\"https:\/\/www.youtube.com\/watch?v=RyO-v7LfVLU\" target=\"_blank\" rel=\"noopener\">especula\u00e7\u00e3o em rela\u00e7\u00e3o ao Fernando Haddad<\/a>, que n\u00e3o \u00e9 economista, ent\u00e3o o mercado reagiu super mal\u201d, lembra Alison Correia, CEO da Top Gain.&nbsp;<\/p>\n\n\n\n<p>Mas Haddad n\u00e3o foi o \u00fanico nome mal-recebido pelo mercado, conforme aponta Leandro Petrokas, Diretor de Research e s\u00f3cio da Quantzed. \u201cMe parece que o mercado n\u00e3o gostou dos nomes que foram citados na ter\u00e7a muito por flertarem mais com a centro-esquerda. O pr\u00f3prio<strong> Nelson Barbosa<\/strong> fez parte do governo Dilma no passado\u201d, menciona.&nbsp;<\/p>\n\n\n\n<p>De qualquer forma, para Correia, \u201cexiste uma grande expectativa de que ele (Lula) possa compor um time muito dentro daquele que ele montou em<strong> 2003, no seu primeiro governo<\/strong>. Por mais que o ministro, na \u00e9poca, fosse o (Antonio)<strong> Palocci<\/strong>, que n\u00e3o era economista, era m\u00e9dico, ele (Lula) trouxe o Henrique Meirelles, <strong>Marcos Lisboa, Joaquim Levy<\/strong>. Ele montou um time muito forte naquela \u00e9poca, que agradou o mercado, que soube trabalhar muito bem pautas econ\u00f4micas.\u201d<\/p>\n\n\n\n<p>Maciel Vicente da Silva, Consultor de C\u00e2mbio da iHUB, diz que \u201ca equipe de transi\u00e7\u00e3o anunciada por Geraldo Alckmin, composta por Andr\u00e9 Lara Resende, Persio Arida, Guilherme Mello e Nelson Barbosa, indica a<strong> preocupa\u00e7\u00e3o do futuro governo com a quest\u00e3o fiscal<\/strong>\u201d.&nbsp;<\/p>\n\n\n\n<h2 class=\"wp-block-heading\"><strong>Ministro t\u00e9cnico x ministro pol\u00edtico: como fica o d\u00f3lar?<\/strong><\/h2>\n\n\n\n<figure class=\"wp-block-embed-wordpress wp-block-embed is-type-wp-embed is-provider-flourish\"><div class=\"wp-block-embed__wrapper\">\n<iframe loading=\"lazy\" class=\"wp-embedded-content\" sandbox=\"allow-scripts\" security=\"restricted\" title=\"Interactive or visual content\" src=\"https:\/\/flo.uri.sh\/visualisation\/11748334\/embed#?secret=zhhfhBGsHH\" data-secret=\"zhhfhBGsHH\" frameborder=\"0\" scrolling=\"no\" height=\"575\" width=\"500\"><\/iframe>\n<\/div><\/figure>\n\n\n\n<p>Felipe Steiman, Gerente de Desenvolvimento de Neg\u00f3cios da B&amp;T C\u00e2mbio, lembra que \u201c<strong>o mercado sempre vai preferir nomes t\u00e9cnicos do que pol\u00edticos<\/strong>. Uma escolha puramente pol\u00edtica mostrar\u00e1 ao mercado que a <strong>quest\u00e3o fiscal <\/strong>n\u00e3o \u00e9 prioridade, e que pautas relacionadas a reformas e privatiza\u00e7\u00f5es talvez possam ser deixadas de lado\u201d.<\/p>\n\n\n\n<p>Na mesma linha, Fabr\u00edcio Gon\u00e7alvez, CEO da Box <a href=\"https:\/\/investnews.com.br\/guias\/asset-management\/\">Asset Management<\/a>, diz que \u201cuma pol\u00edtica econ\u00f4mica populista, voltada para gastos elevados, e uma menor preocupa\u00e7\u00e3o fiscal elevariam o risco de investimentos no pa\u00eds, consequentemente haveria uma <strong>fuga de capital estrangeiro<\/strong>, resultando na desvaloriza\u00e7\u00e3o do real perante ao d\u00f3lar\u201d.&nbsp;<\/p>\n\n\n\n<p>Nesse cen\u00e1rio, os especialistas ouvidos pelo <em><strong>InvestNews<\/strong> <\/em>estimam os efeitos da escolha sobre o c\u00e2mbio. Nos \u00faltimos dias, o d\u00f3lar chegou a oscilar <strong>entre R$ 5,05 e R$ 5,24<\/strong>. A estimativa do mercado, segundo o \u00faltimo <a href=\"https:\/\/investnews.com.br\/guias\/boletim-focus-entenda-o-que-e\/\">Boletim Focus<\/a>, \u00e9 de que a moeda encerre o ano em<strong> R$ 5,20.<\/strong>&nbsp;<\/p>\n\n\n\n<p>Gon\u00e7alvez acredita que o d\u00f3lar deve seguir nessa faixa at\u00e9 o final do ano, \u201cvisto que os principais fatores que influenciam a moeda<strong> j\u00e1 est\u00e3o precificados <\/strong>pelo o mercado\u201d. O que poderia alterar esse cen\u00e1rio seria \u201ca escolha de um perfil pol\u00edtico para o cargo\u201d de ministro da Economia. O especialista diz que isso &#8220;poderia causar uma oscila\u00e7\u00e3o moment\u00e2nea negativa e acima das proje\u00e7\u00f5es da cota\u00e7\u00e3o do Banco Central\u201d.&nbsp;<\/p>\n\n\n\n<p>Correia, CEO da Top Gain, comenta que \u201ca expectativa \u00e9 de que, se (for anunciado) um nome forte, uma equipe igual \u00e0 que foi montada no primeiro mandato (de Lula, em 2003), <strong>a ideia \u00e9 que o d\u00f3lar venha para R$ 4,85<\/strong>, aproximadamente, at\u00e9 o primeiro trimestre do ano que vem.\u201d<\/p>\n\n\n\n<p>\u201cAgora, se entrar algum aventureiro, uma pessoa com vi\u00e9s mais populista, sabendo que a gente j\u00e1 vai &#8216;startar&#8217; com o <a href=\"https:\/\/investnews.com.br\/economia\/transicao-tera-pec-para-contemplar-promessas-de-campanha-e-furos-do-orcamento\/\">governo visando romper teto<\/a>, sem sombra de d\u00favida <strong>o d\u00f3lar pode caminhar para R$ 5,50 ou R$ 6<\/strong> de uma forma muito f\u00e1cil\u201d, complementa ele.<\/p>\n","protected":false},"excerpt":{"rendered":"<p>Frustra\u00e7\u00e3o dessa perspectiva levaria a alta do d\u00f3lar, dizem especialistas.<\/p>\n","protected":false},"author":31,"featured_media":268006,"comment_status":"closed","ping_status":"open","sticky":false,"template":"","format":"standard","meta":{"_acf_changed":false,"inline_featured_image":false,"footnotes":""},"categories":[5],"tags":[763,2370,240],"autor-wsj":[],"coauthors":[1908,101284],"class_list":["post-381636","post","type-post","status-publish","format-standard","has-post-thumbnail","hentry","category-economia","tag-eleicoes","tag-luiz-inacio-lula-da-silva","tag-ministerio-da-economia"],"acf":[],"amp_enabled":true,"_links":{"self":[{"href":"https:\/\/investnews.com.br\/inv-api\/wp\/v2\/posts\/381636","targetHints":{"allow":["GET"]}}],"collection":[{"href":"https:\/\/investnews.com.br\/inv-api\/wp\/v2\/posts"}],"about":[{"href":"https:\/\/investnews.com.br\/inv-api\/wp\/v2\/types\/post"}],"author":[{"embeddable":true,"href":"https:\/\/investnews.com.br\/inv-api\/wp\/v2\/users\/31"}],"replies":[{"embeddable":true,"href":"https:\/\/investnews.com.br\/inv-api\/wp\/v2\/comments?post=381636"}],"version-history":[{"count":9,"href":"https:\/\/investnews.com.br\/inv-api\/wp\/v2\/posts\/381636\/revisions"}],"predecessor-version":[{"id":381989,"href":"https:\/\/investnews.com.br\/inv-api\/wp\/v2\/posts\/381636\/revisions\/381989"}],"wp:featuredmedia":[{"embeddable":true,"href":"https:\/\/investnews.com.br\/inv-api\/wp\/v2\/media\/268006"}],"wp:attachment":[{"href":"https:\/\/investnews.com.br\/inv-api\/wp\/v2\/media?parent=381636"}],"wp:term":[{"taxonomy":"category","embeddable":true,"href":"https:\/\/investnews.com.br\/inv-api\/wp\/v2\/categories?post=381636"},{"taxonomy":"post_tag","embeddable":true,"href":"https:\/\/investnews.com.br\/inv-api\/wp\/v2\/tags?post=381636"},{"taxonomy":"autor-wsj","embeddable":true,"href":"https:\/\/investnews.com.br\/inv-api\/wp\/v2\/autor-wsj?post=381636"},{"taxonomy":"author","embeddable":true,"href":"https:\/\/investnews.com.br\/inv-api\/wp\/v2\/coauthors?post=381636"}],"curies":[{"name":"wp","href":"https:\/\/api.w.org\/{rel}","templated":true}]}}