{"id":382722,"date":"2022-11-12T06:00:00","date_gmt":"2022-11-12T09:00:00","guid":{"rendered":"https:\/\/investnews.com.br\/?p=382722"},"modified":"2024-06-25T15:30:00","modified_gmt":"2024-06-25T18:30:00","slug":"as-declaracoes-de-lula-que-acenderam-o-alerta-do-mercado-financeiro","status":"publish","type":"post","link":"https:\/\/investnews.com.br\/economia\/as-declaracoes-de-lula-que-acenderam-o-alerta-do-mercado-financeiro\/","title":{"rendered":"Por que as declara\u00e7\u00f5es de Lula sobre a economia deixaram o mercado em alerta?"},"content":{"rendered":"\n<p>Passada a &#8220;lua de mel&#8221; do resultado das elei\u00e7\u00f5es, o mercado reagiu de forma negativa, no final desta semana, a falas do rec\u00e9m-eleito presidente <strong>Luis In\u00e1cio Lula da Silva<\/strong> sobre o quadro fiscal do pa\u00eds. <\/p>\n\n\n\n<p>Na quinta-feira (10), o Ibovespa, principal \u00edndice da B3, <a href=\"https:\/\/investnews.com.br\/financas\/ibovespa-dolar-cotacao-10-11-2022\/\" class=\"rank-math-link\">chegou a afundar 4%<\/a> e o d\u00f3lar ultrapassou R$ 5,40 ap\u00f3s o petista declarar que \u00e9 preciso colocar a quest\u00e3o social na frente de assuntos que interessam somente ao <a href=\"https:\/\/investnews.com.br\/guias\/como-funciona-o-mercado-financeiro\/\">mercado financeiro<\/a>.<\/p>\n\n\n\n<figure class=\"wp-block-image size-large\"><img loading=\"lazy\" decoding=\"async\" width=\"1024\" height=\"683\" src=\"https:\/\/media.investnews.com.br\/uploads\/2022\/11\/2022-11-07T204207Z_1_LYNXMPEIA60U2_RTROPTP_4_BRAZIL-ELECTION-LULA-1024x683.jpg\" alt=\"\" class=\"wp-image-381393\" srcset=\"https:\/\/media.investnews.com.br\/uploads\/2022\/11\/2022-11-07T204207Z_1_LYNXMPEIA60U2_RTROPTP_4_BRAZIL-ELECTION-LULA-1024x683.jpg 1024w, https:\/\/media.investnews.com.br\/uploads\/2022\/11\/2022-11-07T204207Z_1_LYNXMPEIA60U2_RTROPTP_4_BRAZIL-ELECTION-LULA-300x200.jpg 300w, https:\/\/media.investnews.com.br\/uploads\/2022\/11\/2022-11-07T204207Z_1_LYNXMPEIA60U2_RTROPTP_4_BRAZIL-ELECTION-LULA-768x512.jpg 768w, https:\/\/media.investnews.com.br\/uploads\/2022\/11\/2022-11-07T204207Z_1_LYNXMPEIA60U2_RTROPTP_4_BRAZIL-ELECTION-LULA-1536x1024.jpg 1536w, https:\/\/media.investnews.com.br\/uploads\/2022\/11\/2022-11-07T204207Z_1_LYNXMPEIA60U2_RTROPTP_4_BRAZIL-ELECTION-LULA-1256x837.jpg 1256w, https:\/\/media.investnews.com.br\/uploads\/2022\/11\/2022-11-07T204207Z_1_LYNXMPEIA60U2_RTROPTP_4_BRAZIL-ELECTION-LULA-172x115.jpg 172w, https:\/\/media.investnews.com.br\/uploads\/2022\/11\/2022-11-07T204207Z_1_LYNXMPEIA60U2_RTROPTP_4_BRAZIL-ELECTION-LULA-150x100.jpg 150w, https:\/\/media.investnews.com.br\/uploads\/2022\/11\/2022-11-07T204207Z_1_LYNXMPEIA60U2_RTROPTP_4_BRAZIL-ELECTION-LULA.jpg 2048w\" sizes=\"auto, (max-width: 1024px) 100vw, 1024px\" \/><figcaption>22\/08\/2022\nREUTERS\/Carla Carniel<\/figcaption><\/figure>\n\n\n\n<p>Ap\u00f3s a repercuss\u00e3o, Lula tentou minimizar a rea\u00e7\u00e3o de investidores, que reagiu mal a declara\u00e7\u00f5es suas criticando a necessidade de cumprir regra fiscal em detrimento de gastos sociais e defender que algumas despesas deveriam ser consideradas investimentos.<\/p>\n\n\n\n<p>&#8220;O mercado fica nervoso \u00e0 toa. Eu nunca vi um mercado t\u00e3o sens\u00edvel como o nosso. \u00c9 engra\u00e7ado que esse mercado n\u00e3o ficou nervoso com quatro anos do (governo Jair) Bolsonaro&#8221;, disse&nbsp;Lula&nbsp;ao deixar o Centro Cultural Banco do Brasil, sede da transi\u00e7\u00e3o de governo.<\/p>\n\n\n\n<p>Em discurso durante encontro com parlamentares aliados no Centro Cultural Banco do Brasil (CCBB), Lula da Silva fez cr\u00edticas \u00e0 &#8220;estabilidade fiscal&#8221;, defendeu que algumas despesas deveriam ser consideradas investimentos, falou sobre o papel dos bancos p\u00fablicos, criticou <a href=\"https:\/\/investnews.com.br\/guias\/dividendos-o-que-sao-como-funcionam\/\">dividendos<\/a> da Petrobras e fez declara\u00e7\u00f5es sobre crescimento e infla\u00e7\u00e3o.<\/p>\n\n\n\n<h2 class=\"wp-block-heading\">Opini\u00e3o do mercado<\/h2>\n\n\n\n<p>&#8220;Ap\u00f3s assumir o cargo \u00e9 esperado que o presidente eleito n\u00e3o adote mais um discurso &#8216;eleitoral&#8217;, portanto n\u00e3o haveria necessidade de ele ressaltar pontos mais populistas de sua proposta. Mas n\u00e3o foi o que ocorreu&#8221;, escreveu a equipe de research da Guide Investimentos em relat\u00f3rio.<\/p>\n\n\n\n<p>&#8220;Quanto mais o novo governo demora para fazer essa transi\u00e7\u00e3o, mais o mercado vai ficar nervoso&#8221;, diz Luciano Sobral, economista-chefe da Neo Investimentos. &#8220;O mercado est\u00e1 colocando um pre\u00e7o para esse cen\u00e1rio de mais gasto, sem uma fonte de financiamento clara.&#8221;<\/p>\n\n\n\n<p>&#8220;As declara\u00e7\u00f5es (do Lula) coroam uma percep\u00e7\u00e3o de uma mudan\u00e7a dessa linha (mais otimista) da semana passada. Agora, h\u00e1 uma vis\u00e3o de muita preocupa\u00e7\u00e3o com o que vem pela frente&#8221;, diz Silvio Campos Neto, economista da consultoria Tend\u00eancias. &#8220;\u00c9 um movimento que marca uma revers\u00e3o das expectativas do mercado com o novo governo.&#8221;<\/p>\n\n\n\n<p><em>Veja a seguir os temas levantados pelo presidente eleito<\/em> <em>nos quais o mercado est\u00e1 de olho:<\/em><\/p>\n\n\n\n<h2 class=\"wp-block-heading\">Gasto social x ajuste fiscal<\/h2>\n\n\n\n<p>Em sua fala, Lula questionou a preocupa\u00e7\u00e3o excessiva em cortas gastos e preservar o teto, que estabelece que as despesas p\u00fablicos n\u00e3o podem crescer acima da infla\u00e7\u00e3o.<\/p>\n\n\n\n<p>&#8220;Por que as pessoas s\u00e3o levadas a sofrerem por conta de garantir a tal da estabilidade fiscal desse pa\u00eds? Por que toda hora as pessoas falam que \u00e9 preciso cortar gastos, que \u00e9 preciso fazer super\u00e1vit, que \u00e9 preciso fazer teto de gastos? Por que as mesmas pessoas que discutem teto de gastos com seriedade n\u00e3o discutem a quest\u00e3o social neste pa\u00eds?&#8221;, questionou.<\/p>\n\n\n\n<p>Segundo &#8220;O Estado de S. Paulo&#8221;, ganhou for\u00e7a na equipe de transi\u00e7\u00e3o a op\u00e7\u00e3o de retirar as despesas do Aux\u00edlio Brasil do teto de forma permanente, o que desagradou o mercado. Para o setor financeiro, a sa\u00edda que vem sendo negociada pela equipe de transi\u00e7\u00e3o, que tamb\u00e9m teria de ser feita via PEC, pode deteriorar a trajet\u00f3ria de sustentabilidade da d\u00edvida p\u00fablica.<\/p>\n\n\n\n<p>Segundo o petista, \u00e9 preciso mudar a forma de encarar determinados gastos que s\u00e3o feitos pelo poder p\u00fablico. &#8220;\u00c9 preciso mudar alguns conceitos. Muitas coisas que s\u00e3o consideradas como gastos neste pa\u00eds, precisam passar a ser encaradas como investimento. N\u00e3o \u00e9 poss\u00edvel que se tenha cortado dinheiro da farm\u00e1cia popular em nome de que \u00e9 preciso cumprir a meta fiscal, cumprir a regra de ouro&#8221;, disse Lula.<\/p>\n\n\n\n<p>Cr\u00edticos \u00e0 expans\u00e3o sem controle das despesas afirmam que a responsabilidade fiscal \u00e9 o que permite mais gastos para o social ao se economizar com a conta de juros da d\u00edvida.<\/p>\n\n\n\n<h2 class=\"wp-block-heading\">Estatais e dividendos da Petrobras<\/h2>\n\n\n\n<p>O presidente eleito afirmou, ainda, que as estatais ser\u00e3o &#8220;respeitadas&#8221; no novo governo e que a <strong>Petrobras<\/strong> (<a href=\"https:\/\/investnews.com.br\/cotacao\/petr4-petroleo-brasileiro-petrobras\/\" class=\"rank-math-link\">PETR4<\/a>) n\u00e3o ser\u00e1 &#8220;fatiada&#8221;. O petista tamb\u00e9m disse que os bancos p\u00fablicos voltar\u00e3o a ser bancos de investimentos.<\/p>\n\n\n\n<p>Em seu discurso, Lula criticou o volume de dividendos pagos pela Petrobras a acionistas. &#8220;A ideia \u00e9 esvaziar o caixa da Petrobras para que a gente n\u00e3o possa fazer nada&#8221;, acusou o presidente eleito.<\/p>\n\n\n\n<h2 class=\"wp-block-heading\">Bancos p\u00fablicos<\/h2>\n\n\n\n<p>Lula tamb\u00e9m afirmou que o governo atual quer &#8220;esvaziar&#8221; o Banco Nacional de Desenvolvimento Econ\u00f4mico e Social (BNDES) para acabar com a capacidade de investir do banco de fomento. Ele disse ainda que o <strong>Banco do Brasil<\/strong> (<a href=\"https:\/\/investnews.com.br\/cotacao\/bbas3-banco-do-brasil\/\" class=\"rank-math-link\">BBAS3<\/a>) e a <strong>Caixa <\/strong>n\u00e3o ser\u00e3o privatizados.<\/p>\n\n\n\n<p>&#8220;Muitas coisas consideradas como gastos devem ser consideradas como investimentos&#8221;, declarou o presidente eleito. &#8220;A coisa mais barata em um Pa\u00eds \u00e9 cuidar dos pobres. A coisa mais cara \u00e9 pagar o sistema financeiro o que o Estado lhe deve&#8221;, emendou.<\/p>\n\n\n\n<h2 class=\"wp-block-heading\">Metas de infla\u00e7\u00e3o x crescimento<\/h2>\n\n\n\n<p> Em sua fala, Lula questionou a exist\u00eancia de metas de infla\u00e7\u00e3o, em vez de metas para o crescimento do Produto Interno Bruto (PIB).<\/p>\n\n\n\n<p>O presidente eleito lembrou que, durante seus dois mandatos, entre 2003 e 2010, o Brasil respeitou as metas fiscais, os \u00edndices de infla\u00e7\u00e3o e deixou o Pa\u00eds com super\u00e1vit, em vez de d\u00edvida com o Fundo Monet\u00e1rio Internacional (FMI). Lula reafirmou, como fez na campanha eleitoral, que o pa\u00eds tem que retomar a credibilidade, a estabilidade e a previsibilidade. &#8220;A sociedade n\u00e3o pode ser pega de surpresa&#8221;, disse o petista.<\/p>\n\n\n\n<h2 class=\"wp-block-heading\"><strong>Volta da fome<\/strong><\/h2>\n\n\n\n<p>Lula se emocionou e chegou a interromper sua fala quando citou um trecho do discurso que fez em sua vit\u00f3ria de 2002, ao comentar o tema da fome, que voltou \u00e0 pauta nacional. &#8220;Se quando eu terminar esse mandato cada brasileiro estiver tomando caf\u00e9, almo\u00e7ando e jantando, eu terei cumprido, outra vez, o meu papel&#8221;, disse. &#8220;Restabelecer a dignidade do povo \u00e9 a \u00fanica raz\u00e3o de eu voltar. Se quando eu terminar esse mandato, cada brasileiro estiver tomando caf\u00e9, almo\u00e7ando e jantando, terei cumprido minha meta.&#8221;<\/p>\n\n\n\n<p>Ele afirmou ainda que pretende conversar com o agroneg\u00f3cio para entender &#8220;qual \u00e9 a bronca&#8221; do setor com sua elei\u00e7\u00e3o, j\u00e1 que este pagava juros menores durante a gest\u00e3o petista em rela\u00e7\u00e3o ao cen\u00e1rio atual. O agro foi um dos principais setores a apoiarem a reelei\u00e7\u00e3o de Jair Bolsonaro.<\/p>\n\n\n\n<p><\/p>\n\n\n\n<p>*<em>Com Estad\u00e3o Conte\u00fado e Reuters<\/em><\/p>\n","protected":false},"excerpt":{"rendered":"<p>Por que investidores reagiram de forma negativa a falas do petista sobre gastos sociais e responsabilidade fiscal?<\/p>\n","protected":false},"author":7,"featured_media":381393,"comment_status":"closed","ping_status":"open","sticky":false,"template":"","format":"standard","meta":{"_acf_changed":false,"inline_featured_image":false,"footnotes":""},"categories":[5],"tags":[1019,763,2370],"autor-wsj":[],"coauthors":[1494],"class_list":["post-382722","post","type-post","status-publish","format-standard","has-post-thumbnail","hentry","category-economia","tag-ajuste-fiscal","tag-eleicoes","tag-luiz-inacio-lula-da-silva"],"acf":[],"amp_enabled":true,"_links":{"self":[{"href":"https:\/\/investnews.com.br\/inv-api\/wp\/v2\/posts\/382722","targetHints":{"allow":["GET"]}}],"collection":[{"href":"https:\/\/investnews.com.br\/inv-api\/wp\/v2\/posts"}],"about":[{"href":"https:\/\/investnews.com.br\/inv-api\/wp\/v2\/types\/post"}],"author":[{"embeddable":true,"href":"https:\/\/investnews.com.br\/inv-api\/wp\/v2\/users\/7"}],"replies":[{"embeddable":true,"href":"https:\/\/investnews.com.br\/inv-api\/wp\/v2\/comments?post=382722"}],"version-history":[{"count":11,"href":"https:\/\/investnews.com.br\/inv-api\/wp\/v2\/posts\/382722\/revisions"}],"predecessor-version":[{"id":382807,"href":"https:\/\/investnews.com.br\/inv-api\/wp\/v2\/posts\/382722\/revisions\/382807"}],"wp:featuredmedia":[{"embeddable":true,"href":"https:\/\/investnews.com.br\/inv-api\/wp\/v2\/media\/381393"}],"wp:attachment":[{"href":"https:\/\/investnews.com.br\/inv-api\/wp\/v2\/media?parent=382722"}],"wp:term":[{"taxonomy":"category","embeddable":true,"href":"https:\/\/investnews.com.br\/inv-api\/wp\/v2\/categories?post=382722"},{"taxonomy":"post_tag","embeddable":true,"href":"https:\/\/investnews.com.br\/inv-api\/wp\/v2\/tags?post=382722"},{"taxonomy":"autor-wsj","embeddable":true,"href":"https:\/\/investnews.com.br\/inv-api\/wp\/v2\/autor-wsj?post=382722"},{"taxonomy":"author","embeddable":true,"href":"https:\/\/investnews.com.br\/inv-api\/wp\/v2\/coauthors?post=382722"}],"curies":[{"name":"wp","href":"https:\/\/api.w.org\/{rel}","templated":true}]}}