{"id":383456,"date":"2022-11-14T19:11:20","date_gmt":"2022-11-14T22:11:20","guid":{"rendered":"https:\/\/investnews.com.br\/?p=383456"},"modified":"2022-11-14T19:11:22","modified_gmt":"2022-11-14T22:11:22","slug":"equipe-de-lula-vai-avaliar-plano-de-gastos-mais-conservador","status":"publish","type":"post","link":"https:\/\/investnews.com.br\/economia\/equipe-de-lula-vai-avaliar-plano-de-gastos-mais-conservador\/","title":{"rendered":"Equipe de Lula vai avaliar plano de gastos mais conservador"},"content":{"rendered":"\n<p>A <a href=\"https:\/\/investnews.com.br\/economia\/portaria-confirma-nomeacao-de-lara-resende-barbosa-e-persio-arida-na-transicao\/\" class=\"rank-math-link\">equipe de transi\u00e7\u00e3o<\/a> vai avaliar uma alternativa mais conservadora para financiar os gastos sociais do pr\u00f3ximo ano, j\u00e1 que os investidores aguardam mais dados sobre o futuro da pol\u00edtica fiscal, de acordo com duas pessoas com conhecimento do assunto.<\/p>\n\n\n\n<p>O plano prev\u00ea a retirada de cerca de R$ 130 bilh\u00f5es do teto de gastos p\u00fablicos no pr\u00f3ximo ano, R$ 45 bilh\u00f5es a menos do que a proposta que est\u00e1 em discuss\u00e3o no Congresso, disseram as pessoas, que pediram anonimato porque as conversas n\u00e3o s\u00e3o p\u00fablicas. <\/p>\n\n\n\n<p>Tal exce\u00e7\u00e3o s\u00f3 ocorreria em 2023. Ap\u00f3s isso, o governo implementaria uma nova regra para substituir o teto, demonstrando um compromisso com a responsabilidade fiscal, disseram.<\/p>\n\n\n\n<h2 class=\"wp-block-heading\">Promessas de campanha<\/h2>\n\n\n\n<p>Lula precisa de bilh\u00f5es em financiamento extra para cumprir suas principais promessas de campanha, incluindo a expans\u00e3o da ajuda social para fam\u00edlias pobres. <\/p>\n\n\n\n<p>Para atingir esse objetivo, o Congresso ter\u00e1 que aprovar uma emenda constitucional que permita ao governo contornar o pilar fiscal mais importante do Brasil: uma regra que limita o crescimento dos gastos p\u00fablicos \u00e0 taxa de infla\u00e7\u00e3o do ano anterior. As perspectivas de maiores gastos est\u00e3o assustando os investidores e pesando sobre os ativos locais.<\/p>\n\n\n\n<p>O novo presidente escolheu aliados pol\u00edticos para liderar conversas com o Congresso sobre mais gastos. Seu plano inicial \u00e9 remover R$ 175 bilh\u00f5es da regra do teto de gastos em 2023 \u2013 e possivelmente tamb\u00e9m para os anos seguintes.<\/p>\n\n\n\n<p>Mas alguns membros da equipe de transi\u00e7\u00e3o acreditam que a proposta envia um sinal ruim para os mercados financeiros, que est\u00e3o cada vez mais preocupados com as perspectivas fiscais do Brasil, disseram as pessoas.<\/p>\n\n\n\n<h2 class=\"wp-block-heading\">Alerta sobre futuro fiscal<\/h2>\n\n\n\n<p>Economistas-chave da equipe, incluindo o ex-presidente do banco central <strong>P\u00e9rsio Arida<\/strong> e economistas como <strong>Guilherme Mello<\/strong> e o ex-ministro da Fazenda <strong>Nelson Barbosa<\/strong>, alertaram Lula sobre a necessidade de estabelecer regras fiscais cr\u00edveis para o futuro, disseram as pessoas.<\/p>\n\n\n\n<p>Em jogo, est\u00e1 o pagamento de R$ 600 do programa <a href=\"https:\/\/investnews.com.br\/geral\/auxilio-brasil-confira-o-calendario-de-pagamentos-em-2022\/\" class=\"rank-math-link\">Aux\u00edlio Brasil<\/a>, que deve cair para R$ 400 no ano que vem porque o Congresso e o atual presidente Jair Bolsonaro n\u00e3o reservaram fundos suficientes no or\u00e7amento de 2023.<\/p>\n\n\n\n<p>O ministro da Casa Civil de Bolsonaro, <strong>Ciro Nogueira<\/strong>, disse no fim de semana que a quebra do teto de gastos deve ser usada apenas para garantir a estabilidade para o primeiro ano do governo Lula, segundo comunicado. \u201cTodos os outros temas da agenda do novo governo merecem ser conhecidos primeiro, assim como sua pol\u00edtica econ\u00f4mica, e depois discutidos dentro da legitimidade do congresso rec\u00e9m-eleito.\u201d<\/p>\n\n\n\n<p>Os coment\u00e1rios sinalizando mais conten\u00e7\u00e3o fiscal est\u00e3o ajudando os mercados a se recuperar ap\u00f3s as a\u00e7\u00f5es brasileiras registrarem seu maior decl\u00ednio semanal desde junho, com os investidores preocupados com os planos econ\u00f4micos de Lula. A equipe de transi\u00e7\u00e3o pretende estabelecer um rascunho final do projeto de emenda at\u00e9 16 de novembro, que dever\u00e1 ser votado antes de 17 de dezembro.<\/p>\n","protected":false},"excerpt":{"rendered":"<p>Plano prev\u00ea retirar cerca de R$ 130 bi do teto de gastos no pr\u00f3ximo ano, R$ 45 bilh\u00f5es a menos que a proposta no Congresso.<\/p>\n","protected":false},"author":76,"featured_media":383457,"comment_status":"closed","ping_status":"open","sticky":false,"template":"","format":"standard","meta":{"_acf_changed":false,"inline_featured_image":false,"footnotes":""},"categories":[5],"tags":[1019,1636,2370,240,1719],"autor-wsj":[],"coauthors":[101325],"class_list":["post-383456","post","type-post","status-publish","format-standard","has-post-thumbnail","hentry","category-economia","tag-ajuste-fiscal","tag-contas-publicas","tag-luiz-inacio-lula-da-silva","tag-ministerio-da-economia","tag-teto-de-gastos"],"acf":[],"amp_enabled":true,"_links":{"self":[{"href":"https:\/\/investnews.com.br\/inv-api\/wp\/v2\/posts\/383456","targetHints":{"allow":["GET"]}}],"collection":[{"href":"https:\/\/investnews.com.br\/inv-api\/wp\/v2\/posts"}],"about":[{"href":"https:\/\/investnews.com.br\/inv-api\/wp\/v2\/types\/post"}],"author":[{"embeddable":true,"href":"https:\/\/investnews.com.br\/inv-api\/wp\/v2\/users\/76"}],"replies":[{"embeddable":true,"href":"https:\/\/investnews.com.br\/inv-api\/wp\/v2\/comments?post=383456"}],"version-history":[{"count":2,"href":"https:\/\/investnews.com.br\/inv-api\/wp\/v2\/posts\/383456\/revisions"}],"predecessor-version":[{"id":383464,"href":"https:\/\/investnews.com.br\/inv-api\/wp\/v2\/posts\/383456\/revisions\/383464"}],"wp:featuredmedia":[{"embeddable":true,"href":"https:\/\/investnews.com.br\/inv-api\/wp\/v2\/media\/383457"}],"wp:attachment":[{"href":"https:\/\/investnews.com.br\/inv-api\/wp\/v2\/media?parent=383456"}],"wp:term":[{"taxonomy":"category","embeddable":true,"href":"https:\/\/investnews.com.br\/inv-api\/wp\/v2\/categories?post=383456"},{"taxonomy":"post_tag","embeddable":true,"href":"https:\/\/investnews.com.br\/inv-api\/wp\/v2\/tags?post=383456"},{"taxonomy":"autor-wsj","embeddable":true,"href":"https:\/\/investnews.com.br\/inv-api\/wp\/v2\/autor-wsj?post=383456"},{"taxonomy":"author","embeddable":true,"href":"https:\/\/investnews.com.br\/inv-api\/wp\/v2\/coauthors?post=383456"}],"curies":[{"name":"wp","href":"https:\/\/api.w.org\/{rel}","templated":true}]}}