{"id":383490,"date":"2022-11-22T05:30:00","date_gmt":"2022-11-22T08:30:00","guid":{"rendered":"https:\/\/investnews.com.br\/?p=383490"},"modified":"2025-08-08T16:47:23","modified_gmt":"2025-08-08T19:47:23","slug":"vagas-emprego-temporarias-na-copa-do-mundo-2022","status":"publish","type":"post","link":"https:\/\/investnews.com.br\/off-work\/vagas-emprego-temporarias-na-copa-do-mundo-2022\/","title":{"rendered":"Copa deve gerar 7,7 mil vagas de emprego tempor\u00e1rias em bares e restaurantes"},"content":{"rendered":"<p>No final do ano, \u00e9 comum que n\u00famero de contrata\u00e7\u00f5es pelas empresas aumente, devido a datas como Black Friday e Natal. Mas em 2022, al\u00e9m dos eventos de praxe, mais uma data promete mexer com o mercado de trabalho: a <a href=\"https:\/\/investnews.com.br\/probabilidades-copa-do-mundo-2022\/\" class=\"rank-math-link\">Copa do Mundo<\/a>. Segundo a Confedera\u00e7\u00e3o Nacional do Com\u00e9rcio de Bens, Servi\u00e7os e Turismo (CNC), apenas em bares e restaurantes, o campeonato da Fifa deve gerar 7.750 mil contrata\u00e7\u00f5es tempor\u00e1rias.<\/p><figure class=\"wp-block-image size-large\"><img loading=\"lazy\" decoding=\"async\" width=\"820\" height=\"540\" src=\"https:\/\/media.investnews.com.br\/uploads\/2022\/11\/Copa_07.jpg\" alt=\"Torcida da Copa do Mundo\" class=\"wp-image-385041\" srcset=\"https:\/\/media.investnews.com.br\/uploads\/2022\/11\/Copa_07.jpg 820w, https:\/\/media.investnews.com.br\/uploads\/2022\/11\/Copa_07-300x198.jpg 300w, https:\/\/media.investnews.com.br\/uploads\/2022\/11\/Copa_07-768x506.jpg 768w, https:\/\/media.investnews.com.br\/uploads\/2022\/11\/Copa_07-172x113.jpg 172w, https:\/\/media.investnews.com.br\/uploads\/2022\/11\/Copa_07-191x125.jpg 191w, https:\/\/media.investnews.com.br\/uploads\/2022\/11\/Copa_07-150x99.jpg 150w\" sizes=\"auto, (max-width: 820px) 100vw, 820px\" \/><figcaption>Torcida da Copa do Mundo (Cr\u00e9dito: Adobe Stock)<\/figcaption><\/figure><p>A expectativa \u00e9 de que o aumento da demanda no varejo f\u00edsico e virtual \u2013 impulsionado pelos eventos de final de ano como a pr\u00f3pria Copa do Mundo, a Black Friday e o Natal \u2013 gerem, juntos, um aumento de pelo menos 15% nas demandas tempor\u00e1rias, segundo a ag\u00eancia de recursos humanos Luandre.<\/p><p>A previs\u00e3o da Asserttem (Associa\u00e7\u00e3o Brasileira do Trabalho Tempor\u00e1rio) \u00e9 de que, ao todo, mais de 680 mil vagas tempor\u00e1rias sejam criadas neste \u00faltimo trimestre do ano.\u00a0<\/p><p>&#8220;Sem d\u00favida, qualquer evento que movimente o consumo contribui para gerar emprego, entretanto, a Copa do Mundo impacta menos que a Black Friday para o varejo, log\u00edstica e sazonalidade&#8221;,\u00a0 explica Gabriela Mative, diretora de recursos humanos da Luandre RH. <\/p><h2 class=\"wp-block-heading\">Segmentos mais impactados pela Copa<\/h2><p>A\u00a0Copa do Mundo\u00a0do Qatar deve movimentar o pa\u00eds em v\u00e1rias \u00e1reas, principalmente no com\u00e9rcio e setores de servi\u00e7os, como restaurantes e bares, acredita Lucas Santos, diretor de Gest\u00e3o da We Can BR. <\/p><p>Durante o evento, muitas pessoas gostam de se reunir para acompanhar os jogos, seja em casa, com amigos, familiares, ou em\u00a0bares\u00a0e\u00a0restaurantes. De acordo com Lucas, os setores de <strong>varejo e de servi\u00e7os de alimenta\u00e7\u00e3o <\/strong>s\u00e3o os que devem impulsionar as contrata\u00e7\u00f5es.<\/p><p>Uma pesquisa feita pela Associa\u00e7\u00e3o Brasileira de Bares e Restaurantes (Abrasel), aponta que 45% destes estabelecimentos no pa\u00eds pretendem contratar novos funcion\u00e1rios at\u00e9 o final do ano devido a\u00a0Copa do Mundo. <\/p><h2 class=\"wp-block-heading\">Fun\u00e7\u00f5es com mais aberturas de vagas<\/h2><p>Segundo a CNC, entre as principais vagas tempor\u00e1rias criadas em raz\u00e3o do evento, as de <strong>gar\u00e7om e auxiliar <\/strong>respondem por 23,4% dos postos, enquanto as de <strong>cozinheiro<\/strong> representam 15,6% do total, e <strong>atendente de lanchonete,<\/strong> 15%.<\/p><p>A diretora de recursos humanos da Luandre RH, por sua vez, aponta fun\u00e7\u00f5es ligadas aos setores de log\u00edstica, por conta do <strong>e-commerce<\/strong>, e de varejo f\u00edsico como oportunidade para o aumento das vagas de trabalho tempor\u00e1rio.<\/p><blockquote class=\"wp-block-quote is-layout-flow wp-block-quote-is-layout-flow\"><p>\u201cO cen\u00e1rio de contrata\u00e7\u00f5es para varejo e log\u00edstica \u00e9 muito positivo neste \u00faltimo trimestre\u201d, afirmou Gabriela Mative, em nota. \u201cMuitos seguem comprando online, mas o comportamento de consumo \u00e9 h\u00edbrido e, sem d\u00favida, o com\u00e9rcio em shoppings e lojas de rua se fortaleceu nos \u00faltimos meses, portanto temos vagas diversas, em todo o pa\u00eds\u201d, completou.<\/p><\/blockquote><p>Para o varejo, espera-se um crescimento de 7,9% no faturamento em rela\u00e7\u00e3o ao evento realizado em 2014, ano em que o Brasil foi sede do evento, segundo a CNC, o que pode ser visto como uma oportunidade para as contrata\u00e7\u00f5es tempor\u00e1rias. <\/p><h2 class=\"wp-block-heading\">Uma Copa diferente<\/h2><figure class=\"wp-block-image size-large\"><img loading=\"lazy\" decoding=\"async\" width=\"820\" height=\"540\" src=\"https:\/\/media.investnews.com.br\/uploads\/2022\/11\/Copa_06.jpg\" alt=\"Torcedores brasileiros vibrando em um bar, com bandeira e bebidas.\" class=\"wp-image-385044\" srcset=\"https:\/\/media.investnews.com.br\/uploads\/2022\/11\/Copa_06.jpg 820w, https:\/\/media.investnews.com.br\/uploads\/2022\/11\/Copa_06-300x198.jpg 300w, https:\/\/media.investnews.com.br\/uploads\/2022\/11\/Copa_06-768x506.jpg 768w, https:\/\/media.investnews.com.br\/uploads\/2022\/11\/Copa_06-172x113.jpg 172w, https:\/\/media.investnews.com.br\/uploads\/2022\/11\/Copa_06-191x125.jpg 191w, https:\/\/media.investnews.com.br\/uploads\/2022\/11\/Copa_06-150x99.jpg 150w\" sizes=\"auto, (max-width: 820px) 100vw, 820px\" \/><figcaption>Torcida da Copa do Mundo (Cr\u00e9dito: Adobe Stock)<\/figcaption><\/figure><p>Pela primeira vez na hist\u00f3ria, a Copa do Mundo de futebol acontecer\u00e1 no final do ano, o que \u00e9 apontado como positivo, j\u00e1 que pode impulsionar ainda mais o consumo.\u00a0O evento, que costumava ocorrer entre os meses de junho e julho, teve in\u00edcio em 20 de novembro.<\/p><blockquote class=\"wp-block-quote is-layout-flow wp-block-quote-is-layout-flow\"><p>&#8220;Existe uma diferen\u00e7a, principalmente, com rela\u00e7\u00e3o \u00e0 data em que a Copa cai este ano, por se juntar ao per\u00edodo de festas em que as pessoas utilizam o 13\u00b0 sal\u00e1rio para consumir mais, acaba pegando carona com a sazonalidade&#8221;, esclarece Gabriela. <\/p><\/blockquote><p>Segundo ela, o contexto atual favorece o consumo presencial, diferente do per\u00edodo de pandemia em que havia restri\u00e7\u00e3o de circula\u00e7\u00e3o que afetava o com\u00e9rcio presencial.<\/p><p>Esses eventos historicamente sempre aumentam de uma edi\u00e7\u00e3o para a outra visando melhor atender as demandas, segundo Lucas, da We Can BR.\u00a0&#8220;A CNC tamb\u00e9m espera um crescimento de quase 8% no faturamento em rela\u00e7\u00e3o \u00e0 Copa de 2018, que aconteceu na R\u00fassia. Ela estima R$ 1,48 bilh\u00e3o em vendas. Na \u00faltima Copa, o movimento foi de R$ 1,37 bilh\u00e3o e o crescimento das contrata\u00e7\u00f5es sempre cresce em paralelo ao faturamento&#8221;, diz.<\/p><h2 class=\"wp-block-heading\">Efetiva\u00e7\u00e3o e dicas para conseguir uma vaga<\/h2><p>&#8220;O in\u00edcio do segundo semestre \u00e9 o per\u00edodo em que as consultorias divulgam vagas em grande volume e continuam neste ritmo at\u00e9 o \u00faltimo trimestre do ano, per\u00edodo em que as vagas disponibilizadas s\u00e3o para in\u00edcio imediato. Por isso, \u00e9 importante que o candidato esteja com documenta\u00e7\u00e3o em dia para aproveitar as oportunidades&#8221;, aponta Gabriela, da Luandre.<\/p><p>Gabriela aconselha que o candidato que deseja ser contratado para uma vaga tempor\u00e1ria realize o mesmo investimento de tempo e dedica\u00e7\u00e3o que teria para uma vaga efetiva, al\u00e9m de realizar a busca por meio das redes sociais procurando o perfil da empresa que tem interesse ou de consultorias de RH.<\/p><p>Em nota, a diretora de RH da Luandre ainda chama a aten\u00e7\u00e3o para a oportunidade que representam as vagas tempor\u00e1rias, ressaltando que a Lei 13.429\/17 ampliou o contrato individual do Trabalho Tempor\u00e1rio para at\u00e9 180 dias, com poss\u00edvel prorroga\u00e7\u00e3o para mais 90 dias.\u00a0\u00a0<\/p><p>No setor de varejo, em especial, houve a consolida\u00e7\u00e3o dessas vagas.\u00a0Segundo o estudo Flexibility @ Work realizado pela Randstad, essa \u00e9 uma tend\u00eancia que vem crescendo no mercado.\u00a0<\/p><p>&#8220;Para se ter uma ideia, a empresa registrou um aumento de 40% nesse formato de contrata\u00e7\u00e3o em 2021 em compara\u00e7\u00e3o ao ano anterior. De acordo com a Randstad, no Brasil, de maneira geral, h\u00e1 uma taxa de 60% de efetiva\u00e7\u00e3o destes profissionais \u2013 o que aumenta o interesse e dedica\u00e7\u00e3o desses colaboradores&#8221;, diz a empresa, em nota.\u00a0<\/p><p>Segundo Gabriela, para aumentar as chances de efetiva\u00e7\u00e3o, \u00e9 importante que o candidato performe como se estivesse atuando em uma vaga efetiva, pois assim conseguir\u00e1 mostrar todo seu potencial para empresa contratante e, caso surja a oportunidade, a possibilidade de efetiva\u00e7\u00e3o ao t\u00e9rmino do contrato.\u00a0<\/p><p>Veja a seguir algumas das dicas da We Can BR para aproveitar as oportunidades de vagas tempor\u00e1rias: <\/p><ul class=\"wp-block-list\"><li><em>Manter o curr\u00edculo sempre atualizado<\/em><\/li><li><em>Buscar conhecer a empresa que oferece a vaga<\/em><\/li><li><em>Saber se voc\u00ea tem ader\u00eancia \u00e0 vaga antes de se candidatar<\/em><\/li><li><em>Ao se apresentar, focar nos pontos fortes sem deixar de citar as habilidades e compet\u00eancias em desenvolvimento, mesmo que com uso de ferramentas gratuitas.<\/em><\/li><\/ul>\n","protected":false},"excerpt":{"rendered":"<p>Com Black Friday e Natal mais perto do evento, demanda no varejo deve crescer pelo menos 15%, prev\u00ea a ag\u00eancia Luandre.<\/p>\n","protected":false},"author":52,"featured_media":385045,"comment_status":"closed","ping_status":"open","sticky":false,"template":"","format":"standard","meta":{"_acf_changed":false,"inline_featured_image":false,"footnotes":""},"categories":[102723],"tags":[155,63,216],"autor-wsj":[],"coauthors":[2430],"class_list":["post-383490","post","type-post","status-publish","format-standard","has-post-thumbnail","hentry","category-off-work","tag-brasil","tag-carreira","tag-mercado-de-trabalho"],"acf":[],"amp_enabled":true,"_links":{"self":[{"href":"https:\/\/investnews.com.br\/inv-api\/wp\/v2\/posts\/383490","targetHints":{"allow":["GET"]}}],"collection":[{"href":"https:\/\/investnews.com.br\/inv-api\/wp\/v2\/posts"}],"about":[{"href":"https:\/\/investnews.com.br\/inv-api\/wp\/v2\/types\/post"}],"author":[{"embeddable":true,"href":"https:\/\/investnews.com.br\/inv-api\/wp\/v2\/users\/52"}],"replies":[{"embeddable":true,"href":"https:\/\/investnews.com.br\/inv-api\/wp\/v2\/comments?post=383490"}],"version-history":[{"count":18,"href":"https:\/\/investnews.com.br\/inv-api\/wp\/v2\/posts\/383490\/revisions"}],"predecessor-version":[{"id":704854,"href":"https:\/\/investnews.com.br\/inv-api\/wp\/v2\/posts\/383490\/revisions\/704854"}],"wp:featuredmedia":[{"embeddable":true,"href":"https:\/\/investnews.com.br\/inv-api\/wp\/v2\/media\/385045"}],"wp:attachment":[{"href":"https:\/\/investnews.com.br\/inv-api\/wp\/v2\/media?parent=383490"}],"wp:term":[{"taxonomy":"category","embeddable":true,"href":"https:\/\/investnews.com.br\/inv-api\/wp\/v2\/categories?post=383490"},{"taxonomy":"post_tag","embeddable":true,"href":"https:\/\/investnews.com.br\/inv-api\/wp\/v2\/tags?post=383490"},{"taxonomy":"autor-wsj","embeddable":true,"href":"https:\/\/investnews.com.br\/inv-api\/wp\/v2\/autor-wsj?post=383490"},{"taxonomy":"author","embeddable":true,"href":"https:\/\/investnews.com.br\/inv-api\/wp\/v2\/coauthors?post=383490"}],"curies":[{"name":"wp","href":"https:\/\/api.w.org\/{rel}","templated":true}]}}