{"id":383867,"date":"2022-11-17T09:35:12","date_gmt":"2022-11-17T12:35:12","guid":{"rendered":"https:\/\/investnews.com.br\/?p=383867"},"modified":"2024-06-24T11:04:23","modified_gmt":"2024-06-24T14:04:23","slug":"morning-call-projecoes-da-target-pressionam-bolsas-para-baixo-no-comeco-do-dia","status":"publish","type":"post","link":"https:\/\/investnews.com.br\/financas\/morning-call-projecoes-da-target-pressionam-bolsas-para-baixo-no-comeco-do-dia\/","title":{"rendered":"Morning Call: proje\u00e7\u00f5es da Target pressionam bolsas para baixo no come\u00e7o do dia"},"content":{"rendered":"\n<iframe loading=\"lazy\" src=\"https:\/\/anchor.fm\/investnews\/embed\/episodes\/Morning-Call-171122-projees-da-Target-pressionam-bolsas-para-baixo-no-comeo-do-dia-e1qtho6\" height=\"102px\" width=\"400px\" frameborder=\"0\" scrolling=\"no\"><\/iframe>\n\n\n\n<p>Ap\u00f3s a mudan\u00e7a de humor que contaminou as bolsas mundiais pelas falas de dirigentes do Fed e as perspectivas da segunda maior varejista dos EUA sobre a infla\u00e7\u00e3o, as bolsas n\u00e3o indicam um sinal de melhora no come\u00e7o do dia.<\/p>\n\n\n\n<p>Na \u00c1sia os mercados tamb\u00e9m s\u00e3o impactados pelo saldo negativo do balan\u00e7o comercial de outubro do Jap\u00e3o pior do que as proje\u00e7\u00f5es. A balan\u00e7a registrou um d\u00e9ficit de 2,16 trilh\u00f5es de ienes em outubro e&nbsp; desacelerou de um crescimento anual de 28,9% em setembro para 25,3% em outubro, enquanto as falas do presidente do Banco Central do pa\u00eds n\u00e3o melhoraram as perspectivas dos investidores. Haruhiko Kuroda, dirigente do BC japon\u00eas disse ser poss\u00edvel trazer a infla\u00e7\u00e3o para a meta mesmo que leve tempo e que \u00e9 importante manter a pol\u00edtica de expans\u00e3o monet\u00e1ria para dar suporte \u00e0 economia. A infla\u00e7\u00e3o no pa\u00eds \u00e9 de 3% em 12 meses, maior alta desde 2014.<\/p>\n\n\n\n<p>O \u00edndice Nikkei encerrou o dia com queda de 0,35%, Hang Seng teve queda de 1,15%, Shanghai recuou 0,15%, o Taiex teve leve baixa de 0,01% e o KOSPI caiu 1,39%.<\/p>\n\n\n\n<p>Na Europa, mesmo com a redu\u00e7\u00e3o da piora do risco geopol\u00edtico envolvendo a explos\u00e3o de um m\u00edssil perto da fronteira da Pol\u00f4nia com a Ucr\u00e2nia, os mercados registravam quedas no come\u00e7o do dia ap\u00f3s a divulga\u00e7\u00e3o ontem dos \u00edndice de pre\u00e7os ao consumidor do Reino Unido que atingiu uma alta de 11,1% em 12 meses. Em resposta, o ministro das Finan\u00e7as, Jeremy Hunt, deve divulgar um novo or\u00e7amento hoje (17). <\/p>\n\n\n\n<p>Em rela\u00e7\u00e3o \u00e0 zona do Euro, o IPC do bloco europeu registrou avan\u00e7o de 1,5% em outubro, elevando a alta em 12 meses de 9,9% para 10,6%, resultado levemente abaixo dos 10,7% esperados pelo mercado. O n\u00facleo do \u00edndice tamb\u00e9m acelera com uma alta em 12 meses de 4,8% em setembro para 5% em outubro.<\/p>\n\n\n\n<p>No come\u00e7o do dia o \u00edndice alem\u00e3o DAX recuava 0,02% enquanto os demais pares tinha quedas mais fortes como o FTSE com recuo de 0,54%, o CAC em baixa de 0,71% e o Euro Stoxx com perdas de 0,33%. <\/p>\n\n\n\n<h2 class=\"wp-block-heading\">Dados econ\u00f4micos dos EUA<\/h2>\n\n\n\n<p>Ontem (16) as bolsas norte-americanas reagiram aos dados das vendas no varejo de outubro que mostraram um crescimento de 1,3% no m\u00eas impactado pela estabilidade nas vendas de autom\u00f3veis, indicando que a alta de juros come\u00e7am a afetar a compra de bens dur\u00e1veis como carros. Em tese a not\u00edcia seria boa para os mercado, mas as perspectivas da Target, segunda maior varejista dos EUA, divulgadas ontem (16) esfriaram os \u00e2nimos dos investidores.<\/p>\n\n\n\n<p>A empresa espera que a infla\u00e7\u00e3o alta influencie as escolhas dos clientes por produtos mais essenciais e baratos \u00e0 medida que nos aproximamos de \u00e9pocas festivas de final de ano, fazendo sua previs\u00e3o de receitas para o \u00faltimo trimestre do ano diminuir, preocupando o mercado. No come\u00e7o do dia os pr\u00e9-mercados dos pais tinham queda como o Dow Jones recuando 0,6%, S&amp;P 500 com baixa de 0,66% e o \u00edndice Nasdaq com perdas de 0,67%.<\/p>\n\n\n\n<p>E hoje (17) o mercado pode se reagir aos discursos de integrantes do Fed durante o dia e divulga\u00e7\u00f5es de dados econ\u00f4micos:<\/p>\n\n\n\n<ul class=\"wp-block-list\"><li>10:00: Bullard, membro do FOMC discursa;<\/li><li>10:30: Constru\u00e7\u00e3o de novas casas (out);<\/li><li>10:30: Pedidos inciais por seguro-desemprego;<\/li><li>11:15: Bowman, membro do FOMC discursa;<\/li><li>11:40: Mester, membro do FOMC discursa;<\/li><li>12:40: Jefferson, membro do conselho do Fed, discursa.<\/li><\/ul>\n\n\n\n<h2 class=\"wp-block-heading\">Fiscal continua a pressionar desempenho do Ibov<\/h2>\n\n\n\n<p>Ap\u00f3s a apresenta\u00e7\u00e3o ontem (16) no Congresso da <a href=\"https:\/\/investnews.com.br\/economia\/minuta-de-pec-preve-r-175-bi-fora-do-teto-para-bolsa-familia-sem-prazo\/\" class=\"rank-math-link\">minuta da PEC de transi\u00e7\u00e3o<\/a>, o mercado teve maiores detalhes do documento que sugere ideias para que as propostas sejam discutidas. A proposta tiraria de forma excepcional R$ 175 bilh\u00f5es do teto de gastos para o pagamento do Bolsa Fam\u00edlia al\u00e9m de tirar as receitas extraordin\u00e1rias do teto para serem direcionadas a investimentos.<\/p>\n\n\n\n<p>O senador eleito Wellington Dias (PT-PI) j\u00e1 afirmou que as conversas or\u00e7ament\u00e1rias <a href=\"https:\/\/investnews.com.br\/economia\/dias-queremos-texto-da-pec-para-iniciar-tramitacao-no-inicio-da-proxima-semana\/\" class=\"rank-math-link\">come\u00e7am na semana que vem<\/a> e tentou amenizar a situa\u00e7\u00e3o afirmando que haver\u00e1 um plano de cortes de despesas. Mesmo assim, a bolsa brasileira caiu, com ajuda tamb\u00e9m da piora do \u00e2nimo global, 2,58% ontem (16) e pode ter novos reflexos com a fala de <a href=\"https:\/\/investnews.com.br\/economia\/politica-externa-de-lula-deve-favorecer-economia-brasileira-dizem-especialistas\/\" class=\"rank-math-link\">Lula<\/a> de que n\u00e3o adiantaria pensar apenas em responsabilidade fiscal sem manter a responsabilidade social e voltou a <a href=\"https:\/\/investnews.com.br\/economia\/politica-externa-de-lula-deve-favorecer-economia-brasileira-dizem-especialistas\/\" class=\"rank-math-link\">criticar o teto de gastos.<\/a><\/p>\n","protected":false},"excerpt":{"rendered":"<p>A segunda maior varejista dos EUA afirmou que espera uma desacelera\u00e7\u00e3o das compras de final de ano pela alta infla\u00e7\u00e3o, fazendo os clientes optarem por produtos essenciais e bens n\u00e3o-dur\u00e1veis. <\/p>\n","protected":false},"author":46,"featured_media":352410,"comment_status":"closed","ping_status":"open","sticky":false,"template":"","format":"standard","meta":{"_acf_changed":false,"inline_featured_image":false,"footnotes":""},"categories":[4],"tags":[226,1669,1357],"autor-wsj":[],"coauthors":[2364],"class_list":["post-383867","post","type-post","status-publish","format-standard","has-post-thumbnail","hentry","category-financas","tag-bolsa-de-valores","tag-bolsas-americanas","tag-bolsas-de-nova-york"],"acf":[],"amp_enabled":true,"_links":{"self":[{"href":"https:\/\/investnews.com.br\/inv-api\/wp\/v2\/posts\/383867","targetHints":{"allow":["GET"]}}],"collection":[{"href":"https:\/\/investnews.com.br\/inv-api\/wp\/v2\/posts"}],"about":[{"href":"https:\/\/investnews.com.br\/inv-api\/wp\/v2\/types\/post"}],"author":[{"embeddable":true,"href":"https:\/\/investnews.com.br\/inv-api\/wp\/v2\/users\/46"}],"replies":[{"embeddable":true,"href":"https:\/\/investnews.com.br\/inv-api\/wp\/v2\/comments?post=383867"}],"version-history":[{"count":6,"href":"https:\/\/investnews.com.br\/inv-api\/wp\/v2\/posts\/383867\/revisions"}],"predecessor-version":[{"id":383976,"href":"https:\/\/investnews.com.br\/inv-api\/wp\/v2\/posts\/383867\/revisions\/383976"}],"wp:featuredmedia":[{"embeddable":true,"href":"https:\/\/investnews.com.br\/inv-api\/wp\/v2\/media\/352410"}],"wp:attachment":[{"href":"https:\/\/investnews.com.br\/inv-api\/wp\/v2\/media?parent=383867"}],"wp:term":[{"taxonomy":"category","embeddable":true,"href":"https:\/\/investnews.com.br\/inv-api\/wp\/v2\/categories?post=383867"},{"taxonomy":"post_tag","embeddable":true,"href":"https:\/\/investnews.com.br\/inv-api\/wp\/v2\/tags?post=383867"},{"taxonomy":"autor-wsj","embeddable":true,"href":"https:\/\/investnews.com.br\/inv-api\/wp\/v2\/autor-wsj?post=383867"},{"taxonomy":"author","embeddable":true,"href":"https:\/\/investnews.com.br\/inv-api\/wp\/v2\/coauthors?post=383867"}],"curies":[{"name":"wp","href":"https:\/\/api.w.org\/{rel}","templated":true}]}}