{"id":384237,"date":"2022-11-18T10:59:38","date_gmt":"2022-11-18T13:59:38","guid":{"rendered":"https:\/\/investnews.com.br\/?p=384237"},"modified":"2022-11-18T12:08:06","modified_gmt":"2022-11-18T15:08:06","slug":"cade-aprova-fusao-entre-br-malls-e-aliansce-sonae","status":"publish","type":"post","link":"https:\/\/investnews.com.br\/negocios\/cade-aprova-fusao-entre-br-malls-e-aliansce-sonae\/","title":{"rendered":"Cade aprova fus\u00e3o entre BR Malls e Aliansce Sonae"},"content":{"rendered":"\n<p>A Superintend\u00eancia-Geral do Conselho Administrativo de Defesa Econ\u00f4mica (Cade) aprovou, sem restri\u00e7\u00f5es, a combina\u00e7\u00e3o de neg\u00f3cios entre &nbsp;<strong>Aliansce Sonae<\/strong>&nbsp;(<a href=\"https:\/\/investnews.com.br\/cotacao\/also3-aliansce-sonae\/\" class=\"rank-math-link\">ALSO3<\/a>) e&nbsp;<strong>BR Malls<\/strong> (BRLM3), informaram as empresas em comunicado ao mercado na quinta-feira (17).<\/p>\n\n\n\n<p>Segundo as companhias, a decis\u00e3o de aprova\u00e7\u00e3o do Cade ser\u00e1 definitiva no prazo de 15 dias corridos, contados a partir da publica\u00e7\u00e3o do despacho Superintend\u00eancia no Di\u00e1rio Oficial da Uni\u00e3o (DOU).&nbsp;<\/p>\n\n\n\n<p>As empresas informaram ainda no comunicado que, tendo em vista que demais condi\u00e7\u00f5es suspensivas est\u00e3o sendo conclu\u00eddas, as administra\u00e7\u00f5es das companhias estimam que a transa\u00e7\u00e3o seja efetivada em janeiro de 2023 e que, at\u00e9 a data da consuma\u00e7\u00e3o da opera\u00e7\u00e3o, elas n\u00e3o sofrer\u00e3o qualquer altera\u00e7\u00e3o na condu\u00e7\u00e3o de seus neg\u00f3cios, operando de forma independente. <\/p>\n\n\n\n<p>As companhias assinaram o&nbsp;acordo para a combina\u00e7\u00e3o de neg\u00f3cios&nbsp;em abril deste ano.<\/p>\n\n\n\n<p>Mais cedo, as <a href=\"https:\/\/investnews.com.br\/guias\/como-investir-em-acoes\/\" class=\"rank-math-link\">a\u00e7\u00f5es<\/a> das duas empresas chegaram a subir quase 5%, mas reduziram alta por volta das 11h55. Neste hor\u00e1rio, o papel da Aliansce Sonae subia 2,94%, negociado a R$ 17,52. J\u00e1 a a\u00e7\u00e3o da BR Malls avan\u00e7ava 3,05%, para R$ 8,44.<\/p>\n","protected":false},"excerpt":{"rendered":"<p>As companhias assinaram acordo para a combina\u00e7\u00e3o de neg\u00f3cios no m\u00eas de abril.<\/p>\n","protected":false},"author":36,"featured_media":300180,"comment_status":"closed","ping_status":"open","sticky":false,"template":"","format":"standard","meta":{"_acf_changed":false,"inline_featured_image":false,"footnotes":""},"categories":[6],"tags":[2324,1411],"autor-wsj":[],"coauthors":[2269],"class_list":["post-384237","post","type-post","status-publish","format-standard","has-post-thumbnail","hentry","category-negocios","tag-fusoes-e-aquisicoes","tag-also3"],"acf":[],"amp_enabled":true,"_links":{"self":[{"href":"https:\/\/investnews.com.br\/inv-api\/wp\/v2\/posts\/384237","targetHints":{"allow":["GET"]}}],"collection":[{"href":"https:\/\/investnews.com.br\/inv-api\/wp\/v2\/posts"}],"about":[{"href":"https:\/\/investnews.com.br\/inv-api\/wp\/v2\/types\/post"}],"author":[{"embeddable":true,"href":"https:\/\/investnews.com.br\/inv-api\/wp\/v2\/users\/36"}],"replies":[{"embeddable":true,"href":"https:\/\/investnews.com.br\/inv-api\/wp\/v2\/comments?post=384237"}],"version-history":[{"count":29,"href":"https:\/\/investnews.com.br\/inv-api\/wp\/v2\/posts\/384237\/revisions"}],"predecessor-version":[{"id":384418,"href":"https:\/\/investnews.com.br\/inv-api\/wp\/v2\/posts\/384237\/revisions\/384418"}],"wp:featuredmedia":[{"embeddable":true,"href":"https:\/\/investnews.com.br\/inv-api\/wp\/v2\/media\/300180"}],"wp:attachment":[{"href":"https:\/\/investnews.com.br\/inv-api\/wp\/v2\/media?parent=384237"}],"wp:term":[{"taxonomy":"category","embeddable":true,"href":"https:\/\/investnews.com.br\/inv-api\/wp\/v2\/categories?post=384237"},{"taxonomy":"post_tag","embeddable":true,"href":"https:\/\/investnews.com.br\/inv-api\/wp\/v2\/tags?post=384237"},{"taxonomy":"autor-wsj","embeddable":true,"href":"https:\/\/investnews.com.br\/inv-api\/wp\/v2\/autor-wsj?post=384237"},{"taxonomy":"author","embeddable":true,"href":"https:\/\/investnews.com.br\/inv-api\/wp\/v2\/coauthors?post=384237"}],"curies":[{"name":"wp","href":"https:\/\/api.w.org\/{rel}","templated":true}]}}