{"id":384868,"date":"2022-11-21T08:15:35","date_gmt":"2022-11-21T11:15:35","guid":{"rendered":"https:\/\/investnews.com.br\/?p=384868"},"modified":"2024-06-25T15:29:32","modified_gmt":"2024-06-25T18:29:32","slug":"lula-marca-conversas-com-candidatos-a-presidencia-da-petrobras-dizem-fontes","status":"publish","type":"post","link":"https:\/\/investnews.com.br\/economia\/lula-marca-conversas-com-candidatos-a-presidencia-da-petrobras-dizem-fontes\/","title":{"rendered":"Lula marca conversas com candidatos \u00e0 presid\u00eancia da Petrobras, dizem fontes"},"content":{"rendered":"\n<p>O presidente eleito <strong>Luiz In\u00e1cio Lula da Silva<\/strong> marcou para esta semana as primeiras conversas com candidatos \u00e0 presid\u00eancia da Petrobras <a class=\"rank-math-link\" href=\"https:\/\/investnews.com.br\/cotacao\/petr4-petroleo-brasileiro-petrobras\/\">(PETR4)<\/a>, disseram \u00e0 Reuters pessoas envolvidas com o assunto, dando in\u00edcio ao que pode ser um tumultuado per\u00edodo de transi\u00e7\u00e3o na estatal.<\/p>\n\n\n\n<p>Lula, que toma posse em 1\u00ba de janeiro, j\u00e1 sinalizou que pretende fazer uma mudan\u00e7a radical na Petrobras.<\/p>\n\n\n\n<p>Para concretizar essa estrat\u00e9gia, Lula planeja uma ampla troca no primeiro e segundo escal\u00f5es da companhia, disseram pessoas familiarizadas com seu planejamento.<\/p>\n\n\n\n<p>Pelo menos parte dos <a href=\"https:\/\/investnews.com.br\/guias\/dividendos-o-que-sao-como-funcionam\/\">dividendos<\/a> astron\u00f4micos sendo pagos pela estatal a acionistas na onda da alta do petr\u00f3leo ser\u00e3o direcionados a investimentos, segundo pessoas diretamente envolvidos nas conversas.<\/p>\n\n\n\n<p>Nos \u00faltimos dois trimestres, <strong>a empresa pagou a acionistas, incluindo o governo, mais que o dobro em dividendos do que todas as grandes petroleiras dos Estados Unidos e da Europa.<\/strong><\/p>\n\n\n\n<p>Os investimentos tamb\u00e9m n\u00e3o mais estar\u00e3o t\u00e3o focados em petr\u00f3leo em alto mar &#8211;hoje destino de 84% de tudo o que \u00e9 investido pela empresa.<\/p>\n\n\n\n<p>Desde o governo de Michel Temer em 2016, a Petrobras saiu de setores inteiros para pagar uma d\u00edvida igualmente astron\u00f4mica contratada durante os governos do PT. A companhia se desfez de gasodutos, de sua unidade de biocombust\u00edveis, f\u00e1bricas de fertilizantes, todos os 7.700 postos de combust\u00edveis bandeira BR, al\u00e9m de refinarias.<\/p>\n\n\n\n<p>Agora, Lula quer que a Petrobras volte a ser a gigante integrada de energia que j\u00e1 foi em seus dois primeiros governos (2003-2010), investindo parte do lucro em energias renov\u00e1veis, refino e promovendo empregos, segundo as fontes.<\/p>\n\n\n\n<p>A nova abordagem aproximar\u00e1 a Petrobras da estrat\u00e9gia adotada pelas majors europeias BP PLC e Shell PLC, que est\u00e3o reduzindo as apostas no petr\u00f3leo para investir em<strong> energia mais limpa.<\/strong><\/p>\n\n\n\n<p>Mas a decis\u00e3o sobre em que grau dividendos ser\u00e3o cortados &#8211;ou parcialmente substitu\u00eddos por recompra de a\u00e7\u00f5es&#8211; e quanto a empresa investir\u00e1 em renov\u00e1veis ainda depender\u00e1 de quem assumir a equipe. H\u00e1 propostas diferentes a depender do candidato. A maioria \u00e9 contr\u00e1ria \u00e0 recompra de refinarias.<\/p>\n\n\n\n<p>De toda forma, nos bastidores, o <strong>PT descarta a possibilidade de ter um presidente da Petrobras em desalinho com o partido e com o programa de governo de Lula.<\/strong><\/p>\n\n\n\n<p>&#8220;Conjugar desenvolvimento e meio ambiente tamb\u00e9m \u00e9 investir nas oportunidades criadas pela transi\u00e7\u00e3o energ\u00e9tica, com investimentos em energia e\u00f3lica, solar, hidrog\u00eanio verde e bicombust\u00edveis&#8221;, disse Lula em seu discurso na c\u00fapula do clima COP27, no Egito.<\/p>\n\n\n\n<p>&#8220;S\u00e3o \u00e1reas nas quais o Brasil tem um potencial imenso, em particular no Nordeste brasileiro, que apenas come\u00e7ou a ser explorado.&#8221;<\/p>\n\n\n\n<p><strong>Lula tamb\u00e9m enviar\u00e1 para o lixo o plano de privatiza\u00e7\u00e3o da Petrobras<\/strong>, em gesta\u00e7\u00e3o desde 2019 pela atual diretoria. Segundo alguns de seus elaboradores, o plano estava pronto para ser executado j\u00e1 no ano que vem, caso Bolsonaro tivesse sido reeleito.<\/p>\n\n\n\n<p>A empresa tem hoje um valor de mercado de 375 bilh\u00f5es de reais &#8211;em 2008 eram 510 bilh\u00f5es de reais&#8211; e distribuiu mais de 42 bilh\u00f5es de reais em dividendos apenas no \u00faltimo trimestre.<\/p>\n\n\n\n<h2 class=\"wp-block-heading\">Tempo curto<\/h2>\n\n\n\n<p>Mas o rel\u00f3gio est\u00e1 correndo contra Lula, que periga iniciar o governo com uma diretoria com orienta\u00e7\u00f5es distintas de seus planos.<\/p>\n\n\n\n<p>Decretos e regula\u00e7\u00f5es criados ap\u00f3s a sa\u00edda do PT do governo h\u00e1 seis anos exigem pelo menos 45 dias &#8211;e possivelmente n\u00e3o menos do que 60&#8211; para verifica\u00e7\u00e3o da conformidade de curr\u00edculos, aprova\u00e7\u00e3o dos nomes no conselho de administra\u00e7\u00e3o e vota\u00e7\u00e3o dos acionistas em assembleia.<\/p>\n\n\n\n<p>Lula tamb\u00e9m precisaria contar que o atual presidente da estatal, Caio Paes de Andrade, renunciasse voluntariamente em 1\u00ba de janeiro. Seu mandato vence em abril.<\/p>\n\n\n\n<p>Andrade, ex-funcion\u00e1rio do Minist\u00e9rio da Economia sem experi\u00eancia pr\u00e9via na \u00e1rea de petr\u00f3leo, n\u00e3o deu sinais at\u00e9 agora de que est\u00e1 disposto a faz\u00ea-lo, segundo pessoas pr\u00f3ximas a ele.<\/p>\n\n\n\n<p>Bolsonaro, que o indicou, n\u00e3o reconheceu formalmente a vit\u00f3ria de Lula, seu inimigo pol\u00edtico, e poucos esperam dele colabora\u00e7\u00e3o volunt\u00e1ria na transi\u00e7\u00e3o de governo.<\/p>\n\n\n\n<p>Com isso, a diretoria se prepara para resistir no cargo e manter seu programa at\u00e9 serem cumpridos os ritos formais de troca de lideran\u00e7a na estatal, segundo fontes da empresa. E mant\u00e9m as portas abertas \u00e0 equipe de Lula.<\/p>\n\n\n\n<p>A diretoria prepara uma apresenta\u00e7\u00e3o de 90 telas, dez de cada alto executivo, incluindo o CEO, para a passagem de bast\u00e3o formal \u00e0 equipe de transi\u00e7\u00e3o, segundo fontes da empresa.<\/p>\n\n\n\n<h2 class=\"wp-block-heading\">Lista resumida<\/h2>\n\n\n\n<p>Lula apenas nomeou a equipe de transi\u00e7\u00e3o na \u00e1rea de energia na \u00faltima quarta-feira e, at\u00e9 o fim da semana passada, n\u00e3o havia conversado diretamente com candidatos \u00e0 presid\u00eancia da Petrobras, segundo pessoas a par do assunto.<\/p>\n\n\n\n<p>Entre eles, o senador <strong>Jean Paul Prates<\/strong>, um dos primeiros a serem cotados. N\u00e3o houve convite formal embora Prates tenha viajado com Lula no jato particular que levou a comitiva do governo eleito para COP27 no Egito, segundo fontes.<\/p>\n\n\n\n<p>Prates foi um importante conselheiro de pol\u00edtica energ\u00e9tica durante a campanha de Lula, mas sua nomea\u00e7\u00e3o pode enfrentar obst\u00e1culos de conformidade devido \u00e0 sua campanha para prefeito de Natal-RN em 2020. A Lei das Estatais veda indica\u00e7\u00e3o de CEO que tenha estruturado ou participado de campanha eleitoral nos \u00faltimos 36 meses.<\/p>\n\n\n\n<p>Outros candidatos na lista incluem o ex-governador da Bahia Rui Costa, um forte aliado pol\u00edtico de Lula; e Magda Chambriard, ex-diretora-geral da ag\u00eancia reguladora de petr\u00f3leo e g\u00e1s ANP, com carreira na \u00e1rea de explora\u00e7\u00e3o e produ\u00e7\u00e3o da Petrobras.<\/p>\n\n\n\n<p>William Nozaki, professor de economia na FESPSP, nomeado na semana passada para a equipe de transi\u00e7\u00e3o de Lula, est\u00e1 sendo considerado para liderar uma diretoria n\u00e3o estrat\u00e9gica da Petrobras.<\/p>\n\n\n\n<p>Ex-presidente da Petrobras nos governos Lula, Jos\u00e9 Sergio Gabrielli ficou de fora da equipe de transi\u00e7\u00e3o, num indicativo de que sua postula\u00e7\u00e3o perdeu for\u00e7a.<\/p>\n\n\n\n<p>Gabrielli enfrenta um processo no TCU pela compra pela Petrobras da refinaria americana de Pasadena, o que poderia atrapalhar sua aprova\u00e7\u00e3o pelos \u00f3rg\u00e3os de conformidade.<br><\/p>\n","protected":false},"excerpt":{"rendered":"<p>Lula quer que a Petrobras volte a ser a gigante integrada de energia investindo parte do lucro em energias renov\u00e1veis, refino e promovendo empregos.<\/p>\n","protected":false},"author":61,"featured_media":372077,"comment_status":"closed","ping_status":"open","sticky":false,"template":"","format":"standard","meta":{"_acf_changed":false,"inline_featured_image":false,"footnotes":""},"categories":[5],"tags":[526,2370,21],"autor-wsj":[],"coauthors":[2494],"class_list":["post-384868","post","type-post","status-publish","format-standard","has-post-thumbnail","hentry","category-economia","tag-dividendos","tag-luiz-inacio-lula-da-silva","tag-petrobras"],"acf":[],"amp_enabled":true,"_links":{"self":[{"href":"https:\/\/investnews.com.br\/inv-api\/wp\/v2\/posts\/384868","targetHints":{"allow":["GET"]}}],"collection":[{"href":"https:\/\/investnews.com.br\/inv-api\/wp\/v2\/posts"}],"about":[{"href":"https:\/\/investnews.com.br\/inv-api\/wp\/v2\/types\/post"}],"author":[{"embeddable":true,"href":"https:\/\/investnews.com.br\/inv-api\/wp\/v2\/users\/61"}],"replies":[{"embeddable":true,"href":"https:\/\/investnews.com.br\/inv-api\/wp\/v2\/comments?post=384868"}],"version-history":[{"count":3,"href":"https:\/\/investnews.com.br\/inv-api\/wp\/v2\/posts\/384868\/revisions"}],"predecessor-version":[{"id":384872,"href":"https:\/\/investnews.com.br\/inv-api\/wp\/v2\/posts\/384868\/revisions\/384872"}],"wp:featuredmedia":[{"embeddable":true,"href":"https:\/\/investnews.com.br\/inv-api\/wp\/v2\/media\/372077"}],"wp:attachment":[{"href":"https:\/\/investnews.com.br\/inv-api\/wp\/v2\/media?parent=384868"}],"wp:term":[{"taxonomy":"category","embeddable":true,"href":"https:\/\/investnews.com.br\/inv-api\/wp\/v2\/categories?post=384868"},{"taxonomy":"post_tag","embeddable":true,"href":"https:\/\/investnews.com.br\/inv-api\/wp\/v2\/tags?post=384868"},{"taxonomy":"autor-wsj","embeddable":true,"href":"https:\/\/investnews.com.br\/inv-api\/wp\/v2\/autor-wsj?post=384868"},{"taxonomy":"author","embeddable":true,"href":"https:\/\/investnews.com.br\/inv-api\/wp\/v2\/coauthors?post=384868"}],"curies":[{"name":"wp","href":"https:\/\/api.w.org\/{rel}","templated":true}]}}