{"id":385699,"date":"2022-11-23T09:33:56","date_gmt":"2022-11-23T12:33:56","guid":{"rendered":"https:\/\/investnews.com.br\/?p=385699"},"modified":"2022-11-23T09:33:58","modified_gmt":"2022-11-23T12:33:58","slug":"mercado-pune-acoes-pos-balanco-com-macro-volatil-e-cautela","status":"publish","type":"post","link":"https:\/\/investnews.com.br\/financas\/mercado-pune-acoes-pos-balanco-com-macro-volatil-e-cautela\/","title":{"rendered":"Mercado pune a\u00e7\u00f5es p\u00f3s-balan\u00e7o com macro vol\u00e1til e cautela"},"content":{"rendered":"\n<p>Os resultados corporativos do terceiro trimestre no Brasil deram pouca raz\u00e3o para os investidores ficarem excessivamente pessimistas, j\u00e1 que os lucros reportados vieram, em geral, acima ou em linha com as expectativas do mercado. Mesmo assim, as a\u00e7\u00f5es sofreram.<\/p>\n\n\n\n<p>Cerca de 63% das empresas que integram o \u00edndice Ibovespa superaram ou atingiram as estimativas dos analistas para o terceiro trimestre, ante 61% para os balan\u00e7os referentes aos tr\u00eas meses encerrados em junho, segundo dados da Bloomberg. A m\u00e9dia de varia\u00e7\u00e3o das a\u00e7\u00f5es das empresas na sess\u00e3o seguinte aos resultados, contudo, foi uma queda de 2,2%, ante ganho de 0,6% no trimestre anterior, em meio ao mau humor dos gestores com a <a href=\"https:\/\/investnews.com.br\/guias\/volatilidade-o-que-e\/\">volatilidade<\/a> do cen\u00e1rio macroecon\u00f4mico.<\/p>\n\n\n\n<p>Preocupa\u00e7\u00f5es com a trajet\u00f3ria fiscal do pa\u00eds sob a gest\u00e3o do presidente eleito Luiz In\u00e1cio Lula da Silva t\u00eam mantido o mercado sob press\u00e3o. Lula ainda n\u00e3o nomeou um ministro da Fazenda e sua equipe enviou uma minuta da proposta da chamada PEC da Transi\u00e7\u00e3o que remove indefinidamente o Bolsa Fam\u00edlia do teto de gastos.<\/p>\n\n\n\n<p>A incerteza sobre o compasso das <strong>contas p\u00fablicas<\/strong> &#8211; e seus efeitos sobre a taxa de juros &#8211; tem afastado os investidores. O Morgan Stanley, que no in\u00edcio do m\u00eas citou resultados s\u00f3lidos em uma avalia\u00e7\u00e3o preliminar da temporada de balan\u00e7os, recentemente <strong>rebaixou as a\u00e7\u00f5es brasileiras <\/strong>dentro de sua carteira de Am\u00e9rica Latina.<\/p>\n\n\n\n<p>\u201cAs empresas do Ibovespa continuaram a entregar crescimento na compara\u00e7\u00e3o anual\u201d, disse a estrategista de a\u00e7\u00f5es da XP Jennie Li. \u201cPara o quarto trimestre e j\u00e1 pensando em 2023, estamos um pouco mais cautelosos.\u201d<\/p>\n\n\n\n<p><strong>As a\u00e7\u00f5es brasileiras ca\u00edram mais de 8% em d\u00f3lares<\/strong> no acumulado do m\u00eas, o maior recuo entre os principais \u00edndices acion\u00e1rios globais.<\/p>\n\n\n\n<p>No caso de surpresas corporativas negativas, a puni\u00e7\u00e3o foi ainda mais dolorosa. O Bradesco, por exemplo, teve a pior queda di\u00e1ria desde 1998 ap\u00f3s um lucro recorrente 22% abaixo do esperado. O Magazine Luiza tombou mais de 13% depois de reportar preju\u00edzo e a Via teve a pior queda semanal desde os primeiros dias da pandemia.<\/p>\n\n\n\n<p>\u201cO ambiente macroecon\u00f4mico mudou muito nas \u00faltimas tr\u00eas semanas\u201d, disse Rafael Martins, vice-presidente de finan\u00e7as e rela\u00e7\u00f5es com investidores da Stone, em teleconfer\u00eancia com analistas na quinta-feira. \u201cDif\u00edcil dizer onde isso vai acabar.\u201d<\/p>\n\n\n\n<p>Proje\u00e7\u00f5es e coment\u00e1rios pouco inspiradores sobre os pr\u00f3ximos trimestres tamb\u00e9m t\u00eam deixado os gestores mais cautelosos. Os operadores recentemente reduziram as apostas em cortes da Selic, que atualmente est\u00e1 em 13,75% e tem pressionado o custo de capta\u00e7\u00e3o para empresas em setores como o de pagamentos.<\/p>\n\n\n\n<p>\u201c\u00c9 dif\u00edcil encontrar um tom extremamente otimista\u201d nas administra\u00e7\u00f5es, disse Marcos Peixoto, gestor da XP <a href=\"https:\/\/investnews.com.br\/guias\/asset-management\/\">Asset Management<\/a>. \u201cE igualmente dif\u00edcil para a companhia se planejar e dar guidance se nem o pr\u00f3ximo Ministro da Fazenda sabemos quem \u00e9.\u201d<br><\/p>\n","protected":false},"excerpt":{"rendered":"<p>Preocupa\u00e7\u00f5es com a trajet\u00f3ria fiscal do pa\u00eds sob a gest\u00e3o do presidente eleito Luiz In\u00e1cio Lula da Silva t\u00eam mantido o mercado sob press\u00e3o.<\/p>\n","protected":false},"author":76,"featured_media":267683,"comment_status":"closed","ping_status":"open","sticky":false,"template":"","format":"standard","meta":{"_acf_changed":false,"inline_featured_image":false,"footnotes":""},"categories":[4],"tags":[],"autor-wsj":[],"coauthors":[101325],"class_list":["post-385699","post","type-post","status-publish","format-standard","has-post-thumbnail","hentry","category-financas"],"acf":[],"amp_enabled":true,"_links":{"self":[{"href":"https:\/\/investnews.com.br\/inv-api\/wp\/v2\/posts\/385699","targetHints":{"allow":["GET"]}}],"collection":[{"href":"https:\/\/investnews.com.br\/inv-api\/wp\/v2\/posts"}],"about":[{"href":"https:\/\/investnews.com.br\/inv-api\/wp\/v2\/types\/post"}],"author":[{"embeddable":true,"href":"https:\/\/investnews.com.br\/inv-api\/wp\/v2\/users\/76"}],"replies":[{"embeddable":true,"href":"https:\/\/investnews.com.br\/inv-api\/wp\/v2\/comments?post=385699"}],"version-history":[{"count":3,"href":"https:\/\/investnews.com.br\/inv-api\/wp\/v2\/posts\/385699\/revisions"}],"predecessor-version":[{"id":385705,"href":"https:\/\/investnews.com.br\/inv-api\/wp\/v2\/posts\/385699\/revisions\/385705"}],"wp:featuredmedia":[{"embeddable":true,"href":"https:\/\/investnews.com.br\/inv-api\/wp\/v2\/media\/267683"}],"wp:attachment":[{"href":"https:\/\/investnews.com.br\/inv-api\/wp\/v2\/media?parent=385699"}],"wp:term":[{"taxonomy":"category","embeddable":true,"href":"https:\/\/investnews.com.br\/inv-api\/wp\/v2\/categories?post=385699"},{"taxonomy":"post_tag","embeddable":true,"href":"https:\/\/investnews.com.br\/inv-api\/wp\/v2\/tags?post=385699"},{"taxonomy":"autor-wsj","embeddable":true,"href":"https:\/\/investnews.com.br\/inv-api\/wp\/v2\/autor-wsj?post=385699"},{"taxonomy":"author","embeddable":true,"href":"https:\/\/investnews.com.br\/inv-api\/wp\/v2\/coauthors?post=385699"}],"curies":[{"name":"wp","href":"https:\/\/api.w.org\/{rel}","templated":true}]}}