{"id":386834,"date":"2022-11-28T08:01:18","date_gmt":"2022-11-28T11:01:18","guid":{"rendered":"https:\/\/investnews.com.br\/?p=386834"},"modified":"2024-06-25T15:28:58","modified_gmt":"2024-06-25T18:28:58","slug":"3-fatos-para-hoje-recorde-de-casos-de-covid-na-china-conta-de-luz-em-dezembro","status":"publish","type":"post","link":"https:\/\/investnews.com.br\/economia\/3-fatos-para-hoje-recorde-de-casos-de-covid-na-china-conta-de-luz-em-dezembro\/","title":{"rendered":"3 fatos para hoje: recorde de casos de covid na China; conta de luz em dezembro"},"content":{"rendered":"\n<h2 class=\"wp-block-heading\">1 &#8211; China registra 4\u00b0 recorde di\u00e1rio consecutivo de novos casos de Covid<\/h2>\n\n\n\n<p>A <a href=\"https:\/\/investnews.com.br\/tag\/china\/\" class=\"rank-math-link\">China<\/a> registrou um quarto recorde di\u00e1rio consecutivo de 39.791 novas infec\u00e7\u00f5es por Covid-19 em 26 de novembro, das quais 3.709 foram sintom\u00e1ticas e 36.082 assintom\u00e1ticas, informou a Comiss\u00e3o Nacional de Sa\u00fade neste domingo (27).<\/p>\n\n\n\n<p>Isso se comparada com 35.183 novos casos no dia anterior \u2013 3.474 infec\u00e7\u00f5es sintom\u00e1ticas e 31.709 assintom\u00e1ticas, que a China contabiliza separadamente.<\/p>\n\n\n\n<p>Excluindo infec\u00e7\u00f5es importadas, a China registrou 39.506 novos casos locais, dos quais 3.648 eram sintom\u00e1ticos e 35.858 eram assintom\u00e1ticos, ante 34.909 no dia anterior.<\/p>\n\n\n\n<p>Houve uma nova morte, contra nenhuma no dia anterior, elevando o n\u00famero total de mortes para 5.233.<\/p>\n\n\n\n<p>At\u00e9 26 de novembro, a China continental havia confirmado 307.802 casos com sintomas.<\/p>\n\n\n\n<p>A capital e as megacidades da China continuam lutando para conter os surtos, com Chongqing e Guangzhou relatando a maior parte das novas infec\u00e7\u00f5es.<\/p>\n\n\n\n<p>Os casos locais em Pequim continuaram aumentando, disparando 66%, para 4.307 casos, em compara\u00e7\u00e3o com 2.595 no dia anterior, mostraram dados do governo local.<\/p>\n\n\n\n<h2 class=\"wp-block-heading\">2 &#8211; <strong>Aneel mant\u00e9m bandeira verde em dezembro, sem taxa adicional na conta de luz<\/strong><\/h2>\n\n\n\n<p>A Ag\u00eancia Nacional de Energia El\u00e9trica (Aneel) informou na sexta-feira (25) que manter\u00e1 a bandeira verde acionada em dezembro para todos os consumidores conectados ao setor el\u00e9trico nacional. Com a decis\u00e3o, as <a href=\"https:\/\/investnews.com.br\/economia\/de-conta-de-luz-a-eletronicos-o-que-movimenta-a-black-friday-em-ano-de-copa\/\" class=\"rank-math-link\">contas de luz<\/a> seguem sem cobran\u00e7a adicional.<\/p>\n\n\n\n<p>A bandeira verde est\u00e1 em vigor para todos os consumidores desde 16 de abril. De acordo com a ag\u00eancia, o patamar reflete o n\u00edvel dos reservat\u00f3rios das hidrel\u00e9tricas, devido ao per\u00edodo de chuvas.<\/p>\n\n\n\n<p>&#8220;Com a chegada do per\u00edodo chuvoso, melhoram os n\u00edveis dos reservat\u00f3rios e as condi\u00e7\u00f5es de gera\u00e7\u00e3o das usinas hidrel\u00e9tricas, as quais possuem um custo mais baixo. Dessa forma, n\u00e3o \u00e9 necess\u00e1rio acionar empreendimentos com energia mais cara, como \u00e9 o caso das usinas termel\u00e9tricas&#8221;, diz a nota.<\/p>\n\n\n\n<h3 class=\"wp-block-heading\"><strong>Bandeiras tarif\u00e1rias<\/strong><\/h3>\n\n\n\n<p>O sistema de bandeiras tarif\u00e1rias foi criado em 2015 para indicar os custos da gera\u00e7\u00e3o de energia no Pa\u00eds aos consumidores e atenuar os impactos nos or\u00e7amentos das distribuidoras de energia.<\/p>\n\n\n\n<p>Antes, o custo da energia em momentos de mais dificuldade para gera\u00e7\u00e3o era repassado \u00e0s tarifas apenas no reajuste anual de cada empresa, com incid\u00eancia de juros. No modelo atual, os recursos s\u00e3o cobrados e repassados \u00e0s distribuidoras mensalmente por meio da &#8220;conta Bandeiras&#8221;.<\/p>\n\n\n\n<p>A bandeira verde, quando n\u00e3o h\u00e1 cobran\u00e7a adicional, significa que o custo para produzir energia est\u00e1 baixo. J\u00e1 as bandeiras amarela e vermelha 1 e 2 representam um aumento no custo da gera\u00e7\u00e3o e a necessidade de acionamento de t\u00e9rmicas, o que est\u00e1 ligado principalmente ao volume dos reservat\u00f3rios.<\/p>\n\n\n\n<h2 class=\"wp-block-heading\">3 &#8211; Europa deve defender seus interesses econ\u00f4micos contra pacote de subs\u00eddios dos EUA, diz ministro franc\u00eas<\/h2>\n\n\n\n<p>A Fran\u00e7a pode tentar negociar algumas isen\u00e7\u00f5es de taxas e limites impostos pela lei anti-inflacion\u00e1ria dos Estados Unidos, mas a <a href=\"https:\/\/investnews.com.br\/tag\/europa\/\" class=\"rank-math-link\">Europa<\/a> deve agir para proteger os interesses econ\u00f4micos do bloco, disse o ministro da Economia e das Finan\u00e7as da Fran\u00e7a, Bruno Le Maire, neste domingo (27).<\/p>\n\n\n\n<p>Le Maire acompanhar\u00e1 o presidente franc\u00eas Emmanuel Macron em uma visita aos Estados Unidos na pr\u00f3xima semana.<\/p>\n\n\n\n<p>Os europeus dizem que o enorme pacote de subs\u00eddios para proteger os fabricantes norte-americanos sob a Lei de Redu\u00e7\u00e3o da Infla\u00e7\u00e3o pode ser um golpe letal para suas ind\u00fastrias, que j\u00e1 est\u00e3o sofrendo com os altos pre\u00e7os da energia causados \u200b\u200bpela invas\u00e3o russa na Ucr\u00e2nia.<\/p>\n\n\n\n<p>&#8220;A Fran\u00e7a pode pedir isen\u00e7\u00f5es de algumas taxas e limites impostos pelo governo dos Estados Unidos. Mas a verdadeira quest\u00e3o que devemos nos perguntar \u00e9: que tipo de globaliza\u00e7\u00e3o est\u00e1 \u00e0 nossa frente?&#8221;, disse Le Maire \u00e0 emissora de televis\u00e3o France 3.<\/p>\n\n\n\n<p>&#8220;A China favorece a produ\u00e7\u00e3o chinesa, os EUA favorecem a produ\u00e7\u00e3o norte-americana, \u00e9 hora de a Europa favorecer a produ\u00e7\u00e3o europeia&#8221;, acrescentou.<\/p>\n\n\n\n<p><em><strong>(*Com informa\u00e7\u00f5es de Reuters e Estad\u00e3o Conte\u00fado)<\/strong><\/em><\/p>\n","protected":false},"excerpt":{"rendered":"<p>China registrou um quarto recorde di\u00e1rio consecutivo de 39.791 novas infec\u00e7\u00f5es por Covid-19 em 26 de novembro.<\/p>\n","protected":false},"author":7,"featured_media":386835,"comment_status":"closed","ping_status":"open","sticky":false,"template":"","format":"standard","meta":{"_acf_changed":false,"inline_featured_image":false,"footnotes":""},"categories":[5],"tags":[244,1011,499,236,227],"autor-wsj":[],"coauthors":[1494],"class_list":["post-386834","post","type-post","status-publish","format-standard","has-post-thumbnail","hentry","category-economia","tag-china","tag-conta-de-luz","tag-economia","tag-eua","tag-europa"],"acf":[],"amp_enabled":true,"_links":{"self":[{"href":"https:\/\/investnews.com.br\/inv-api\/wp\/v2\/posts\/386834","targetHints":{"allow":["GET"]}}],"collection":[{"href":"https:\/\/investnews.com.br\/inv-api\/wp\/v2\/posts"}],"about":[{"href":"https:\/\/investnews.com.br\/inv-api\/wp\/v2\/types\/post"}],"author":[{"embeddable":true,"href":"https:\/\/investnews.com.br\/inv-api\/wp\/v2\/users\/7"}],"replies":[{"embeddable":true,"href":"https:\/\/investnews.com.br\/inv-api\/wp\/v2\/comments?post=386834"}],"version-history":[{"count":7,"href":"https:\/\/investnews.com.br\/inv-api\/wp\/v2\/posts\/386834\/revisions"}],"predecessor-version":[{"id":386843,"href":"https:\/\/investnews.com.br\/inv-api\/wp\/v2\/posts\/386834\/revisions\/386843"}],"wp:featuredmedia":[{"embeddable":true,"href":"https:\/\/investnews.com.br\/inv-api\/wp\/v2\/media\/386835"}],"wp:attachment":[{"href":"https:\/\/investnews.com.br\/inv-api\/wp\/v2\/media?parent=386834"}],"wp:term":[{"taxonomy":"category","embeddable":true,"href":"https:\/\/investnews.com.br\/inv-api\/wp\/v2\/categories?post=386834"},{"taxonomy":"post_tag","embeddable":true,"href":"https:\/\/investnews.com.br\/inv-api\/wp\/v2\/tags?post=386834"},{"taxonomy":"autor-wsj","embeddable":true,"href":"https:\/\/investnews.com.br\/inv-api\/wp\/v2\/autor-wsj?post=386834"},{"taxonomy":"author","embeddable":true,"href":"https:\/\/investnews.com.br\/inv-api\/wp\/v2\/coauthors?post=386834"}],"curies":[{"name":"wp","href":"https:\/\/api.w.org\/{rel}","templated":true}]}}