{"id":387065,"date":"2022-11-29T08:00:20","date_gmt":"2022-11-29T11:00:20","guid":{"rendered":"https:\/\/investnews.com.br\/?p=387065"},"modified":"2024-06-25T15:28:51","modified_gmt":"2024-06-25T18:28:51","slug":"3-fatos-para-hoje-relacao-reino-unido-e-china-pec-da-transicao-e-petrobras","status":"publish","type":"post","link":"https:\/\/investnews.com.br\/economia\/3-fatos-para-hoje-relacao-reino-unido-e-china-pec-da-transicao-e-petrobras\/","title":{"rendered":"3 fatos para hoje: rela\u00e7\u00e3o Reino Unido e China; PEC da Transi\u00e7\u00e3o e Petrobras"},"content":{"rendered":"\n<h2 class=\"wp-block-heading\">1 &#8211; <strong>Transi\u00e7\u00e3o e comando da Petrobras acertaram troca de informa\u00e7\u00f5es em 1\u00aa reuni\u00e3o<\/strong><\/h2>\n\n\n\n<p>O grupo de trabalho de Minas e Energia no governo de transi\u00e7\u00e3o realizou nesta segunda-feira (28) a primeira reuni\u00e3o com o comando da<strong> Petrobras<\/strong> (<a href=\"https:\/\/investnews.com.br\/cotacao\/petr3-petroleo-brasileiro-petrobras\/\" target=\"_blank\" rel=\"noreferrer noopener\">PETR3<\/a>,&nbsp;<a href=\"https:\/\/investnews.com.br\/cotacao\/petr4-petroleo-brasileiro-petrobras\/\" target=\"_blank\" rel=\"noreferrer noopener\">PETR4<\/a>), na qual participaram integrantes do GT e da estatal, como seu presidente, Caio Paes de Andrade. No encontro, realizado de forma remota, o grupo acertou com a petroleira como funcionar\u00e1 a troca de informa\u00e7\u00f5es sobre a empresa durante a transi\u00e7\u00e3o, de acordo com nota divulgada pela assessoria do senador Jean Paul Prates (PT-RN), que \u00e9 relator do subgrupo de Petr\u00f3leo, G\u00e1s Natural e Biocombust\u00edveis do GT. Prates, que classificou a reuni\u00e3o como produtiva e cooperativa, disse que o encontro serviu para tratar de assuntos preliminares, como confidencialidade de documentos.<\/p>\n\n\n\n<p>&#8220;Definimos ainda crit\u00e9rios de sigilo, classifica\u00e7\u00e3o e tipos de dados bem como a forma como dever\u00e3o circular. Estamos buscando todas as informa\u00e7\u00f5es para nosso relat\u00f3rio, tendo, obviamente, todos os cuidados para evitar especula\u00e7\u00f5es indevidas e vazamento de informa\u00e7\u00f5es&#8221;, disse Prates, por meio de nota.<\/p>\n\n\n\n<p>O GT informou ainda que enviar\u00e1 nos pr\u00f3ximos dias um of\u00edcio \u00e0 estatal. A ideia \u00e9 que o grupo destaque no documento processos de desinvestimentos da Petrobras que, na avalia\u00e7\u00e3o do comit\u00ea de transi\u00e7\u00e3o, deveriam ser suspensos at\u00e9 que o novo governo tome posse. &#8220;Temos v\u00e1rios processos de desinvestimento que a gest\u00e3o atual da Petrobras est\u00e1 levando a cabo. Vamos destacar alguns que acreditamos deveriam ser suspensos, mas a administra\u00e7\u00e3o atual da estatal \u00e9 quem vai tomar a decis\u00e3o que ela achar pertinente a respeito de cada caso&#8221;, afirmou Prates.<\/p>\n\n\n\n<p>Ficou ainda acertado que o grupo e a estatal realizar\u00e3o uma reuni\u00e3o presencial na sede da empresa, com previs\u00e3o de ocorrer no in\u00edcio de dezembro. Participaram do encontro nesta segunda o presidente da Petrobras, o Diretor Executivo de Relacionamento Institucional e Sustentabilidade da empresa, Rafael Chaves; o Diretor Executivo de Governan\u00e7a e Conformidade da estatal, Salvador Dahan; e a advogada geral da Petrobras, Ta\u00edsa Maciel.<\/p>\n\n\n\n<p>Da equipe de transi\u00e7\u00e3o, estavam Prates, o Coordenador do GT de Minas e Energia Maur\u00edcio Tolmasquim, al\u00e9m de William Nozaki, Magda Chambriard e Deyvid Bacelar, tamb\u00e9m integrantes do grupo.<\/p>\n\n\n\n<h2 class=\"wp-block-heading\">2 &#8211; <strong>PEC da Transi\u00e7\u00e3o j\u00e1 tem 14 assinaturas para tramitar, proposta precisa de 27<\/strong><\/h2>\n\n\n\n<p>A <a href=\"https:\/\/investnews.com.br\/geral\/pec-da-transicao-e-protocolada-com-prazo-de-4-anos-e-impacto-de-ate-r-198-bi\/\" class=\"rank-math-link\">Proposta de Emenda \u00e0 Constitui\u00e7\u00e3o da transi\u00e7\u00e3o foi protocolada nesta segunda-feira<\/a> (28) no Senado, mas sem as 27 assinaturas necess\u00e1rias para sua tramita\u00e7\u00e3o ter in\u00edcio. At\u00e9 21h23 horas, apenas 14 senadores haviam subscrito o texto. Autor da PEC, o relator do Or\u00e7amento, senador Marcelo Castro (MDB-PI), afirmou mais cedo que &#8220;a ideia inicial era formatar um texto de consenso, mas a negocia\u00e7\u00e3o demorou muito&#8221;.<\/p>\n\n\n\n<p>De acordo com o regimento interno do Senado, PECs necessitam ser assinadas por 1\/3 dos senadores &#8211; 27. S\u00f3 ent\u00e3o, \u00e9 feita uma leitura protocolar no plen\u00e1rio da Casa e a proposta \u00e9 automaticamente despachada para a Comiss\u00e3o de Constitui\u00e7\u00e3o e Justi\u00e7a, onde pode ser colocada em vota\u00e7\u00e3o ap\u00f3s cinco dias. L\u00e1, cabe ao presidente do colegiado definir quando ocorrer\u00e1 a aprecia\u00e7\u00e3o. A regra determina que isso ocorra em um prazo de at\u00e9 30 dias.<\/p>\n\n\n\n<p>A norma interna do Senado destaca que, ap\u00f3s a an\u00e1lise no colegiado, a PEC segue para o plen\u00e1rio, onde passa por cinco sess\u00f5es de discuss\u00e3o, e ent\u00e3o est\u00e1 pronta para a vota\u00e7\u00e3o em primeiro turno. At\u00e9 o segundo turno, s\u00e3o cinco dias \u00fateis de intervalo e mais tr\u00eas sess\u00f5es de debate.<\/p>\n\n\n\n<p>Para ser aprovada, a proposta precisa do aval de 49 dos 81 senadores nos dois turnos.<\/p>\n\n\n\n<p>Como \u00e9 fruto de negocia\u00e7\u00f5es, contudo, todos esses prazos regimentais j\u00e1 est\u00e3o sendo desconsiderados tanto pelo PT, quanto por lideran\u00e7as no Senado. A expectativa \u00e9 que, t\u00e3o logo atinja as assinaturas previstas, a PEC seja lida no plen\u00e1rio e despachada para a CCJ. At\u00e9 l\u00e1 &#8211; o que se prev\u00ea que ocorra at\u00e9 o fim de ter\u00e7a -, espera-se j\u00e1 haver um acordo com o presidente do colegiado, Davi Alcolumbre (Uni\u00e3o Brasil-AP), para pautar prontamente o texto.<\/p>\n\n\n\n<p>Contudo, sem esse pacto ainda acertado, bem como em torno dos termos finais do texto, a previs\u00e3o inicial de votar a PEC na CCJ e no plen\u00e1rio nesta quarta (30) j\u00e1 est\u00e1 praticamente descartada. Ainda n\u00e3o est\u00e1 agendada a delibera\u00e7\u00e3o no colegiado, o que petistas acreditam que at\u00e9 pode ocorrer esta semana. Mas a aprecia\u00e7\u00e3o no Senado j\u00e1 est\u00e1 sendo calculada somente para a pr\u00f3xima ter\u00e7a-feira, 6.<\/p>\n\n\n\n<h2 class=\"wp-block-heading\">3 &#8211; Premi\u00ea brit\u00e2nico diz que &#8220;era de ouro&#8221; do Reino Unido com a China acabou<\/h2>\n\n\n\n<figure class=\"wp-block-image size-large\"><img loading=\"lazy\" decoding=\"async\" width=\"1024\" height=\"683\" src=\"https:\/\/media.investnews.com.br\/uploads\/2022\/11\/2022-11-28T235558Z_1_LYNXMPEIAR12J_RTROPTP_4_BRITAIN-POLITICS-SUNAK-1024x683.jpg\" alt=\"\" class=\"wp-image-387490\" srcset=\"https:\/\/media.investnews.com.br\/uploads\/2022\/11\/2022-11-28T235558Z_1_LYNXMPEIAR12J_RTROPTP_4_BRITAIN-POLITICS-SUNAK-1024x683.jpg 1024w, https:\/\/media.investnews.com.br\/uploads\/2022\/11\/2022-11-28T235558Z_1_LYNXMPEIAR12J_RTROPTP_4_BRITAIN-POLITICS-SUNAK-300x200.jpg 300w, https:\/\/media.investnews.com.br\/uploads\/2022\/11\/2022-11-28T235558Z_1_LYNXMPEIAR12J_RTROPTP_4_BRITAIN-POLITICS-SUNAK-768x512.jpg 768w, https:\/\/media.investnews.com.br\/uploads\/2022\/11\/2022-11-28T235558Z_1_LYNXMPEIAR12J_RTROPTP_4_BRITAIN-POLITICS-SUNAK-1536x1024.jpg 1536w, https:\/\/media.investnews.com.br\/uploads\/2022\/11\/2022-11-28T235558Z_1_LYNXMPEIAR12J_RTROPTP_4_BRITAIN-POLITICS-SUNAK-1256x837.jpg 1256w, https:\/\/media.investnews.com.br\/uploads\/2022\/11\/2022-11-28T235558Z_1_LYNXMPEIAR12J_RTROPTP_4_BRITAIN-POLITICS-SUNAK-172x115.jpg 172w, https:\/\/media.investnews.com.br\/uploads\/2022\/11\/2022-11-28T235558Z_1_LYNXMPEIAR12J_RTROPTP_4_BRITAIN-POLITICS-SUNAK-150x100.jpg 150w, https:\/\/media.investnews.com.br\/uploads\/2022\/11\/2022-11-28T235558Z_1_LYNXMPEIAR12J_RTROPTP_4_BRITAIN-POLITICS-SUNAK.jpg 2048w\" sizes=\"auto, (max-width: 1024px) 100vw, 1024px\" \/><figcaption class=\"wp-element-caption\">Primeiro-ministro brit\u00e2nico, Rishi Sunak\n28\/11\/2022\nREUTERS\/Toby Melville<\/figcaption><\/figure>\n\n\n\n<p>O primeiro-ministro brit\u00e2nico, Rishi Sunak, disse nesta segunda-feira (28) que a chamada &#8220;era de ouro&#8221; das rela\u00e7\u00f5es com a China acabou, dizendo que o desafio sist\u00eamico de Pequim aos interesses e valores do Reino Unido est\u00e1 ficando mais grave.<\/p>\n\n\n\n<p>Em seu primeiro grande discurso de pol\u00edtica externa, Sunak disse que a abordagem do Reino Unido em rela\u00e7\u00e3o \u00e0 China precisa evoluir e que Pequim est\u00e1 &#8220;competindo conscientemente pela influ\u00eancia global usando todas as alavancas do poder do Estado&#8221;.<\/p>\n\n\n\n<p>&#8220;Vamos ser claros, a chamada &#8216;era de ouro&#8217; acabou, junto com a ideia ing\u00eanua de que o com\u00e9rcio levaria a reformas sociais e pol\u00edticas&#8221;, disse Sunak no distrito financeiro de Londres, fezendo refer\u00eancia \u00e0 descri\u00e7\u00e3o feita pelo ex-ministro brit\u00e2nico das Finan\u00e7as George Osborne sobre os la\u00e7os entre chineses e brit\u00e2nicos em 2015.<\/p>\n\n\n\n<p>Alguns membros de seu Partido Conservador criticaram Sunak, considerando-o menos agressivo em rela\u00e7\u00e3o \u00e0 <a href=\"https:\/\/investnews.com.br\/tag\/china\/\">China<\/a> do que sua antecessora Liz Truss. No ano passado, quando era ministro das Finan\u00e7as, ele pediu uma estrat\u00e9gia diferenciada para a China para equilibrar as preocupa\u00e7\u00f5es com os direitos humanos enquanto expandia os la\u00e7os econ\u00f4micos.<\/p>\n\n\n\n<p>No entanto, uma reuni\u00e3o planejada entre Sunak e o presidente da China, Xi Jinping, na c\u00fapula do G20 deste m\u00eas em Bali fracassou e, na semana passada, Londres proibiu c\u00e2meras de seguran\u00e7a de fabrica\u00e7\u00e3o chinesa em pr\u00e9dios governamentais sens\u00edveis do Reino Unido.<\/p>\n\n\n\n<p>&#8220;Reconhecemos que a China representa um desafio sist\u00eamico aos nossos valores e interesses, um desafio que se torna mais agudo \u00e0 medida que avan\u00e7a para um autoritarismo ainda maior&#8221;, disse ele, referindo-se \u00e0 declara\u00e7\u00e3o da BBC de que um de seus jornalistas foi agredido pela pol\u00edcia chinesa.<\/p>\n\n\n\n<p>&#8220;Claro, n\u00e3o podemos simplesmente ignorar a import\u00e2ncia da China nos assuntos mundiais &#8212; para a estabilidade econ\u00f4mica global ou quest\u00f5es como a mudan\u00e7a clim\u00e1tica. Os EUA, Canad\u00e1, Austr\u00e1lia, Jap\u00e3o e muitos outros tamb\u00e9m entendem isso.&#8221;<\/p>\n\n\n\n<p>Sunak disse que o Reino Unido precisa adotar a mesma abordagem de longo prazo de seus advers\u00e1rios e concorrentes, como R\u00fassia e China.<\/p>\n\n\n\n<p>&#8220;Diante desses desafios, o curto prazo ou o pensamento positivo n\u00e3o ser\u00e3o suficientes. N\u00e3o podemos depender de argumentos ou abordagens da Guerra Fria, ou mero sentimentalismo sobre o passado&#8221;, afirmou.<\/p>\n\n\n\n<p><em><strong>(*Com informa\u00e7\u00f5es de Reuters e Estad\u00e3o Conte\u00fado)<\/strong><\/em><\/p>\n","protected":false},"excerpt":{"rendered":"<p>Proposta de Emenda \u00e0 Constitui\u00e7\u00e3o da transi\u00e7\u00e3o foi protocolada nesta segunda-feira (28) no Senado, mas sem as 27 assinaturas necess\u00e1rias para sua tramita\u00e7\u00e3o ter in\u00edcio.<\/p>\n","protected":false},"author":52,"featured_media":387490,"comment_status":"closed","ping_status":"open","sticky":false,"template":"","format":"standard","meta":{"_acf_changed":false,"inline_featured_image":false,"footnotes":""},"categories":[5],"tags":[244,2370,21,350,1719],"autor-wsj":[],"coauthors":[2430],"class_list":["post-387065","post","type-post","status-publish","format-standard","has-post-thumbnail","hentry","category-economia","tag-china","tag-luiz-inacio-lula-da-silva","tag-petrobras","tag-reino-unido","tag-teto-de-gastos"],"acf":[],"amp_enabled":true,"_links":{"self":[{"href":"https:\/\/investnews.com.br\/inv-api\/wp\/v2\/posts\/387065","targetHints":{"allow":["GET"]}}],"collection":[{"href":"https:\/\/investnews.com.br\/inv-api\/wp\/v2\/posts"}],"about":[{"href":"https:\/\/investnews.com.br\/inv-api\/wp\/v2\/types\/post"}],"author":[{"embeddable":true,"href":"https:\/\/investnews.com.br\/inv-api\/wp\/v2\/users\/52"}],"replies":[{"embeddable":true,"href":"https:\/\/investnews.com.br\/inv-api\/wp\/v2\/comments?post=387065"}],"version-history":[{"count":7,"href":"https:\/\/investnews.com.br\/inv-api\/wp\/v2\/posts\/387065\/revisions"}],"predecessor-version":[{"id":387498,"href":"https:\/\/investnews.com.br\/inv-api\/wp\/v2\/posts\/387065\/revisions\/387498"}],"wp:featuredmedia":[{"embeddable":true,"href":"https:\/\/investnews.com.br\/inv-api\/wp\/v2\/media\/387490"}],"wp:attachment":[{"href":"https:\/\/investnews.com.br\/inv-api\/wp\/v2\/media?parent=387065"}],"wp:term":[{"taxonomy":"category","embeddable":true,"href":"https:\/\/investnews.com.br\/inv-api\/wp\/v2\/categories?post=387065"},{"taxonomy":"post_tag","embeddable":true,"href":"https:\/\/investnews.com.br\/inv-api\/wp\/v2\/tags?post=387065"},{"taxonomy":"autor-wsj","embeddable":true,"href":"https:\/\/investnews.com.br\/inv-api\/wp\/v2\/autor-wsj?post=387065"},{"taxonomy":"author","embeddable":true,"href":"https:\/\/investnews.com.br\/inv-api\/wp\/v2\/coauthors?post=387065"}],"curies":[{"name":"wp","href":"https:\/\/api.w.org\/{rel}","templated":true}]}}