{"id":387359,"date":"2022-11-28T17:59:14","date_gmt":"2022-11-28T20:59:14","guid":{"rendered":"https:\/\/investnews.com.br\/?p=387359"},"modified":"2024-06-25T15:28:54","modified_gmt":"2024-06-25T18:28:54","slug":"equipe-de-transicao-pede-ao-ceo-da-petrobras-que-suspenda-venda-de-ativos","status":"publish","type":"post","link":"https:\/\/investnews.com.br\/economia\/equipe-de-transicao-pede-ao-ceo-da-petrobras-que-suspenda-venda-de-ativos\/","title":{"rendered":"Equipe de transi\u00e7\u00e3o pede ao CEO da Petrobras que suspenda venda de ativos"},"content":{"rendered":"\n<p>Representantes do<strong> governo de transi\u00e7\u00e3o<\/strong> pediram nesta segunda-feira em reuni\u00e3o virtual com o presidente da<strong> Petrobras<\/strong> (<a href=\"https:\/\/investnews.com.br\/cotacao\/petr3-petroleo-brasileiro-petrobras\/\" class=\"rank-math-link\">PETR3<\/a>, <a href=\"https:\/\/investnews.com.br\/cotacao\/petr4-petroleo-brasileiro-petrobras\/\" class=\"rank-math-link\">PETR4<\/a>) e outros integrantes da petroleira que o <strong>plano de desinvestimentos <\/strong>seja suspenso, at\u00e9 que uma nova gest\u00e3o da companhia tome posse, disse \u00e0 Reuters Maur\u00edcio Tolmasquim, que integra o grupo que trata de quest\u00f5es de Minas e Energia.<\/p>\n\n\n\n<p>&#8220;A lista dos ativos (\u00e0 venda) a gente j\u00e1 conhece&#8230; o ideal seria suspender tudo at\u00e9 o novo conselho. \u00c9 claro que havendo situa\u00e7\u00f5es em que o preju\u00edzo ou o custo da paralisa\u00e7\u00e3o seja pior que a continua\u00e7\u00e3o (da venda), isso ser\u00e1 analisado. Em \u00faltima inst\u00e2ncia, a decis\u00e3o \u00e9 da diretoria&#8221;, afirmou Tolmasquim, pontuando que os representantes da petroleira n\u00e3o se posicionaram formalmente sobre se acolheriam o pedido.<\/p>\n\n\n\n<p>Durante o encontro, que ocorreu na tarde desta segunda-feira e durou menos de uma hora, tamb\u00e9m foi discutido como seriam tratados temas sigilosos e delicados para a empresa, para que n\u00e3o houvesse chances de vazamentos prejudiciais \u00e0 Petrobras, que tem o capital misto.<\/p>\n","protected":false},"excerpt":{"rendered":"<p>Encontro aconteceu na tarde desta segunda-feira.<\/p>\n","protected":false},"author":61,"featured_media":357129,"comment_status":"closed","ping_status":"open","sticky":false,"template":"","format":"standard","meta":{"_acf_changed":false,"inline_featured_image":false,"footnotes":""},"categories":[5],"tags":[2370,21],"autor-wsj":[],"coauthors":[2494],"class_list":["post-387359","post","type-post","status-publish","format-standard","has-post-thumbnail","hentry","category-economia","tag-luiz-inacio-lula-da-silva","tag-petrobras"],"acf":[],"amp_enabled":true,"_links":{"self":[{"href":"https:\/\/investnews.com.br\/inv-api\/wp\/v2\/posts\/387359","targetHints":{"allow":["GET"]}}],"collection":[{"href":"https:\/\/investnews.com.br\/inv-api\/wp\/v2\/posts"}],"about":[{"href":"https:\/\/investnews.com.br\/inv-api\/wp\/v2\/types\/post"}],"author":[{"embeddable":true,"href":"https:\/\/investnews.com.br\/inv-api\/wp\/v2\/users\/61"}],"replies":[{"embeddable":true,"href":"https:\/\/investnews.com.br\/inv-api\/wp\/v2\/comments?post=387359"}],"version-history":[{"count":5,"href":"https:\/\/investnews.com.br\/inv-api\/wp\/v2\/posts\/387359\/revisions"}],"predecessor-version":[{"id":387370,"href":"https:\/\/investnews.com.br\/inv-api\/wp\/v2\/posts\/387359\/revisions\/387370"}],"wp:featuredmedia":[{"embeddable":true,"href":"https:\/\/investnews.com.br\/inv-api\/wp\/v2\/media\/357129"}],"wp:attachment":[{"href":"https:\/\/investnews.com.br\/inv-api\/wp\/v2\/media?parent=387359"}],"wp:term":[{"taxonomy":"category","embeddable":true,"href":"https:\/\/investnews.com.br\/inv-api\/wp\/v2\/categories?post=387359"},{"taxonomy":"post_tag","embeddable":true,"href":"https:\/\/investnews.com.br\/inv-api\/wp\/v2\/tags?post=387359"},{"taxonomy":"autor-wsj","embeddable":true,"href":"https:\/\/investnews.com.br\/inv-api\/wp\/v2\/autor-wsj?post=387359"},{"taxonomy":"author","embeddable":true,"href":"https:\/\/investnews.com.br\/inv-api\/wp\/v2\/coauthors?post=387359"}],"curies":[{"name":"wp","href":"https:\/\/api.w.org\/{rel}","templated":true}]}}