{"id":387645,"date":"2022-11-29T12:00:35","date_gmt":"2022-11-29T15:00:35","guid":{"rendered":"https:\/\/investnews.com.br\/?p=387645"},"modified":"2024-06-24T21:56:59","modified_gmt":"2024-06-25T00:56:59","slug":"igp-m-cai-pelo-quarto-mes-seguido-em-novembro-pec-da-transicao-comeca-a-tramitar-no-senado","status":"publish","type":"post","link":"https:\/\/investnews.com.br\/financas\/igp-m-cai-pelo-quarto-mes-seguido-em-novembro-pec-da-transicao-comeca-a-tramitar-no-senado\/","title":{"rendered":"IGP-M cai pelo quarto m\u00eas seguido em novembro; PEC da Transi\u00e7\u00e3o come\u00e7a a tramitar no Senado"},"content":{"rendered":"\n<figure class=\"wp-block-embed is-type-video is-provider-youtube wp-block-embed-youtube wp-embed-aspect-16-9 wp-has-aspect-ratio\"><div class=\"wp-block-embed__wrapper\">\n<iframe loading=\"lazy\" title=\"IGP-M cai pelo quarto m\u00eas seguido em novembro; PEC da Transi\u00e7\u00e3o come\u00e7a a tramitar no Senado\" width=\"500\" height=\"281\" src=\"https:\/\/www.youtube.com\/embed\/e9u8fXVfBXk?feature=oembed\" frameborder=\"0\" allow=\"accelerometer; autoplay; clipboard-write; encrypted-media; gyroscope; picture-in-picture; web-share\" referrerpolicy=\"strict-origin-when-cross-origin\" allowfullscreen><\/iframe>\n<\/div><\/figure>\n\n\n\n<p><\/p>\n\n\n\n<p>O\u00a0<a href=\"https:\/\/investnews.com.br\/economia\/deflacao-perde-forca-e-igp-m-tem-queda-de-056-em-novembro-diz-fgv\/\" data-type=\"post\" data-id=\"387507\"><strong>\u00cdndice Geral de Pre\u00e7os \u2013 Mercado (IGP-M)<\/strong>\u00a0teve defla\u00e7\u00e3o de 0,56% em novembro<\/a>, de acordo com a Funda\u00e7\u00e3o Get\u00falio Vargas.<\/p>\n\n\n\n<p>O <a href=\"https:\/\/investnews.com.br\/guias\/igp-m\/\">IGP-M<\/a> apresentou o quarto m\u00eas seguido de <a href=\"https:\/\/investnews.com.br\/guias\/deflacao\/\">defla\u00e7\u00e3o<\/a> e acumula alta de 4,98% no ano e de 5,90% em 12 meses.<\/p>\n\n\n\n<p>E a\u00a0<a href=\"https:\/\/investnews.com.br\/geral\/pec-da-transicao-atinge-28-assinaturas-e-comeca-a-tramitar-no-senado\/\" data-type=\"post\" data-id=\"387631\"><strong>PEC da Transi\u00e7\u00e3o,<\/strong>\u00a0retirando o\u00a0<strong>Bolsa Fam\u00edlia<\/strong>\u00a0do teto de gastos por quatro anos, come\u00e7ou a tramitar no Senado<\/a> ap\u00f3s obter mais de 27 votos favor\u00e1veis nesta ter\u00e7a-feira (29). A PEC, entregue ao Senado na noite de ontem pelo relator-geral do Or\u00e7amento de 2023 e ter\u00e1 um impacto fiscal de at\u00e9 R$ 198 bilh\u00f5es<\/p>\n","protected":false},"excerpt":{"rendered":"<p>Ser\u00e1 que a infla\u00e7\u00e3o do aluguel vai se manter em ritmo de queda? Confira no Flash!<\/p>\n","protected":false},"author":52,"featured_media":387655,"comment_status":"closed","ping_status":"open","sticky":false,"template":"","format":"standard","meta":{"_acf_changed":false,"inline_featured_image":false,"footnotes":""},"categories":[4],"tags":[15,743,52,2370,1719],"autor-wsj":[],"coauthors":[2430],"class_list":["post-387645","post","type-post","status-publish","format-standard","has-post-thumbnail","hentry","category-financas","tag-flash","tag-igp-m","tag-inflacao","tag-luiz-inacio-lula-da-silva","tag-teto-de-gastos"],"acf":[],"amp_enabled":true,"_links":{"self":[{"href":"https:\/\/investnews.com.br\/inv-api\/wp\/v2\/posts\/387645","targetHints":{"allow":["GET"]}}],"collection":[{"href":"https:\/\/investnews.com.br\/inv-api\/wp\/v2\/posts"}],"about":[{"href":"https:\/\/investnews.com.br\/inv-api\/wp\/v2\/types\/post"}],"author":[{"embeddable":true,"href":"https:\/\/investnews.com.br\/inv-api\/wp\/v2\/users\/52"}],"replies":[{"embeddable":true,"href":"https:\/\/investnews.com.br\/inv-api\/wp\/v2\/comments?post=387645"}],"version-history":[{"count":3,"href":"https:\/\/investnews.com.br\/inv-api\/wp\/v2\/posts\/387645\/revisions"}],"predecessor-version":[{"id":387656,"href":"https:\/\/investnews.com.br\/inv-api\/wp\/v2\/posts\/387645\/revisions\/387656"}],"wp:featuredmedia":[{"embeddable":true,"href":"https:\/\/investnews.com.br\/inv-api\/wp\/v2\/media\/387655"}],"wp:attachment":[{"href":"https:\/\/investnews.com.br\/inv-api\/wp\/v2\/media?parent=387645"}],"wp:term":[{"taxonomy":"category","embeddable":true,"href":"https:\/\/investnews.com.br\/inv-api\/wp\/v2\/categories?post=387645"},{"taxonomy":"post_tag","embeddable":true,"href":"https:\/\/investnews.com.br\/inv-api\/wp\/v2\/tags?post=387645"},{"taxonomy":"autor-wsj","embeddable":true,"href":"https:\/\/investnews.com.br\/inv-api\/wp\/v2\/autor-wsj?post=387645"},{"taxonomy":"author","embeddable":true,"href":"https:\/\/investnews.com.br\/inv-api\/wp\/v2\/coauthors?post=387645"}],"curies":[{"name":"wp","href":"https:\/\/api.w.org\/{rel}","templated":true}]}}