{"id":388163,"date":"2022-11-30T07:59:08","date_gmt":"2022-11-30T10:59:08","guid":{"rendered":"https:\/\/investnews.com.br\/?p=388163"},"modified":"2024-06-25T15:28:49","modified_gmt":"2024-06-25T18:28:49","slug":"3-fatos-para-hoje-oferta-do-assai-sai-a-r-19-conselheiro-dos-eua-vem-ao-brasil-e-pec-da-transicao","status":"publish","type":"post","link":"https:\/\/investnews.com.br\/economia\/3-fatos-para-hoje-oferta-do-assai-sai-a-r-19-conselheiro-dos-eua-vem-ao-brasil-e-pec-da-transicao\/","title":{"rendered":"3 fatos para hoje: oferta do Assa\u00ed sai a R$ 19; conselheiro dos EUA vem ao Brasil e PEC da Transi\u00e7\u00e3o"},"content":{"rendered":"\n<h2 class=\"wp-block-heading\">1 &#8211; Oferta do Assa\u00ed sai a R$ 19 e Casino levanta R$ 2,7 bi, dizem fontes<\/h2>\n\n\n\n<p>O Casino levantou cerca de R$ 2,68 bilh\u00f5es com a <a href=\"https:\/\/investnews.com.br\/flash\/lula-esta-em-brasilia-para-negociacoes-casino-vendera-participacao-no-assai\/\" data-type=\"post\" data-id=\"386952\">venda de parte de sua participa\u00e7\u00e3o na empresa brasileira de atacarejo<\/a> <strong>Assa\u00ed<\/strong> (<a href=\"https:\/\/investnews.com.br\/cotacao\/asai3-assai\/\" target=\"_blank\" rel=\"noreferrer noopener\">ASAI3<\/a>), segundo pessoas familiarizadas com o assunto.&nbsp;<\/p>\n\n\n\n<p>O grupo franc\u00eas vendeu 140,8 milh\u00f5es de a\u00e7\u00f5es do Assa\u00ed a R$ 19,00 cada, um desconto de 2,06% em rela\u00e7\u00e3o ao pre\u00e7o de fechamento de ter\u00e7a-feira (29), disseram as pessoas, pedindo para n\u00e3o serem identificadas porque a informa\u00e7\u00e3o ainda n\u00e3o \u00e9 p\u00fablica.&nbsp;<\/p>\n\n\n\n<p>O lote adicional de 49,5 milh\u00f5es de a\u00e7\u00f5es n\u00e3o foi vendido. A transa\u00e7\u00e3o ajuda o Casino a cortar sua d\u00edvida e reduzir sua fatia no Assa\u00ed, que era de 41% antes da venda de a\u00e7\u00f5es, de acordo com o prospecto da oferta. As a\u00e7\u00f5es do Casino tocaram a m\u00ednima hist\u00f3rica em outubro em meio a preocupa\u00e7\u00f5es sobre sua alavancagem.&nbsp;<\/p>\n\n\n\n<p>O Ita\u00fa BBA liderou a opera\u00e7\u00e3o, que tamb\u00e9m contou com a coordena\u00e7\u00e3o de BTG Pactual, JPMorgan, Bradesco BBI, Banco Safra e Santander Brasil.<\/p>\n\n\n\n<p>O Casino e o Assa\u00ed n\u00e3o responderam imediatamente a pedidos de coment\u00e1rios.&nbsp;<\/p>\n\n\n\n<p>Enquanto alguns acionistas do Assa\u00ed temem que o Casino possa vender mais a\u00e7\u00f5es no futuro, o Goldman Sachs v\u00ea espa\u00e7o para a empresa melhorar sua percep\u00e7\u00e3o de governan\u00e7a. O Casino atualmente indica cinco dos nove membros do conselho de administra\u00e7\u00e3o do Assa\u00ed.&nbsp;<\/p>\n\n\n\n<p>O movimento \u201cpode resultar em uma composi\u00e7\u00e3o acion\u00e1ria mais diversificada, levando a melhorias na governan\u00e7a corporativa e liquidez\u201d, analistas liderados por Irma Sgarz escreveram em relat\u00f3rio no in\u00edcio da semana. \u201cA administra\u00e7\u00e3o do Assa\u00ed foi clara ao dizer que se poderia esperar uma maior propor\u00e7\u00e3o de membros independentes do conselho no pr\u00f3ximo mandato\u201d, disse Sgarz.&nbsp;<\/p>\n\n\n\n<h2 class=\"wp-block-heading\">2 &#8211; <strong>Senado pode votar PEC com &#8216;prioridade&#8217; na semana que vem, diz Pacheco<\/strong><\/h2>\n\n\n\n<p>O presidente do Senado, Rodrigo Pacheco (PSD-MG), afirmou nesta ter\u00e7a-feira (29) que a <a href=\"https:\/\/investnews.com.br\/geral\/pec-da-transicao-atinge-28-assinaturas-e-comeca-a-tramitar-no-senado\/\" data-type=\"post\" data-id=\"387631\">proposta de emenda \u00e0 Constitui\u00e7\u00e3o (PEC) da Transi\u00e7\u00e3o<\/a>, que prev\u00ea uma &#8220;licen\u00e7a&#8221;para gastos extras em 2023 pelo presidente eleito Luiz In\u00e1cio Lula da Silva, vai ser analisada com &#8220;urg\u00eancia e prioridade&#8221; pelos senadores na pr\u00f3xima semana.<\/p>\n\n\n\n<p>Pelo texto protocolado, a PEC exclui do teto de gastos &#8211; por um per\u00edodo de 4 anos &#8211; todo o custo do Aux\u00edlio Brasil (que vai voltar a se chamar Bolsa Fam\u00edlia) de R$ 600 mais a parcela de R$ 150 por filho menor de 6 anos, o que representa R$ 175 bilh\u00f5es. Al\u00e9m disso, a proposta retira do teto R$ 23 bilh\u00f5es para investimentos, valor que ser\u00e1 bancado pelo excesso de arrecada\u00e7\u00e3o no ano anterior. Tamb\u00e9m ficam de fora da norma gastos com projetos socioambientais e de universidades p\u00fablicas bancados por receitas pr\u00f3prias, doa\u00e7\u00f5es ou conv\u00eanios.<\/p>\n\n\n\n<p>&#8220;N\u00e3o necessariamente o texto final ser\u00e1 id\u00eantico ao in\u00edcio. Ent\u00e3o, poder\u00e1 haver altera\u00e7\u00f5es que ser\u00e3o amadurecidas na CCJ e no plen\u00e1rio, especialmente em rela\u00e7\u00e3o ao prazo de excepcionaliza\u00e7\u00e3o do programa social em rela\u00e7\u00e3o ao teto de gastos. Ent\u00e3o, acredito que n\u00f3s possamos sim, com esse senso de urg\u00eancia, ter na semana que vem essa aprecia\u00e7\u00e3o&#8221;, disse Pacheco.<\/p>\n\n\n\n<p>De acordo com ele, agora que a PEC recebeu as 27 assinaturas para tramitar no Senado, o texto ser\u00e1 enviado &#8220;imediatamente&#8221; para a Comiss\u00e3o de Constitui\u00e7\u00e3o e Justi\u00e7a (CCJ). Ele disse acreditar que a vota\u00e7\u00e3o no Senado seja conclu\u00edda j\u00e1 na pr\u00f3xima semana, ou seja, aprova\u00e7\u00e3o da proposta na CCJ e no plen\u00e1rio em dois turnos (s\u00e3o necess\u00e1rios pelo menos 49 votos para aprova\u00e7\u00e3o). Em seguida, a PEC segue para a C\u00e2mara dos Deputados.<\/p>\n\n\n\n<p>&#8220;Esta semana n\u00f3s n\u00e3o teremos reuni\u00e3o da CCJ porque tem que compatibilizar com a C\u00e2mara dos Deputados. Uma emenda constitucional n\u00e3o se trata separadamente com um prazo t\u00e3o curto&#8221;, afirmou o senador Davi Alcolumbre (Uni\u00e3o-AP), que preside a CCJ. A relatoria do texto deve ficar com o pr\u00f3prio Alcolumbre ou com Alexandre Silveira (PSD-MG), aliado de Pacheco.<\/p>\n\n\n\n<p>O futuro governo corre contra o tempo nas negocia\u00e7\u00f5es porque quer que as regras previstas no texto sejam inclu\u00eddas no Or\u00e7amento de 2023 &#8211; que, se n\u00e3o houver atrasos, deve ser votado at\u00e9 o dia 16 de dezembro. Mas o texto protocolado enfrenta resist\u00eancias no Congresso, principalmente em rela\u00e7\u00e3o ao tamanho da licen\u00e7a de gastos extras e ao per\u00edodo em que vai vigorar. O tempo do Bolsa Fam\u00edlia fora da regra do teto de gastos \u00e9 um dos pontos que pode ser revisto de quatro para dois anos.<\/p>\n\n\n\n<p>Questionado, o presidente do Senado ainda afirmou que a defini\u00e7\u00e3o de um nome para comandar o Minist\u00e9rio da Fazenda \u00e9 importante, &#8220;mas n\u00e3o \u00e9 imprescind\u00edvel&#8221; para o andamento das discuss\u00f5es em torno da proposta. (Com Broadcast)<\/p>\n\n\n\n<h2 class=\"wp-block-heading\">3 &#8211; Biden envia conselheiro de seguran\u00e7a para conversa com Lula na pr\u00f3xima semana<\/h2>\n\n\n\n<figure class=\"wp-block-image size-large\"><img loading=\"lazy\" decoding=\"async\" width=\"1024\" height=\"686\" src=\"https:\/\/media.investnews.com.br\/uploads\/2022\/11\/2022-11-29T215401Z_1_LYNXMPEIAS13I_RTROPTP_4_UKRAINE-CRISIS-BIDEN-1024x686.jpg\" alt=\"\" class=\"wp-image-388164\" srcset=\"https:\/\/media.investnews.com.br\/uploads\/2022\/11\/2022-11-29T215401Z_1_LYNXMPEIAS13I_RTROPTP_4_UKRAINE-CRISIS-BIDEN-1024x686.jpg 1024w, https:\/\/media.investnews.com.br\/uploads\/2022\/11\/2022-11-29T215401Z_1_LYNXMPEIAS13I_RTROPTP_4_UKRAINE-CRISIS-BIDEN-300x201.jpg 300w, https:\/\/media.investnews.com.br\/uploads\/2022\/11\/2022-11-29T215401Z_1_LYNXMPEIAS13I_RTROPTP_4_UKRAINE-CRISIS-BIDEN-768x515.jpg 768w, https:\/\/media.investnews.com.br\/uploads\/2022\/11\/2022-11-29T215401Z_1_LYNXMPEIAS13I_RTROPTP_4_UKRAINE-CRISIS-BIDEN-1536x1029.jpg 1536w, https:\/\/media.investnews.com.br\/uploads\/2022\/11\/2022-11-29T215401Z_1_LYNXMPEIAS13I_RTROPTP_4_UKRAINE-CRISIS-BIDEN-1256x841.jpg 1256w, https:\/\/media.investnews.com.br\/uploads\/2022\/11\/2022-11-29T215401Z_1_LYNXMPEIAS13I_RTROPTP_4_UKRAINE-CRISIS-BIDEN-172x115.jpg 172w, https:\/\/media.investnews.com.br\/uploads\/2022\/11\/2022-11-29T215401Z_1_LYNXMPEIAS13I_RTROPTP_4_UKRAINE-CRISIS-BIDEN-150x100.jpg 150w, https:\/\/media.investnews.com.br\/uploads\/2022\/11\/2022-11-29T215401Z_1_LYNXMPEIAS13I_RTROPTP_4_UKRAINE-CRISIS-BIDEN.jpg 2048w\" sizes=\"auto, (max-width: 1024px) 100vw, 1024px\" \/><figcaption class=\"wp-element-caption\">Jake Sullivan, conselheiro de Seguran\u00e7a Nacional dos Estados Unidos &#8211; 11\/07\/2022 REUTERS\/Kevin Lamarque<\/figcaption><\/figure>\n\n\n\n<p>O presidente norte-americano, Joe Biden, ir\u00e1 enviar ao Brasil, na pr\u00f3xima semana, dois altos funcion\u00e1rios da Casa Branca &#8211;o conselheiro de seguran\u00e7a nacional, Jake Sullivan, e o assessor para Am\u00e9rica Latina, Juan Gonzalez&#8211;, para um primeiro encontro com o presidente eleito Luiz In\u00e1cio Lula da Silva, disseram \u00e0 Reuters duas fontes a par das negocia\u00e7\u00f5es.<\/p>\n\n\n\n<p>O encontro, que deve acontecer em Bras\u00edlia, est\u00e1 marcado, em princ\u00edpio, para o dia 5 de dezembro e, de acordo com uma das fontes, tem a inten\u00e7\u00e3o de &#8220;reafirmar a parceria entre os dois pa\u00edses&#8221;.<\/p>\n\n\n\n<p>Na pauta devem estar tamb\u00e9m a posse de Lula &#8211;que pode ter a presen\u00e7a do secret\u00e1rio de Estado, Antony Blinken&#8211; e uma poss\u00edvel viagem do presidente eleito a Washington ainda no primeiro semestre de 2023.<\/p>\n\n\n\n<p>Mesmo antes da elei\u00e7\u00e3o, o governo norte-americano j\u00e1 havia iniciado contatos com a campanha de Lula, e o pr\u00f3prio presidente eleito teve um encontro com o encarregado de neg\u00f3cios da embaixada, Douglas Koneff, ainda em setembro.<\/p>\n\n\n\n<p>Biden foi um dos primeiros chefes de Estado a cumprimentar Lula pela vit\u00f3ria, ainda na noite do domingo da elei\u00e7\u00e3o, em ma posi\u00e7\u00e3o articulada pelos norte-americanos &#8211;e outros pa\u00edses&#8211; de reconhecer imediatamente o resultado eleitoral e ajudar a evitar maiores questionamentos. O presidente norte-americano conversou por telefone no dia seguinte \u00e0 posse.<\/p>\n\n\n\n<p>Lula chegou a revelar a inten\u00e7\u00e3o de visitar os Estados Unidos antes mesmo de tomar posse &#8211;assim como a outros pa\u00edses&#8211; mas o governo norte-americano prefere que o encontro aconte\u00e7a apenas depois, com o presidente eleito j\u00e1 tendo tomado posse. O assunto deve fazer parte das conversas com Sullivan e Gonzalez, disse uma das fontes.<\/p>\n\n\n\n<p><em><strong>(*Com informa\u00e7\u00f5es de Reuters, Bloomberg e Estad\u00e3o Conte\u00fado)<\/strong><\/em><\/p>\n","protected":false},"excerpt":{"rendered":"<p>Grupo franc\u00eas vendeu 140,8 milh\u00f5es de a\u00e7\u00f5es do Assa\u00ed a R$ 19,00 cada, um desconto de 2,06% em rela\u00e7\u00e3o ao pre\u00e7o de fechamento de ter\u00e7a-feira (29), segundo pessoas familiarizadas com o assunto.<\/p>\n","protected":false},"author":52,"featured_media":284740,"comment_status":"closed","ping_status":"open","sticky":false,"template":"","format":"standard","meta":{"_acf_changed":false,"inline_featured_image":false,"footnotes":""},"categories":[5],"tags":[2066,155,236,2370,1719],"autor-wsj":[],"coauthors":[2430],"class_list":["post-388163","post","type-post","status-publish","format-standard","has-post-thumbnail","hentry","category-economia","tag-assai","tag-brasil","tag-eua","tag-luiz-inacio-lula-da-silva","tag-teto-de-gastos"],"acf":[],"amp_enabled":true,"_links":{"self":[{"href":"https:\/\/investnews.com.br\/inv-api\/wp\/v2\/posts\/388163","targetHints":{"allow":["GET"]}}],"collection":[{"href":"https:\/\/investnews.com.br\/inv-api\/wp\/v2\/posts"}],"about":[{"href":"https:\/\/investnews.com.br\/inv-api\/wp\/v2\/types\/post"}],"author":[{"embeddable":true,"href":"https:\/\/investnews.com.br\/inv-api\/wp\/v2\/users\/52"}],"replies":[{"embeddable":true,"href":"https:\/\/investnews.com.br\/inv-api\/wp\/v2\/comments?post=388163"}],"version-history":[{"count":7,"href":"https:\/\/investnews.com.br\/inv-api\/wp\/v2\/posts\/388163\/revisions"}],"predecessor-version":[{"id":388171,"href":"https:\/\/investnews.com.br\/inv-api\/wp\/v2\/posts\/388163\/revisions\/388171"}],"wp:featuredmedia":[{"embeddable":true,"href":"https:\/\/investnews.com.br\/inv-api\/wp\/v2\/media\/284740"}],"wp:attachment":[{"href":"https:\/\/investnews.com.br\/inv-api\/wp\/v2\/media?parent=388163"}],"wp:term":[{"taxonomy":"category","embeddable":true,"href":"https:\/\/investnews.com.br\/inv-api\/wp\/v2\/categories?post=388163"},{"taxonomy":"post_tag","embeddable":true,"href":"https:\/\/investnews.com.br\/inv-api\/wp\/v2\/tags?post=388163"},{"taxonomy":"autor-wsj","embeddable":true,"href":"https:\/\/investnews.com.br\/inv-api\/wp\/v2\/autor-wsj?post=388163"},{"taxonomy":"author","embeddable":true,"href":"https:\/\/investnews.com.br\/inv-api\/wp\/v2\/coauthors?post=388163"}],"curies":[{"name":"wp","href":"https:\/\/api.w.org\/{rel}","templated":true}]}}