{"id":388172,"date":"2022-11-30T08:17:03","date_gmt":"2022-11-30T11:17:03","guid":{"rendered":"https:\/\/investnews.com.br\/?p=388172"},"modified":"2022-11-30T11:51:17","modified_gmt":"2022-11-30T14:51:17","slug":"grupo-do-qual-persio-arida-e-conselheiro-academico-pede-rejeicao-da-pec-da-transicao","status":"publish","type":"post","link":"https:\/\/investnews.com.br\/economia\/grupo-do-qual-persio-arida-e-conselheiro-academico-pede-rejeicao-da-pec-da-transicao\/","title":{"rendered":"Grupo do qual Persio Arida \u00e9 conselheiro acad\u00eamico pede rejei\u00e7\u00e3o da PEC da Transi\u00e7\u00e3o"},"content":{"rendered":"\n<p>O grupo Livres divulgou nesta ter\u00e7a-feira (29) nota na qual recomenda que o Congresso rejeite a <a href=\"https:\/\/investnews.com.br\/geral\/pec-da-transicao-atinge-28-assinaturas-e-comeca-a-tramitar-no-senado\/\" data-type=\"post\" data-id=\"387631\">PEC da Transi\u00e7\u00e3o<\/a>, que abre espa\u00e7o para uma despesa de at\u00e9 R$ 198 bilh\u00f5es fora do teto dos gastos no ano que vem.<\/p>\n\n\n\n<p>A associa\u00e7\u00e3o \u00e9 ligada a <a href=\"https:\/\/investnews.com.br\/economia\/persio-arida-brasil-precisa-de-tres-reformas-para-crescer\/\" data-type=\"post\" data-id=\"383511\">Persio Arida<\/a>, membro da equipe de transi\u00e7\u00e3o de governo e conselheiro acad\u00eamico do grupo. O economista, no entanto, n\u00e3o assina a nota t\u00e9cnica que pede a rejei\u00e7\u00e3o da proposta.<\/p>\n\n\n\n<p>No texto, o Livres defende que a PEC teria o efeito de prejudicar a credibilidade do Pa\u00eds, j\u00e1 danificada pelas altera\u00e7\u00f5es anteriores no arcabou\u00e7o fiscal. Para o grupo, o governo deveria aproveitar o capital pol\u00edtico do in\u00edcio do mandato para discutir prioridades no Or\u00e7amento.<\/p>\n\n\n\n<p>&#8220;A implementa\u00e7\u00e3o de pol\u00edticas sociais sem responsabilidade fiscal tem um efeito perverso n\u00e3o s\u00f3 no longo prazo, mas tamb\u00e9m imediatamente, com a deteriora\u00e7\u00e3o da confian\u00e7a da sociedade na capacidade do governo em seguir regras fiscais e promover pol\u00edticas p\u00fablicas de qualidade&#8221;, diz a nota.<\/p>\n\n\n\n<p>O Livres defende ainda que, caso n\u00e3o seja politicamente vi\u00e1vel rejeitar a PEC, o ideal \u00e9 que o Congresso invista em propostas alternativas como a apresentada pelo senador Alessandro Vieira (PSDB-CE). A proposta estabelece um limite menor, de R$ 70 bilh\u00f5es, para despesas fora do teto em 2023.<\/p>\n\n\n\n<figure class=\"wp-block-image size-large\"><img loading=\"lazy\" decoding=\"async\" width=\"1024\" height=\"683\" src=\"https:\/\/media.investnews.com.br\/uploads\/2022\/10\/2022-10-27T121927Z_1_LYNXMPEI9Q0IL_RTROPTP_4_POLITICA-ELEICOES-LULA-MINECONOMIA-1-1024x683.jpg\" alt=\"Luiz-Inacio-Lula-da-Silva\" class=\"wp-image-378188\" srcset=\"https:\/\/media.investnews.com.br\/uploads\/2022\/10\/2022-10-27T121927Z_1_LYNXMPEI9Q0IL_RTROPTP_4_POLITICA-ELEICOES-LULA-MINECONOMIA-1-1024x683.jpg 1024w, https:\/\/media.investnews.com.br\/uploads\/2022\/10\/2022-10-27T121927Z_1_LYNXMPEI9Q0IL_RTROPTP_4_POLITICA-ELEICOES-LULA-MINECONOMIA-1-300x200.jpg 300w, https:\/\/media.investnews.com.br\/uploads\/2022\/10\/2022-10-27T121927Z_1_LYNXMPEI9Q0IL_RTROPTP_4_POLITICA-ELEICOES-LULA-MINECONOMIA-1-768x512.jpg 768w, https:\/\/media.investnews.com.br\/uploads\/2022\/10\/2022-10-27T121927Z_1_LYNXMPEI9Q0IL_RTROPTP_4_POLITICA-ELEICOES-LULA-MINECONOMIA-1-1536x1024.jpg 1536w, https:\/\/media.investnews.com.br\/uploads\/2022\/10\/2022-10-27T121927Z_1_LYNXMPEI9Q0IL_RTROPTP_4_POLITICA-ELEICOES-LULA-MINECONOMIA-1-1256x837.jpg 1256w, https:\/\/media.investnews.com.br\/uploads\/2022\/10\/2022-10-27T121927Z_1_LYNXMPEI9Q0IL_RTROPTP_4_POLITICA-ELEICOES-LULA-MINECONOMIA-1-172x115.jpg 172w, https:\/\/media.investnews.com.br\/uploads\/2022\/10\/2022-10-27T121927Z_1_LYNXMPEI9Q0IL_RTROPTP_4_POLITICA-ELEICOES-LULA-MINECONOMIA-1-150x100.jpg 150w, https:\/\/media.investnews.com.br\/uploads\/2022\/10\/2022-10-27T121927Z_1_LYNXMPEI9Q0IL_RTROPTP_4_POLITICA-ELEICOES-LULA-MINECONOMIA-1.jpg 2048w\" sizes=\"auto, (max-width: 1024px) 100vw, 1024px\" \/><figcaption class=\"wp-element-caption\">Ex-presidente Luiz In\u00e1cio Lula da Silva durante evento com prefeitos em S\u00e3o Paulo\n26\/10\/2022 REUTERS\/Carla Carniel<\/figcaption><\/figure>\n","protected":false},"excerpt":{"rendered":"<p>Economista, no entanto, n\u00e3o assina a nota t\u00e9cnica que pede a rejei\u00e7\u00e3o da proposta.<\/p>\n","protected":false},"author":62,"featured_media":378188,"comment_status":"closed","ping_status":"open","sticky":false,"template":"","format":"standard","meta":{"_acf_changed":false,"inline_featured_image":false,"footnotes":""},"categories":[5],"tags":[499,2370,1719],"autor-wsj":[],"coauthors":[2499],"class_list":["post-388172","post","type-post","status-publish","format-standard","has-post-thumbnail","hentry","category-economia","tag-economia","tag-luiz-inacio-lula-da-silva","tag-teto-de-gastos"],"acf":[],"amp_enabled":true,"_links":{"self":[{"href":"https:\/\/investnews.com.br\/inv-api\/wp\/v2\/posts\/388172","targetHints":{"allow":["GET"]}}],"collection":[{"href":"https:\/\/investnews.com.br\/inv-api\/wp\/v2\/posts"}],"about":[{"href":"https:\/\/investnews.com.br\/inv-api\/wp\/v2\/types\/post"}],"author":[{"embeddable":true,"href":"https:\/\/investnews.com.br\/inv-api\/wp\/v2\/users\/62"}],"replies":[{"embeddable":true,"href":"https:\/\/investnews.com.br\/inv-api\/wp\/v2\/comments?post=388172"}],"version-history":[{"count":5,"href":"https:\/\/investnews.com.br\/inv-api\/wp\/v2\/posts\/388172\/revisions"}],"predecessor-version":[{"id":388303,"href":"https:\/\/investnews.com.br\/inv-api\/wp\/v2\/posts\/388172\/revisions\/388303"}],"wp:featuredmedia":[{"embeddable":true,"href":"https:\/\/investnews.com.br\/inv-api\/wp\/v2\/media\/378188"}],"wp:attachment":[{"href":"https:\/\/investnews.com.br\/inv-api\/wp\/v2\/media?parent=388172"}],"wp:term":[{"taxonomy":"category","embeddable":true,"href":"https:\/\/investnews.com.br\/inv-api\/wp\/v2\/categories?post=388172"},{"taxonomy":"post_tag","embeddable":true,"href":"https:\/\/investnews.com.br\/inv-api\/wp\/v2\/tags?post=388172"},{"taxonomy":"autor-wsj","embeddable":true,"href":"https:\/\/investnews.com.br\/inv-api\/wp\/v2\/autor-wsj?post=388172"},{"taxonomy":"author","embeddable":true,"href":"https:\/\/investnews.com.br\/inv-api\/wp\/v2\/coauthors?post=388172"}],"curies":[{"name":"wp","href":"https:\/\/api.w.org\/{rel}","templated":true}]}}