{"id":391017,"date":"2022-12-06T15:49:24","date_gmt":"2022-12-06T18:49:24","guid":{"rendered":"https:\/\/investnews.com.br\/?p=391017"},"modified":"2025-08-08T16:46:59","modified_gmt":"2025-08-08T19:46:59","slug":"buzzfeed-cortara-12-de-sua-forca-de-trabalho","status":"publish","type":"post","link":"https:\/\/investnews.com.br\/negocios\/buzzfeed-cortara-12-de-sua-forca-de-trabalho\/","title":{"rendered":"BuzzFeed cortar\u00e1 12% de sua for\u00e7a de trabalho"},"content":{"rendered":"<p>O <strong>BuzzFeed<\/strong> disse nesta ter\u00e7a-feira (6) que <strong>cortar\u00e1 cerca de 12% de sua for\u00e7a de trabalho<\/strong> para conter custos, engrossando a fila de empresas de m\u00eddia online que adotaram medidas para se antecipar a uma poss\u00edvel crise econ\u00f4mica.<\/p><p>No fim de 2021, a companhia tinha 1.522 funcion\u00e1rios em seis pa\u00edses, de acordo com um documento regulat\u00f3rio.<\/p><p>&#8220;Nossas receitas est\u00e3o sendo impactadas por uma combina\u00e7\u00e3o de piora das condi\u00e7\u00f5es macroecon\u00f4micas e a mudan\u00e7a cont\u00ednua de audi\u00eancia para v\u00eddeo vertical, que ainda est\u00e1 se desenvolvendo do ponto de vista da monetiza\u00e7\u00e3o&#8221;, disse o presidente-executivo <strong>Jonah Peretti <\/strong>em carta a funcion\u00e1rios.<\/p><p>&#8220;Isso exige que reduzamos nossos custos. Infelizmente, reduzir nossa for\u00e7a de trabalho \u00e9 uma parte essencial do corte de custos. Os sal\u00e1rios dos funcion\u00e1rios s\u00e3o o maior custo individual da empresa.&#8221;<\/p><p>Peretti disse esperar que a crise se estenda at\u00e9 2023.<\/p><figure class=\"wp-block-image size-full\"><img loading=\"lazy\" decoding=\"async\" width=\"800\" height=\"533\" src=\"https:\/\/media.investnews.com.br\/uploads\/2022\/12\/2022-12-06T183710Z_1_LYNXMPEIB50VE_RTROPTP_3_USA-ELECTION-BUZZFEED.jpg\" alt=\"Escrit\u00f3rio BuzzFeed. Pessoas trabalham em computadores. Logo 'BuzzFeed' grande em parede vermelha.\" class=\"wp-image-391020\" srcset=\"https:\/\/media.investnews.com.br\/uploads\/2022\/12\/2022-12-06T183710Z_1_LYNXMPEIB50VE_RTROPTP_3_USA-ELECTION-BUZZFEED.jpg 800w, https:\/\/media.investnews.com.br\/uploads\/2022\/12\/2022-12-06T183710Z_1_LYNXMPEIB50VE_RTROPTP_3_USA-ELECTION-BUZZFEED-300x200.jpg 300w, https:\/\/media.investnews.com.br\/uploads\/2022\/12\/2022-12-06T183710Z_1_LYNXMPEIB50VE_RTROPTP_3_USA-ELECTION-BUZZFEED-768x512.jpg 768w, https:\/\/media.investnews.com.br\/uploads\/2022\/12\/2022-12-06T183710Z_1_LYNXMPEIB50VE_RTROPTP_3_USA-ELECTION-BUZZFEED-172x115.jpg 172w, https:\/\/media.investnews.com.br\/uploads\/2022\/12\/2022-12-06T183710Z_1_LYNXMPEIB50VE_RTROPTP_3_USA-ELECTION-BUZZFEED-150x100.jpg 150w\" sizes=\"auto, (max-width: 800px) 100vw, 800px\" \/><figcaption class=\"wp-element-caption\">Sede do BuzzFeed, em Nova York (EUA) \n09\/01\/2014\nREUTERS\/Brendan McDermid<\/figcaption><\/figure><p>V\u00e1rias empresas de tecnologia, incluindo <strong>Meta<\/strong> (<a href=\"https:\/\/investnews.com.br\/cotacao\/fbok34-facebook-inc\/\" target=\"_blank\" rel=\"noreferrer noopener\">FBOK34<\/a>), <strong>Twitter<\/strong> (<a href=\"https:\/\/investnews.com.br\/cotacao\/twtr34\/\">TWTR34<\/a>) e <strong>Snap<\/strong> (<a href=\"https:\/\/investnews.com.br\/cotacao\/s1na34-snap-inc-on\/\" target=\"_blank\" rel=\"noreferrer noopener\">S1NA34<\/a>), cortaram empregos e reduziram as contrata\u00e7\u00f5es nos \u00faltimos meses, \u00e0 medida que as taxas de juros mais altas, o aumento da <a href=\"https:\/\/investnews.com.br\/tag\/inflacao\/\">infla\u00e7\u00e3o<\/a> e uma <a href=\"https:\/\/investnews.com.br\/esg\/energia-na-europa-crise-divide-especialistas-sobre-rumo-da-transicao-energetica\/\">crise de energia na Europa<\/a> come\u00e7am a afetar os mercados globais.<\/p>\n","protected":false},"excerpt":{"rendered":"<p>Segundo o presidente-executivo Jonah Peretti, as receitas da empresa foram afetadas por uma combina\u00e7\u00e3o de piora das condi\u00e7\u00f5es macroecon\u00f4micas.<\/p>\n","protected":false},"author":61,"featured_media":391020,"comment_status":"closed","ping_status":"open","sticky":false,"template":"","format":"standard","meta":{"_acf_changed":false,"inline_featured_image":false,"footnotes":""},"categories":[6],"tags":[216],"autor-wsj":[],"coauthors":[2494],"class_list":["post-391017","post","type-post","status-publish","format-standard","has-post-thumbnail","hentry","category-negocios","tag-mercado-de-trabalho"],"acf":[],"amp_enabled":true,"_links":{"self":[{"href":"https:\/\/investnews.com.br\/inv-api\/wp\/v2\/posts\/391017","targetHints":{"allow":["GET"]}}],"collection":[{"href":"https:\/\/investnews.com.br\/inv-api\/wp\/v2\/posts"}],"about":[{"href":"https:\/\/investnews.com.br\/inv-api\/wp\/v2\/types\/post"}],"author":[{"embeddable":true,"href":"https:\/\/investnews.com.br\/inv-api\/wp\/v2\/users\/61"}],"replies":[{"embeddable":true,"href":"https:\/\/investnews.com.br\/inv-api\/wp\/v2\/comments?post=391017"}],"version-history":[{"count":3,"href":"https:\/\/investnews.com.br\/inv-api\/wp\/v2\/posts\/391017\/revisions"}],"predecessor-version":[{"id":704831,"href":"https:\/\/investnews.com.br\/inv-api\/wp\/v2\/posts\/391017\/revisions\/704831"}],"wp:featuredmedia":[{"embeddable":true,"href":"https:\/\/investnews.com.br\/inv-api\/wp\/v2\/media\/391020"}],"wp:attachment":[{"href":"https:\/\/investnews.com.br\/inv-api\/wp\/v2\/media?parent=391017"}],"wp:term":[{"taxonomy":"category","embeddable":true,"href":"https:\/\/investnews.com.br\/inv-api\/wp\/v2\/categories?post=391017"},{"taxonomy":"post_tag","embeddable":true,"href":"https:\/\/investnews.com.br\/inv-api\/wp\/v2\/tags?post=391017"},{"taxonomy":"autor-wsj","embeddable":true,"href":"https:\/\/investnews.com.br\/inv-api\/wp\/v2\/autor-wsj?post=391017"},{"taxonomy":"author","embeddable":true,"href":"https:\/\/investnews.com.br\/inv-api\/wp\/v2\/coauthors?post=391017"}],"curies":[{"name":"wp","href":"https:\/\/api.w.org\/{rel}","templated":true}]}}