{"id":391382,"date":"2022-12-07T10:33:30","date_gmt":"2022-12-07T13:33:30","guid":{"rendered":"https:\/\/investnews.com.br\/?p=391382"},"modified":"2022-12-07T10:33:32","modified_gmt":"2022-12-07T13:33:32","slug":"embraer-atinge-novo-recorde-em-vendas-na-aviacao-agricola","status":"publish","type":"post","link":"https:\/\/investnews.com.br\/negocios\/embraer-atinge-novo-recorde-em-vendas-na-aviacao-agricola\/","title":{"rendered":"Embraer atinge novo recorde em vendas na avia\u00e7\u00e3o agr\u00edcola"},"content":{"rendered":"\n<p>A <strong>Embraer<\/strong> <a href=\"https:\/\/investnews.com.br\/cotacao\/embr3-embraer\/\">(EMBR3)<\/a> vendeu 63 aeronaves Ipanema 203 nos 11 primeiros meses deste ano ante o recorde de 62 no mesmo per\u00edodo de 2021, segundo divulgou a fabricante de avi\u00f5es brasileiros em comunicado nesta quarta-feira (7).<\/p>\n\n\n\n<p>O Ipanema 203 \u00e9 uma planta agr\u00edcola utilizada para pulveriza\u00e7\u00e3o de planta\u00e7\u00f5es. Lan\u00e7ado<br>em 2015, a nova gera\u00e7\u00e3o da aeronave recebe mais pedidos a cada ano. Em<br>2020 foram vendidas 28 unidades.<\/p>\n\n\n\n<p>De acordo com a Embraer, um dos fatores importantes que <strong>impulsionou a avia\u00e7\u00e3o agr\u00edcola neste ano foi a produ\u00e7\u00e3o recorde de gr\u00e3os na safra 2021\/22<\/strong>, que produziu 271,2 milh\u00f5es de toneladas, um acr\u00e9scimo de quase 14,5 milh\u00f5es de toneladas na compara\u00e7\u00e3o ao ciclo anterior, segundo dados da Companhia Nacional de Abastecimento (Conab).<\/p>\n\n\n\n<p>Sany Onofre, gerente da avia\u00e7\u00e3o agr\u00edcola da Embraer, destaca que o recorde de vendas<br>do Ipanema 203 acompanha tamb\u00e9m um maior engajamento de todo o segmento, com<br>intera\u00e7\u00f5es mais intensas entre os profissionais que atuam em oficinas de manuten\u00e7\u00e3o,<br>escolas de forma\u00e7\u00e3o, prestadores de servi\u00e7os e clientes. <\/p>\n\n\n\n<blockquote class=\"wp-block-quote is-layout-flow wp-block-quote-is-layout-flow\">\n<p class=\"has-text-align-left\">\u201cExiste uma troca cont\u00ednua das boas pr\u00e1ticas em todo territ\u00f3rio nacional\u201d, disse Onofre. \u201cColaborar para que todos tenham a manuten\u00e7\u00e3o em dia, aumentar o n\u00famero de oficinas homologadas e preparar novos pilotos s\u00e3o algumas das a\u00e7\u00f5es essenciais para o desenvolvimento da ind\u00fastria como um todo.\u201d<\/p>\n<\/blockquote>\n\n\n\n<p>A Embraer diz que em 2023 a aeronave trar\u00e1 ainda novos aprimoramentos em aspectos como ergonomia, manuten\u00e7\u00e3o e durabilidade, atendendo \u00e0s sugest\u00f5es dos clientes.<\/p>\n","protected":false},"excerpt":{"rendered":"<p>Fabricante de avi\u00f5es brasileira vendeu 63 aeronaves Ipanema 203 at\u00e9 novembro deste ano.<\/p>\n","protected":false},"author":73,"featured_media":391389,"comment_status":"closed","ping_status":"open","sticky":false,"template":"","format":"standard","meta":{"_acf_changed":false,"inline_featured_image":false,"footnotes":""},"categories":[6],"tags":[],"autor-wsj":[],"coauthors":[101284],"class_list":["post-391382","post","type-post","status-publish","format-standard","has-post-thumbnail","hentry","category-negocios"],"acf":[],"amp_enabled":true,"_links":{"self":[{"href":"https:\/\/investnews.com.br\/inv-api\/wp\/v2\/posts\/391382","targetHints":{"allow":["GET"]}}],"collection":[{"href":"https:\/\/investnews.com.br\/inv-api\/wp\/v2\/posts"}],"about":[{"href":"https:\/\/investnews.com.br\/inv-api\/wp\/v2\/types\/post"}],"author":[{"embeddable":true,"href":"https:\/\/investnews.com.br\/inv-api\/wp\/v2\/users\/73"}],"replies":[{"embeddable":true,"href":"https:\/\/investnews.com.br\/inv-api\/wp\/v2\/comments?post=391382"}],"version-history":[{"count":6,"href":"https:\/\/investnews.com.br\/inv-api\/wp\/v2\/posts\/391382\/revisions"}],"predecessor-version":[{"id":391392,"href":"https:\/\/investnews.com.br\/inv-api\/wp\/v2\/posts\/391382\/revisions\/391392"}],"wp:featuredmedia":[{"embeddable":true,"href":"https:\/\/investnews.com.br\/inv-api\/wp\/v2\/media\/391389"}],"wp:attachment":[{"href":"https:\/\/investnews.com.br\/inv-api\/wp\/v2\/media?parent=391382"}],"wp:term":[{"taxonomy":"category","embeddable":true,"href":"https:\/\/investnews.com.br\/inv-api\/wp\/v2\/categories?post=391382"},{"taxonomy":"post_tag","embeddable":true,"href":"https:\/\/investnews.com.br\/inv-api\/wp\/v2\/tags?post=391382"},{"taxonomy":"autor-wsj","embeddable":true,"href":"https:\/\/investnews.com.br\/inv-api\/wp\/v2\/autor-wsj?post=391382"},{"taxonomy":"author","embeddable":true,"href":"https:\/\/investnews.com.br\/inv-api\/wp\/v2\/coauthors?post=391382"}],"curies":[{"name":"wp","href":"https:\/\/api.w.org\/{rel}","templated":true}]}}