{"id":392513,"date":"2022-12-09T11:29:12","date_gmt":"2022-12-09T14:29:12","guid":{"rendered":"https:\/\/investnews.com.br\/?p=392513"},"modified":"2024-06-24T21:56:52","modified_gmt":"2024-06-25T00:56:52","slug":"haddad-sera-ministro-da-fazenda-ipca-sobe-menos-que-o-esperado","status":"publish","type":"post","link":"https:\/\/investnews.com.br\/financas\/haddad-sera-ministro-da-fazenda-ipca-sobe-menos-que-o-esperado\/","title":{"rendered":"Haddad na Fazenda, IPCA abaixo do esperado e mais"},"content":{"rendered":"\n<figure class=\"wp-block-embed is-type-video is-provider-youtube wp-block-embed-youtube wp-embed-aspect-16-9 wp-has-aspect-ratio\"><div class=\"wp-block-embed__wrapper\">\n<iframe loading=\"lazy\" title=\"Lula confirma Haddad na Fazenda; IPCA sobe menos que o esperado; Fleury vende controle da Papayz\" width=\"500\" height=\"281\" src=\"https:\/\/www.youtube.com\/embed\/ZqP4e8n7UIo?feature=oembed\" frameborder=\"0\" allow=\"accelerometer; autoplay; clipboard-write; encrypted-media; gyroscope; picture-in-picture; web-share\" referrerpolicy=\"strict-origin-when-cross-origin\" allowfullscreen><\/iframe>\n<\/div><\/figure>\n\n\n\n<p><\/p>\n\n\n\n<p>O presidente eleito Luiz In\u00e1cio Lula da Silva anunciou nesta sexta-feira (09) o nome de <a href=\"https:\/\/investnews.com.br\/geral\/lula-anuncia-nomes-dos-ministros-em-3o-mandato-haddad-e-nomeado-na-fazenda\/\" data-type=\"post\" data-id=\"392397\">Fernando Haddad como ministro da Fazenda<\/a> de seu futuro governo.<\/p>\n\n\n\n<p>Lula anunciou ainda Fl\u00e1vio Dino na Justi\u00e7a e Seguran\u00e7a P\u00fablica; Jos\u00e9 M\u00facio Monteiro na Defesa; Rui Costa na Casa Civil&nbsp; e a volta do ex-chanceler Mauro Vieira ao comando do Minist\u00e9rio das Rela\u00e7\u00f5es Exteriores.<\/p>\n\n\n\n<p>Outro destaque do dia \u00e9 o <a href=\"https:\/\/investnews.com.br\/economia\/ipca-sobe-041-em-novembro\/\" data-type=\"post\" data-id=\"392346\">\u00cdndice Nacional de Pre\u00e7os ao Consumidor Amplo (IPCA), que subiu 0,41% em novembro<\/a> na compara\u00e7\u00e3o com outubro. A alta mensal veio abaixo do esperado pelo mercado, que era de uma infla\u00e7\u00e3o de 0,53%.<\/p>\n\n\n\n<p>No cen\u00e1rio corporativo, o <strong>Fleury<\/strong> (<a href=\"https:\/\/investnews.com.br\/cotacao\/flry3-fleury\/\" target=\"_blank\" rel=\"noreferrer noopener\">FLRY3<\/a>) <a href=\"https:\/\/investnews.com.br\/negocios\/fleury-vende-controle-da-papaiz-para-odontoprev-por-r-192-milhoes\/\" data-type=\"post\" data-id=\"392326\">fechou acordo para vender o controle da Papayz<\/a>, por R$ 19,2 milh\u00f5es, e a<strong> B3<\/strong> (<a href=\"https:\/\/investnews.com.br\/cotacao\/b3sa3-b3\/\" target=\"_blank\" rel=\"noreferrer noopener\">B3SA3<\/a>) anunciou recompra de a\u00e7\u00f5es.<\/p>\n","protected":false},"excerpt":{"rendered":"<p>O que esperar de Fernando Haddad no comando do Minist\u00e9rio da Fazenda? Entenda no Flash.<\/p>\n","protected":false},"author":7,"featured_media":392580,"comment_status":"closed","ping_status":"open","sticky":false,"template":"","format":"standard","meta":{"_acf_changed":false,"inline_featured_image":false,"footnotes":""},"categories":[4],"tags":[101620,52,246,2370],"autor-wsj":[],"coauthors":[1494],"class_list":["post-392513","post","type-post","status-publish","format-standard","has-post-thumbnail","hentry","category-financas","tag-fernando-haddad","tag-inflacao","tag-ipca","tag-luiz-inacio-lula-da-silva"],"acf":[],"amp_enabled":true,"_links":{"self":[{"href":"https:\/\/investnews.com.br\/inv-api\/wp\/v2\/posts\/392513","targetHints":{"allow":["GET"]}}],"collection":[{"href":"https:\/\/investnews.com.br\/inv-api\/wp\/v2\/posts"}],"about":[{"href":"https:\/\/investnews.com.br\/inv-api\/wp\/v2\/types\/post"}],"author":[{"embeddable":true,"href":"https:\/\/investnews.com.br\/inv-api\/wp\/v2\/users\/7"}],"replies":[{"embeddable":true,"href":"https:\/\/investnews.com.br\/inv-api\/wp\/v2\/comments?post=392513"}],"version-history":[{"count":10,"href":"https:\/\/investnews.com.br\/inv-api\/wp\/v2\/posts\/392513\/revisions"}],"predecessor-version":[{"id":392628,"href":"https:\/\/investnews.com.br\/inv-api\/wp\/v2\/posts\/392513\/revisions\/392628"}],"wp:featuredmedia":[{"embeddable":true,"href":"https:\/\/investnews.com.br\/inv-api\/wp\/v2\/media\/392580"}],"wp:attachment":[{"href":"https:\/\/investnews.com.br\/inv-api\/wp\/v2\/media?parent=392513"}],"wp:term":[{"taxonomy":"category","embeddable":true,"href":"https:\/\/investnews.com.br\/inv-api\/wp\/v2\/categories?post=392513"},{"taxonomy":"post_tag","embeddable":true,"href":"https:\/\/investnews.com.br\/inv-api\/wp\/v2\/tags?post=392513"},{"taxonomy":"autor-wsj","embeddable":true,"href":"https:\/\/investnews.com.br\/inv-api\/wp\/v2\/autor-wsj?post=392513"},{"taxonomy":"author","embeddable":true,"href":"https:\/\/investnews.com.br\/inv-api\/wp\/v2\/coauthors?post=392513"}],"curies":[{"name":"wp","href":"https:\/\/api.w.org\/{rel}","templated":true}]}}