{"id":393363,"date":"2022-12-12T16:11:58","date_gmt":"2022-12-12T19:11:58","guid":{"rendered":"https:\/\/investnews.com.br\/?p=393363"},"modified":"2022-12-12T16:12:00","modified_gmt":"2022-12-12T19:12:00","slug":"mercedes-benz-planeja-1a-fabrica-100-para-vans-eletricas","status":"publish","type":"post","link":"https:\/\/investnews.com.br\/negocios\/mercedes-benz-planeja-1a-fabrica-100-para-vans-eletricas\/","title":{"rendered":"Mercedes-Benz planeja 1\u00aa f\u00e1brica 100% para vans el\u00e9tricas"},"content":{"rendered":"\n<p>A Mercedes-Benz investir\u00e1 mais de 1 bilh\u00e3o de euros para construir sua primeira f\u00e1brica de vans exclusivamente el\u00e9tricas em Jawor, na Pol\u00f4nia, dependendo da aprova\u00e7\u00e3o de condi\u00e7\u00f5es como a assinatura de subs\u00eddios para o investimento, disse a empresa nesta segunda-feira (12).<\/p>\n\n\n\n<p>A companhia assinou uma declara\u00e7\u00e3o de inten\u00e7\u00e3o com o governo polon\u00eas e outros parceiros para adicionar a f\u00e1brica \u00e0s suas instala\u00e7\u00f5es em Jawor, onde fabrica motores a combust\u00e3o e baterias para carros.<\/p>\n\n\n\n<p>A f\u00e1brica ser\u00e1 a quarta na rede europeia de produ\u00e7\u00e3o de vans da Mercedes-Benz, que est\u00e1 se reorganizando para produzir apenas utilit\u00e1rios totalmente el\u00e9tricos.<\/p>\n\n\n\n<p>Uma poss\u00edvel expans\u00e3o da f\u00e1brica por meio de uma joint venture com a Rivian n\u00e3o ocorrer\u00e1 mais porque a empresa norte-americana cancelou os planos.<\/p>\n","protected":false},"excerpt":{"rendered":"<p>Companhia assinou uma declara\u00e7\u00e3o de inten\u00e7\u00e3o com o governo polon\u00eas e outros parceiros para adicionar a f\u00e1brica \u00e0s suas instala\u00e7\u00f5es em Jawor.<\/p>\n","protected":false},"author":61,"featured_media":393367,"comment_status":"closed","ping_status":"open","sticky":false,"template":"","format":"standard","meta":{"_acf_changed":false,"inline_featured_image":false,"footnotes":""},"categories":[6],"tags":[297,66],"autor-wsj":[],"coauthors":[2494],"class_list":["post-393363","post","type-post","status-publish","format-standard","has-post-thumbnail","hentry","category-negocios","tag-carros","tag-negocios"],"acf":[],"amp_enabled":true,"_links":{"self":[{"href":"https:\/\/investnews.com.br\/inv-api\/wp\/v2\/posts\/393363","targetHints":{"allow":["GET"]}}],"collection":[{"href":"https:\/\/investnews.com.br\/inv-api\/wp\/v2\/posts"}],"about":[{"href":"https:\/\/investnews.com.br\/inv-api\/wp\/v2\/types\/post"}],"author":[{"embeddable":true,"href":"https:\/\/investnews.com.br\/inv-api\/wp\/v2\/users\/61"}],"replies":[{"embeddable":true,"href":"https:\/\/investnews.com.br\/inv-api\/wp\/v2\/comments?post=393363"}],"version-history":[{"count":5,"href":"https:\/\/investnews.com.br\/inv-api\/wp\/v2\/posts\/393363\/revisions"}],"predecessor-version":[{"id":393370,"href":"https:\/\/investnews.com.br\/inv-api\/wp\/v2\/posts\/393363\/revisions\/393370"}],"wp:featuredmedia":[{"embeddable":true,"href":"https:\/\/investnews.com.br\/inv-api\/wp\/v2\/media\/393367"}],"wp:attachment":[{"href":"https:\/\/investnews.com.br\/inv-api\/wp\/v2\/media?parent=393363"}],"wp:term":[{"taxonomy":"category","embeddable":true,"href":"https:\/\/investnews.com.br\/inv-api\/wp\/v2\/categories?post=393363"},{"taxonomy":"post_tag","embeddable":true,"href":"https:\/\/investnews.com.br\/inv-api\/wp\/v2\/tags?post=393363"},{"taxonomy":"autor-wsj","embeddable":true,"href":"https:\/\/investnews.com.br\/inv-api\/wp\/v2\/autor-wsj?post=393363"},{"taxonomy":"author","embeddable":true,"href":"https:\/\/investnews.com.br\/inv-api\/wp\/v2\/coauthors?post=393363"}],"curies":[{"name":"wp","href":"https:\/\/api.w.org\/{rel}","templated":true}]}}