{"id":407882,"date":"2022-12-16T08:00:11","date_gmt":"2022-12-16T11:00:11","guid":{"rendered":"https:\/\/investnews.com.br\/?p=407882"},"modified":"2025-10-23T08:58:18","modified_gmt":"2025-10-23T11:58:18","slug":"3-fatos-para-hoje-lira-adia-votacao-da-pec-da-transicao-pmi-da-zona-do-euro","status":"publish","type":"post","link":"https:\/\/investnews.com.br\/economia\/3-fatos-para-hoje-lira-adia-votacao-da-pec-da-transicao-pmi-da-zona-do-euro\/","title":{"rendered":"3 fatos para hoje: Lira adia vota\u00e7\u00e3o da PEC da Transi\u00e7\u00e3o; PMI da zona do euro"},"content":{"rendered":"\n<h2 class=\"wp-block-heading\">1 &#8211; <strong>Lira adia para ter\u00e7a-feira an\u00e1lise da PEC da Transi\u00e7\u00e3o no plen\u00e1rio da C\u00e2mara<\/strong><\/h2>\n\n\n\n<p>O presidente da C\u00e2mara, Arthur Lira (PP-AL), afirmou nesta quinta-feira (15) que a vota\u00e7\u00e3o da <a href=\"https:\/\/investnews.com.br\/economia\/pec-da-transicao-deixa-em-aberto-total-de-gastos-que-vao-ficar-fora-do-teto\/\">Proposta de Emenda \u00e0 Constitui\u00e7\u00e3o da transi\u00e7\u00e3o<\/a> ficar\u00e1 para a pr\u00f3xima ter\u00e7a-feira (20), em an\u00fancio feito pouco depois de o Supremo Tribunal Federal (STF) postergar julgamento sobre a validade das emendas de relator, o chamado or\u00e7amento secreto, tamb\u00e9m para a pr\u00f3xima semana.<\/p>\n\n\n\n<p>Segundo duas fontes ouvidas pela Reuters, o julgamento j\u00e1 vinha trazendo ru\u00eddos \u00e0s articula\u00e7\u00f5es em torno da vota\u00e7\u00e3o da PEC, e o adiamento acabou minando as chances de um in\u00edcio de vota\u00e7\u00e3o nesta quinta.<\/p>\n\n\n\n<p>Lira passou esta quinta-feira (15) em sucessivas reuni\u00f5es com lideran\u00e7as da Casa e petistas em busca de um entendimento em torno da PEC, e afirmou que ainda n\u00e3o h\u00e1 consenso.<\/p>\n\n\n\n<p>O presidente da C\u00e2mara tamb\u00e9m disse que &#8220;ao contr\u00e1rio do que est\u00e1 sendo divulgado, esta Presid\u00eancia da C\u00e2mara n\u00e3o faz barganha&#8221;, referindo-se \u00e0s informa\u00e7\u00f5es sobre as negocia\u00e7\u00f5es que o deputado tem feito com o PT sobre cargos a aliados no novo governo.<\/p>\n\n\n\n<p>Como o&nbsp;<em>Broadcast<\/em>&nbsp;vem informando, Lira colocou na mesa os Minist\u00e9rios da Sa\u00fade e do Desenvolvimento Regional (que deve ser dividido em Cidades e Integra\u00e7\u00e3o Nacional), mas o presidente eleito Luiz In\u00e1cio Lula da Silva, que chega a Bras\u00edlia ainda esta noite, n\u00e3o deu uma sinaliza\u00e7\u00e3o clara sobre quais ser\u00e3o os espa\u00e7os do cacique do Centr\u00e3o e de seus aliados.<\/p>\n\n\n\n<p>Diante do impasse, alas do PT j\u00e1 falam em retirar o apoio \u00e0 reelei\u00e7\u00e3o de Lira \u00e0 Presid\u00eancia da C\u00e2mara. O assunto foi levado a Lula que, at\u00e9 agora, orienta os petistas a manter o di\u00e1logo com o deputado alagoano. Lira quer indicar cargos no novo governo.<\/p>\n\n\n\n<p>Com a PEC em risco, setores do PT tamb\u00e9m voltaram a considerar a edi\u00e7\u00e3o de uma medida provis\u00f3ria (MP) no primeiro dia de governo para garantir o pagamento dos R$ 600 do Bolsa Fam\u00edlia e dos R$ 150 a mais para cada crian\u00e7a de at\u00e9 seis anos.<\/p>\n\n\n\n<h2 class=\"wp-block-heading\">2 &#8211; Contra\u00e7\u00e3o da atividade empresarial da zona do euro perde for\u00e7a em dezembro, mostra PMI<\/h2>\n\n\n\n<figure class=\"wp-block-image size-large\"><img loading=\"lazy\" decoding=\"async\" width=\"1024\" height=\"683\" src=\"https:\/\/media.investnews.com.br\/uploads\/2022\/12\/2022-12-16T103346Z_1_LYNXMPEIBF0GN_RTROPTP_4_MACRO-BCE-PROJECOES-1024x683.jpg\" alt=\"\" class=\"wp-image-407883\" srcset=\"https:\/\/media.investnews.com.br\/uploads\/2022\/12\/2022-12-16T103346Z_1_LYNXMPEIBF0GN_RTROPTP_4_MACRO-BCE-PROJECOES-1024x683.jpg 1024w, https:\/\/media.investnews.com.br\/uploads\/2022\/12\/2022-12-16T103346Z_1_LYNXMPEIBF0GN_RTROPTP_4_MACRO-BCE-PROJECOES-300x200.jpg 300w, https:\/\/media.investnews.com.br\/uploads\/2022\/12\/2022-12-16T103346Z_1_LYNXMPEIBF0GN_RTROPTP_4_MACRO-BCE-PROJECOES-768x512.jpg 768w, https:\/\/media.investnews.com.br\/uploads\/2022\/12\/2022-12-16T103346Z_1_LYNXMPEIBF0GN_RTROPTP_4_MACRO-BCE-PROJECOES-1536x1024.jpg 1536w, https:\/\/media.investnews.com.br\/uploads\/2022\/12\/2022-12-16T103346Z_1_LYNXMPEIBF0GN_RTROPTP_4_MACRO-BCE-PROJECOES-1256x837.jpg 1256w, https:\/\/media.investnews.com.br\/uploads\/2022\/12\/2022-12-16T103346Z_1_LYNXMPEIBF0GN_RTROPTP_4_MACRO-BCE-PROJECOES-172x115.jpg 172w, https:\/\/media.investnews.com.br\/uploads\/2022\/12\/2022-12-16T103346Z_1_LYNXMPEIBF0GN_RTROPTP_4_MACRO-BCE-PROJECOES-150x100.jpg 150w, https:\/\/media.investnews.com.br\/uploads\/2022\/12\/2022-12-16T103346Z_1_LYNXMPEIBF0GN_RTROPTP_4_MACRO-BCE-PROJECOES.jpg 2048w\" sizes=\"auto, (max-width: 1024px) 100vw, 1024px\" \/><figcaption class=\"wp-element-caption\">Bandeiras da Uni\u00e3o Europeia na sede do Banco Central Europeu em Frankfurt\n15\/12\/2022 REUTERS\/Wolfgang Rattay<\/figcaption><\/figure>\n\n\n\n<p>A atividade empresarial da zona do euro contraiu no ritmo mais lento em quatro meses em dezembro, sugerindo que uma prov\u00e1vel recess\u00e3o \u00e0 frente ser\u00e1 mais rasa do que se pensava anteriormente, mostrou uma pesquisa nesta sexta-feira (16).<\/p>\n\n\n\n<p>O \u00cdndice de Gerentes de Compras (PMI, na sigla em ingl\u00eas) Composto preliminar da S&amp;P Global, considerado um bom indicador da sa\u00fade econ\u00f4mica geral, subiu de 47,8 em novembro para 48,8 neste m\u00eas, acima da previs\u00e3o em pesquisa da Reuters de 48,0.<\/p>\n\n\n\n<p>Mas dezembro foi o sexto m\u00eas abaixo da marca de 50 que separa crescimento de contra\u00e7\u00e3o, a mais longa s\u00e9rie desde junho de 2013.<\/p>\n\n\n\n<p>&#8220;Embora a queda adicional na atividade empresarial em dezembro sinalize uma forte possibilidade de recess\u00e3o, a pesquisa tamb\u00e9m indica que qualquer retra\u00e7\u00e3o ser\u00e1 mais branda do que se pensava h\u00e1 alguns meses&#8221;, disse Chris Williamson, economista-chefe de neg\u00f3cios da S&amp;P Global Market Intelligence.<\/p>\n\n\n\n<p>Apesar dos riscos crescentes de uma retra\u00e7\u00e3o econ\u00f4mica, o Banco Central Europeu subiu sua taxa de dep\u00f3sito na quinta-feira de 1,5% para 2% e sugeriu que mais viria, j\u00e1 que a infla\u00e7\u00e3o ainda est\u00e1 muito acima de sua meta de 2%.<\/p>\n\n\n\n<p>Taxas de juros mais altas juntamente com preocupa\u00e7\u00f5es sobre o custo de vida significam que a demanda provavelmente enfraquecer\u00e1 ainda mais. Pesquisa da Reuters mostrou que a economia vai contrair neste trimestre e no pr\u00f3ximo, atendendo \u00e0 defini\u00e7\u00e3o t\u00e9cnica de recess\u00e3o.<\/p>\n\n\n\n<p>No entanto, as novas encomendas no setor privado ca\u00edram a um ritmo mais lento e a alta dos pre\u00e7os &#8211; impulsionada pelo aumento dos custos de energia na sequ\u00eancia da guerra entre R\u00fassia e Ucr\u00e2nia &#8211; diminuiu ainda mais. Enquanto os pre\u00e7os de insumos subiram em seu ritmo mais lento desde maio de 2021, o sub\u00edndice do PMI que acompanha os pre\u00e7os de produ\u00e7\u00e3o ficou no n\u00edvel mais baixo em um ano.<\/p>\n\n\n\n<p>A atividade de servi\u00e7os do bloco contraiu novamente, mas o \u00edndice subiu para 49,1 &#8211; o mais alto desde agosto. Pesquisa da Reuters mostrou expectativa de que o PMI preliminar de servi\u00e7os repetisse a taxa do m\u00eas passado de 48,5. J\u00e1 o PMI preliminar de ind\u00fastria subiu para 47,8, de 47,1 em novembro.<\/p>\n\n\n\n<h2 class=\"wp-block-heading\">3 &#8211; Sabesp aprova plano de investimento de R$ 26,2 bi para pr\u00f3ximos 5 anos<\/h2>\n\n\n\n<p>A <strong>Sabesp<\/strong> (<a href=\"https:\/\/investnews.com.br\/cotacao\/sbsp3-sabesp\/\">SBSP3<\/a>), anunciou nesta quinta-feira (15) que seu conselho de administra\u00e7\u00e3o aprovou um plano de investimento de R$ 26,2 bilh\u00f5es companhia de saneamento b\u00e1sico do Estado de S\u00e3o Paulo para o per\u00edodo de 2023 a 2027.<\/p>\n\n\n\n<p>Segundo o fato relevante, os aportes ser\u00e3o de cerca de R$ 5 bilh\u00f5es por ano, considerando invers\u00f5es em abastecimento de \u00e1gua, coleta e tratamento de esgoto.<\/p>\n\n\n\n<p><em><strong>(*Com informa\u00e7\u00f5es de Reuters e Estad\u00e3o Conte\u00fado)<\/strong><\/em><\/p>\n","protected":false},"excerpt":{"rendered":"<p>An\u00fancio ocorreu pouco depois de o Supremo Tribunal Federal (STF) postergar julgamento sobre a validade das emendas de relator, o chamado or\u00e7amento secreto, tamb\u00e9m para a pr\u00f3xima semana.<\/p>\n","protected":false},"author":7,"featured_media":244542,"comment_status":"closed","ping_status":"open","sticky":false,"template":"","format":"standard","meta":{"_acf_changed":false,"inline_featured_image":false,"footnotes":""},"categories":[5],"tags":[2346,201,1719],"autor-wsj":[],"coauthors":[1494],"class_list":["post-407882","post","type-post","status-publish","format-standard","has-post-thumbnail","hentry","category-economia","tag-arthur-lira","tag-sabesp","tag-teto-de-gastos"],"acf":[],"amp_enabled":true,"_links":{"self":[{"href":"https:\/\/investnews.com.br\/inv-api\/wp\/v2\/posts\/407882","targetHints":{"allow":["GET"]}}],"collection":[{"href":"https:\/\/investnews.com.br\/inv-api\/wp\/v2\/posts"}],"about":[{"href":"https:\/\/investnews.com.br\/inv-api\/wp\/v2\/types\/post"}],"author":[{"embeddable":true,"href":"https:\/\/investnews.com.br\/inv-api\/wp\/v2\/users\/7"}],"replies":[{"embeddable":true,"href":"https:\/\/investnews.com.br\/inv-api\/wp\/v2\/comments?post=407882"}],"version-history":[{"count":5,"href":"https:\/\/investnews.com.br\/inv-api\/wp\/v2\/posts\/407882\/revisions"}],"predecessor-version":[{"id":407888,"href":"https:\/\/investnews.com.br\/inv-api\/wp\/v2\/posts\/407882\/revisions\/407888"}],"wp:featuredmedia":[{"embeddable":true,"href":"https:\/\/investnews.com.br\/inv-api\/wp\/v2\/media\/244542"}],"wp:attachment":[{"href":"https:\/\/investnews.com.br\/inv-api\/wp\/v2\/media?parent=407882"}],"wp:term":[{"taxonomy":"category","embeddable":true,"href":"https:\/\/investnews.com.br\/inv-api\/wp\/v2\/categories?post=407882"},{"taxonomy":"post_tag","embeddable":true,"href":"https:\/\/investnews.com.br\/inv-api\/wp\/v2\/tags?post=407882"},{"taxonomy":"autor-wsj","embeddable":true,"href":"https:\/\/investnews.com.br\/inv-api\/wp\/v2\/autor-wsj?post=407882"},{"taxonomy":"author","embeddable":true,"href":"https:\/\/investnews.com.br\/inv-api\/wp\/v2\/coauthors?post=407882"}],"curies":[{"name":"wp","href":"https:\/\/api.w.org\/{rel}","templated":true}]}}