{"id":408011,"date":"2022-12-16T12:02:03","date_gmt":"2022-12-16T15:02:03","guid":{"rendered":"https:\/\/investnews.com.br\/?p=408011"},"modified":"2024-06-24T21:56:48","modified_gmt":"2024-06-25T00:56:48","slug":"camara-dos-deputados-adia-votacao-da-pec-da-transicao-entenda-no-flash","status":"publish","type":"post","link":"https:\/\/investnews.com.br\/financas\/camara-dos-deputados-adia-votacao-da-pec-da-transicao-entenda-no-flash\/","title":{"rendered":"C\u00e2mara dos Deputados adia vota\u00e7\u00e3o da PEC da Transi\u00e7\u00e3o; entenda no Flash"},"content":{"rendered":"\n<figure class=\"wp-block-embed is-type-video is-provider-youtube wp-block-embed-youtube wp-embed-aspect-16-9 wp-has-aspect-ratio\"><div class=\"wp-block-embed__wrapper\">\n<iframe loading=\"lazy\" title=\"PEC da Transi\u00e7\u00e3o: C\u00e2mara adia vota\u00e7\u00e3o; Ibovespa: IRBR3 fora da 2\u00aa pr\u00e9via; SBSP3 aprova investimento\" width=\"500\" height=\"281\" src=\"https:\/\/www.youtube.com\/embed\/9mq5uJ7e4uw?feature=oembed\" frameborder=\"0\" allow=\"accelerometer; autoplay; clipboard-write; encrypted-media; gyroscope; picture-in-picture; web-share\" referrerpolicy=\"strict-origin-when-cross-origin\" allowfullscreen><\/iframe>\n<\/div><\/figure>\n\n\n\n<p>O presidente da C\u00e2mara, <strong>Arthur Lira<\/strong> (PP-AL), afirmou que a vota\u00e7\u00e3o da PEC da Transi\u00e7\u00e3o, que estava prevista para a \u00faltima quinta-feira (15), acontecer\u00e1 na pr\u00f3xima ter\u00e7a-feira (19).<br>O <a href=\"https:\/\/investnews.lt.acemlnb.com\/Prod\/link-tracker?redirectUrl=aHR0cHMlM0ElMkYlMkZpbnZlc3RuZXdzLmNvbS5iciUyRmdlcmFsJTJGMy1mYXRvcy1wYXJhLWhvamUtbGlyYS1hZGlhLXZvdGFjYW8tZGEtcGVjLWRhLXRyYW5zaWNhby1wbWktZGEtem9uYS1kby1ldXJvJTJGJTNGdXRtX3NvdXJjZSUzRG5ld3NsZXR0ZXIlMjZ1dG1fbWVkaXVtJTNEZW1haWwlMjZ1dG1fY2FtcGFpZ24lM0QzZmF0b3MlMjZ1dG1fY29udGVudCUzRG5hX19uZXdzX2VtYWlsX192ZWphJTI2dXRtX3Rlcm0lM0RkZ19faW52bmV3c19fbmFfX2FsbF9fMTcxMjIwMjI=&amp;sig=6Edg2AfxGHv841yq8FrMur7QLs4LnrzwNc2ava9Cocob&amp;iat=1671191086&amp;a=%7C%7C1002009648%7C%7C&amp;account=investnews%2Eactivehosted%2Ecom&amp;email=BY6MhzWPsnqXz5naHl959VBKKQximWzGE0pGVM0C728%3D&amp;s=300e3d11d3ec35bf338a3f315d5a7078&amp;i=343A352A7A6792\" target=\"_blank\" rel=\"noopener\">adiamento<\/a> acontece ap\u00f3s o <strong>Supremo Tribunal Federal<\/strong> (STF) postergar o julgamento sobre a validade das emendas de relator, o chamado or\u00e7amento secreto, tamb\u00e9m para a pr\u00f3xima semana.<\/p>\n\n\n\n<p>Outro destaque do dia \u00e9 a <strong>Sabesp<\/strong> (<a href=\"https:\/\/investnews.com.br\/cotacao\/sbsp3-sabesp\/\">SBSP3<\/a>), que anunciou que seu conselho de administra\u00e7\u00e3o aprovou um plano de investimento de R$ 26,2 bilh\u00f5es para o per\u00edodo de 2023 a 2027.<\/p>\n\n\n\n<p>Al\u00e9m disso, a <strong>B3<\/strong> (<a href=\"https:\/\/investnews.com.br\/cotacao\/b3sa3-b3\/\">B3SA3<\/a>) divulgou nesta sexta-feira (16) a segunda pr\u00e9via da composi\u00e7\u00e3o do Ibovespa que ir\u00e1 vigorar a partir de janeiro com a <a href=\"https:\/\/investnews.com.br\/\">exclus\u00e3o das a\u00e7\u00f5es<\/a> da resseguradora <strong>IRB Brasil <\/strong>(<a href=\"https:\/\/investnews.com.br\/cotacao\/irbr3-irb-brasil\/\">IRBR3<\/a>) e da <strong>Positivo<\/strong> (<a href=\"https:\/\/investnews.com.br\/cotacao\/posi3-positivo\/\">POSI3<\/a>), bem como nenhuma a\u00e7\u00e3o nova.<\/p>\n","protected":false},"excerpt":{"rendered":"<p>Arthur Lira (PP-AL), afirmou que a vota\u00e7\u00e3o acontecer\u00e1 na pr\u00f3xima ter\u00e7a-feira (19).<\/p>\n","protected":false},"author":7,"featured_media":408022,"comment_status":"closed","ping_status":"open","sticky":false,"template":"","format":"standard","meta":{"_acf_changed":false,"inline_featured_image":false,"footnotes":""},"categories":[4],"tags":[15,182,201,1719],"autor-wsj":[],"coauthors":[1494],"class_list":["post-408011","post","type-post","status-publish","format-standard","has-post-thumbnail","hentry","category-financas","tag-flash","tag-irb","tag-sabesp","tag-teto-de-gastos"],"acf":[],"amp_enabled":true,"_links":{"self":[{"href":"https:\/\/investnews.com.br\/inv-api\/wp\/v2\/posts\/408011","targetHints":{"allow":["GET"]}}],"collection":[{"href":"https:\/\/investnews.com.br\/inv-api\/wp\/v2\/posts"}],"about":[{"href":"https:\/\/investnews.com.br\/inv-api\/wp\/v2\/types\/post"}],"author":[{"embeddable":true,"href":"https:\/\/investnews.com.br\/inv-api\/wp\/v2\/users\/7"}],"replies":[{"embeddable":true,"href":"https:\/\/investnews.com.br\/inv-api\/wp\/v2\/comments?post=408011"}],"version-history":[{"count":7,"href":"https:\/\/investnews.com.br\/inv-api\/wp\/v2\/posts\/408011\/revisions"}],"predecessor-version":[{"id":408865,"href":"https:\/\/investnews.com.br\/inv-api\/wp\/v2\/posts\/408011\/revisions\/408865"}],"wp:featuredmedia":[{"embeddable":true,"href":"https:\/\/investnews.com.br\/inv-api\/wp\/v2\/media\/408022"}],"wp:attachment":[{"href":"https:\/\/investnews.com.br\/inv-api\/wp\/v2\/media?parent=408011"}],"wp:term":[{"taxonomy":"category","embeddable":true,"href":"https:\/\/investnews.com.br\/inv-api\/wp\/v2\/categories?post=408011"},{"taxonomy":"post_tag","embeddable":true,"href":"https:\/\/investnews.com.br\/inv-api\/wp\/v2\/tags?post=408011"},{"taxonomy":"autor-wsj","embeddable":true,"href":"https:\/\/investnews.com.br\/inv-api\/wp\/v2\/autor-wsj?post=408011"},{"taxonomy":"author","embeddable":true,"href":"https:\/\/investnews.com.br\/inv-api\/wp\/v2\/coauthors?post=408011"}],"curies":[{"name":"wp","href":"https:\/\/api.w.org\/{rel}","templated":true}]}}