{"id":409196,"date":"2022-12-21T08:17:22","date_gmt":"2022-12-21T11:17:22","guid":{"rendered":"https:\/\/investnews.com.br\/?p=409196"},"modified":"2022-12-21T08:17:25","modified_gmt":"2022-12-21T11:17:25","slug":"executivo-do-grupo-ultra-recusa-convite-para-assumir-pasta-da-industria","status":"publish","type":"post","link":"https:\/\/investnews.com.br\/economia\/executivo-do-grupo-ultra-recusa-convite-para-assumir-pasta-da-industria\/","title":{"rendered":"<strong>Executivo do Grupo Ultra recusa convite para assumir pasta da Ind\u00fastria<\/strong>"},"content":{"rendered":"\n<p>O presidente eleito <a href=\"https:\/\/investnews.com.br\/tag\/luiz-inacio-lula-da-silva\/\">Luiz In\u00e1cio Lula da Silva (PT) <\/a>vai receber a segunda negativa para o comando do Minist\u00e9rio da Ind\u00fastria, Desenvolvimento e Com\u00e9rcio Exterior, que foi extinto na gest\u00e3o de <a href=\"https:\/\/investnews.com.br\/tag\/jair-bolsonaro\/\">Jair Bolsonaro (PL)<\/a> e que ser\u00e1 recriado em 2023. Convidado por Lula, Pedro Wongtschowski, presidente do conselho de administra\u00e7\u00e3o do <strong>Grupo Ultra<\/strong> (<a href=\"https:\/\/investnews.com.br\/cotacao\/ugpa3-ultrapar\/\">UGPA3<\/a>), decidiu n\u00e3o aceitar o convite, apurou o\u00a0<strong>Estad\u00e3o<\/strong>.<\/p>\n\n\n\n<p>Segundo pessoas pr\u00f3ximas ao empres\u00e1rio, a negativa tem rela\u00e7\u00e3o com a falta de converg\u00eancia com as ideias econ\u00f4micas do novo governo. O plano da gest\u00e3o de Lula, entre outros pontos, se posiciona contra privatiza\u00e7\u00f5es e concess\u00f5es, algo que se choca com as vis\u00f5es de Wongtschowski, um dos nomes mais respeitados da ind\u00fastria qu\u00edmica no Pa\u00eds. Ele foi apoiador da candidatura de Simone Tebet (MDB-MS) na \u00faltima elei\u00e7\u00e3o presidencial e, no segundo turno, declarou voto em Lula. Procurado, Wongtschowski preferiu n\u00e3o comentar.<\/p>\n\n\n\n<p>Na semana passada, o dono da Coteminas e presidente da Federa\u00e7\u00e3o das Ind\u00fastrias do Estado de S\u00e3o Paulo (Fiesp), Josu\u00e9 Gomes, j\u00e1 tinha recusado o cargo. Agora, o nome de Armando Monteiro, que ficou \u00e0 frente do mesmo minist\u00e9rio no governo de Dilma Rousseff e \u00e9 ex-presidente da Confedera\u00e7\u00e3o Nacional da Ind\u00fastria (CNI), pode ganhar for\u00e7a. Monteiro \u00e9 filiado ao PSDB.<\/p>\n\n\n\n<h2 class=\"wp-block-heading\"><strong>BNDES<\/strong><\/h2>\n\n\n\n<p>Antes cotados para assumir uma pasta na Esplanada, o ex-ministro do Planejamento Nelson Barbosa e a ex-ministra do Desenvolvimento Social Tereza Campello devem trabalhar, a partir do ano que vem, no Banco Nacional de Desenvolvimento Econ\u00f4mico e Social (BNDES). Segundo apurou o&nbsp;<em>Estad\u00e3o\/Broadcast<\/em>, sistema de not\u00edcias em tempo real do Grupo Estado, os dois aceitaram convite do futuro presidente do banco, o ex-ministro da Casa Civil Aloizio Mercadante, para compor a diretoria do banco. As informa\u00e7\u00f5es s\u00e3o do jornal&nbsp;<strong>O Estado de S. Paulo.<\/strong><\/p>\n","protected":false},"excerpt":{"rendered":"<p>Segundo pessoas pr\u00f3ximas ao empres\u00e1rio, a negativa tem rela\u00e7\u00e3o com a falta de converg\u00eancia com as ideias econ\u00f4micas do novo governo.<\/p>\n","protected":false},"author":62,"featured_media":371069,"comment_status":"closed","ping_status":"open","sticky":false,"template":"","format":"standard","meta":{"_acf_changed":false,"inline_featured_image":false,"footnotes":""},"categories":[5],"tags":[499,462,2370,206],"autor-wsj":[],"coauthors":[2499],"class_list":["post-409196","post","type-post","status-publish","format-standard","has-post-thumbnail","hentry","category-economia","tag-economia","tag-industria","tag-luiz-inacio-lula-da-silva","tag-ultrapar"],"acf":[],"amp_enabled":true,"_links":{"self":[{"href":"https:\/\/investnews.com.br\/inv-api\/wp\/v2\/posts\/409196","targetHints":{"allow":["GET"]}}],"collection":[{"href":"https:\/\/investnews.com.br\/inv-api\/wp\/v2\/posts"}],"about":[{"href":"https:\/\/investnews.com.br\/inv-api\/wp\/v2\/types\/post"}],"author":[{"embeddable":true,"href":"https:\/\/investnews.com.br\/inv-api\/wp\/v2\/users\/62"}],"replies":[{"embeddable":true,"href":"https:\/\/investnews.com.br\/inv-api\/wp\/v2\/comments?post=409196"}],"version-history":[{"count":2,"href":"https:\/\/investnews.com.br\/inv-api\/wp\/v2\/posts\/409196\/revisions"}],"predecessor-version":[{"id":409198,"href":"https:\/\/investnews.com.br\/inv-api\/wp\/v2\/posts\/409196\/revisions\/409198"}],"wp:featuredmedia":[{"embeddable":true,"href":"https:\/\/investnews.com.br\/inv-api\/wp\/v2\/media\/371069"}],"wp:attachment":[{"href":"https:\/\/investnews.com.br\/inv-api\/wp\/v2\/media?parent=409196"}],"wp:term":[{"taxonomy":"category","embeddable":true,"href":"https:\/\/investnews.com.br\/inv-api\/wp\/v2\/categories?post=409196"},{"taxonomy":"post_tag","embeddable":true,"href":"https:\/\/investnews.com.br\/inv-api\/wp\/v2\/tags?post=409196"},{"taxonomy":"autor-wsj","embeddable":true,"href":"https:\/\/investnews.com.br\/inv-api\/wp\/v2\/autor-wsj?post=409196"},{"taxonomy":"author","embeddable":true,"href":"https:\/\/investnews.com.br\/inv-api\/wp\/v2\/coauthors?post=409196"}],"curies":[{"name":"wp","href":"https:\/\/api.w.org\/{rel}","templated":true}]}}