{"id":409202,"date":"2022-12-22T06:30:00","date_gmt":"2022-12-22T09:30:00","guid":{"rendered":"https:\/\/investnews.com.br\/?p=409202"},"modified":"2024-06-24T15:05:44","modified_gmt":"2024-06-24T18:05:44","slug":"por-que-o-brasil-e-vice-campeao-de-empregos-verdes-do-mundo","status":"publish","type":"post","link":"https:\/\/investnews.com.br\/colunistas\/por-que-o-brasil-e-vice-campeao-de-empregos-verdes-do-mundo\/","title":{"rendered":"Por que o Brasil \u00e9 vice-campe\u00e3o de empregos verdes do mundo"},"content":{"rendered":"\n<p>Nas \u00faltimas semanas nossos olhares estavam todos voltados para a Copa do<br>Mundo, infelizmente a ta\u00e7a n\u00e3o veio para o Brasil, acredito que n\u00e3o sirva de consolo<br>mas no campo da economia sustent\u00e1vel estamos perto do topo: somos o segundo<br>pa\u00eds com mais empregos verdes no mundo, s\u00f3 perdemos para a China.<\/p>\n\n\n\n<p><br>Segundo dados da Ag\u00eancia Internacional de Energia Renov\u00e1vel (IRENA)<br>compilados pela Confedera\u00e7\u00e3o Nacional da Ind\u00fastria (CNI) o <a href=\"https:\/\/investnews.com.br\/esg\/brasil-ja-responde-por-10-dos-empregos-verdes-no-mundo\/\" data-type=\"post\" data-id=\"390210\">Brasil responde por<br>10% de todos os <strong>empregos verdes<\/strong><\/a> do mundo. Perdemos somente para a China que<br>possui 42% dos 12,7 milh\u00f5es desse tipo de posto de trabalho no mundo.<\/p>\n\n\n\n<h2 class=\"wp-block-heading\">Maiores empregadores verdes<\/h2>\n\n\n\n<p>Esmiu\u00e7ando um pouco mais os dados, percebemos que os maiores empregadores<br>verdes est\u00e3o no setor de <strong>energia renov\u00e1vel,<\/strong> tanto na produ\u00e7\u00e3o de energia el\u00e9trica<br>quanto de biocombust\u00edveis. E nessas duas ind\u00fastrias podemos dizer que somos<br>uma pot\u00eancia mundial tal qual nossa sele\u00e7\u00e3o.<\/p>\n\n\n\n<p><br>Ou seja, se aumentarmos ainda mais os investimentos em energia renov\u00e1vel e no<br>\u201cenverdecimento\u201d de outros setores relevantes como da agroind\u00fastria podemos n\u00e3o<br>s\u00f3 gerar milh\u00f5es de empregos como nos tornarmos uma das maiores economias<br>verdes do mundo e ainda pintarmos o amarelo da biodiversidade.<\/p>\n\n\n\n<p><br>N\u00e3o precisa ser um grande economista para perceber isso, temos um ecossistema<br>notoriamente prop\u00edcio para termos esse protagonismo. Possu\u00edmos recursos naturais<br>abundantes, enorme biodiversidade e podemos cantar aos quatro cantos que assim<br>como os dizeres estampados na parte interna de uma camisa da sele\u00e7\u00e3o brasileira<br>\u201cNascidos para jogar futebol\u201d somos um pa\u00eds nascido para a economia verde.<\/p>\n\n\n\n<h2 class=\"wp-block-heading\">Vantagens geopol\u00edticas do Brasil<\/h2>\n\n\n\n<p>Temos que aproveitar nesse momento algumas outras vantagens geopol\u00edticas. Na<br>Europa, por conta da guerra entre a Ucr\u00e2nia e a R\u00fassia houve um aumento do<br>investimento em energia advinda do carv\u00e3o, que ainda servir\u00e1 nesse momento para<br>ajustes de curto prazo na oferta de energia.<\/p>\n\n\n\n<p><br>E, n\u00e3o h\u00e1 o que fazer, 40 a 50% do g\u00e1s fornecido para os pa\u00edses desse continente<br>at\u00e9 a guerra era proveniente da R\u00fassia, hoje apenas 15% v\u00eam de l\u00e1 e isso vem<br>sendo reduzido conforme o confronto prossegue. Os pa\u00edses europeus se voltaram<br>para o carv\u00e3o, energia super suja, mas que garantir\u00e1 que a produ\u00e7\u00e3o de a\u00e7o seja<br>continuada. <\/p>\n\n\n\n<p>A Inglaterra aprovou recentemente, depois de 30 anos, a perfura\u00e7\u00e3o de<br>uma mina de carv\u00e3o profunda para fornecimento de coque para a ind\u00fastria de a\u00e7o.<br>Outro gigante europeu, a Alemanha, quer assegurar com o carv\u00e3o que haja<br>fornecimento de energia no inverno.<\/p>\n\n\n\n<h2 class=\"wp-block-heading\">Corrida pela energia renov\u00e1vel<\/h2>\n\n\n\n<p>Mas n\u00e3o achemos que isso durar\u00e1 e que o Brasil surfar\u00e1 a economia verde sozinho,<br>no meio disso tudo n\u00e3o esque\u00e7am que temos outra guerra, aquela contra os efeitos<br>negativos clim\u00e1ticos e o contraponto foi dado na semana passada quando a<br>Ag\u00eancia Internacional de Energia publicou que a Europa vai iniciar uma <strong>corrida pela<br>energia renov\u00e1vel.<\/strong><\/p>\n\n\n\n<p><br>O ponto de virada, segundo a Ag\u00eancia, \u00e9 a pr\u00f3pria guerra da Ucr\u00e2nia que<br>impulsionou os investimentos em energia renov\u00e1vel e que fixou o ano de 2025 como<br>aquele em que mais da metade da energia produzida no continente europeu ser\u00e1<br>renov\u00e1vel, ultrapassando aquelas advindas do carv\u00e3o.<\/p>\n\n\n\n<p><br>Isso tudo posto, ainda ficaremos no topo se assumirmos nosso protagonismo nesse<br>novo formato econ\u00f4mico, temos que continuar a mostrar ao mundo que somos um<br>pa\u00eds nascido para isso e que os investimentos aqui trar\u00e3o retornos superiores aos<br>investidores e a sa\u00fade de nosso planeta. Temos que vestir a camisa: \u201cNascidos<br>para a economia verde com uma pitada de amarelo!\u201d<\/p>\n\n\n\n<p><br><em><strong>*Alexandre Furtado \u00e9 Presidente do Comit\u00ea de Informa\u00e7\u00f5es <a href=\"https:\/\/investnews.com.br\/guias\/tudo-sobre-esg\/\">ESG<\/a> da Funda\u00e7\u00e3o Get\u00falio Vargas, S\u00f3cio e Diretor de ESG da Grant Thornton.<\/strong><\/em><\/p>\n\n\n\n<p><br>*<em>As informa\u00e7\u00f5es desta coluna s\u00e3o de inteira responsabilidade do autor e n\u00e3o do<br>InvestNews e das institui\u00e7\u00f5es com as quais ele possui liga\u00e7\u00e3o.<\/em><\/p>\n","protected":false},"excerpt":{"rendered":"<p>Perdemos somente para a China que<br \/>\npossui 42% dos 12,7 milh\u00f5es desse tipo de posto de trabalho no mundo.<\/p>\n","protected":false},"author":81,"featured_media":327846,"comment_status":"closed","ping_status":"open","sticky":false,"template":"","format":"standard","meta":{"_acf_changed":false,"inline_featured_image":false,"footnotes":""},"categories":[2063],"tags":[1673,216,1674],"autor-wsj":[],"coauthors":[101344],"class_list":["post-409202","post","type-post","status-publish","format-standard","has-post-thumbnail","hentry","category-colunistas","tag-esg","tag-mercado-de-trabalho","tag-sustentabilidade"],"acf":[],"amp_enabled":true,"_links":{"self":[{"href":"https:\/\/investnews.com.br\/inv-api\/wp\/v2\/posts\/409202","targetHints":{"allow":["GET"]}}],"collection":[{"href":"https:\/\/investnews.com.br\/inv-api\/wp\/v2\/posts"}],"about":[{"href":"https:\/\/investnews.com.br\/inv-api\/wp\/v2\/types\/post"}],"author":[{"embeddable":true,"href":"https:\/\/investnews.com.br\/inv-api\/wp\/v2\/users\/81"}],"replies":[{"embeddable":true,"href":"https:\/\/investnews.com.br\/inv-api\/wp\/v2\/comments?post=409202"}],"version-history":[{"count":4,"href":"https:\/\/investnews.com.br\/inv-api\/wp\/v2\/posts\/409202\/revisions"}],"predecessor-version":[{"id":409598,"href":"https:\/\/investnews.com.br\/inv-api\/wp\/v2\/posts\/409202\/revisions\/409598"}],"wp:featuredmedia":[{"embeddable":true,"href":"https:\/\/investnews.com.br\/inv-api\/wp\/v2\/media\/327846"}],"wp:attachment":[{"href":"https:\/\/investnews.com.br\/inv-api\/wp\/v2\/media?parent=409202"}],"wp:term":[{"taxonomy":"category","embeddable":true,"href":"https:\/\/investnews.com.br\/inv-api\/wp\/v2\/categories?post=409202"},{"taxonomy":"post_tag","embeddable":true,"href":"https:\/\/investnews.com.br\/inv-api\/wp\/v2\/tags?post=409202"},{"taxonomy":"autor-wsj","embeddable":true,"href":"https:\/\/investnews.com.br\/inv-api\/wp\/v2\/autor-wsj?post=409202"},{"taxonomy":"author","embeddable":true,"href":"https:\/\/investnews.com.br\/inv-api\/wp\/v2\/coauthors?post=409202"}],"curies":[{"name":"wp","href":"https:\/\/api.w.org\/{rel}","templated":true}]}}