{"id":409208,"date":"2022-12-21T08:48:16","date_gmt":"2022-12-21T11:48:16","guid":{"rendered":"https:\/\/investnews.com.br\/?p=409208"},"modified":"2022-12-21T08:48:18","modified_gmt":"2022-12-21T11:48:18","slug":"eneva-altera-estrutura-organizacional-da-companhia-em-janeiro","status":"publish","type":"post","link":"https:\/\/investnews.com.br\/negocios\/eneva-altera-estrutura-organizacional-da-companhia-em-janeiro\/","title":{"rendered":"Eneva altera estrutura organizacional da companhia em janeiro"},"content":{"rendered":"\n<p>A Eneva<a href=\"https:\/\/investnews.com.br\/cotacao\/enev3-eneva\/\"> (ENEV3)<\/a> informou ao mercado que alterou sua estrutura da diretoria-executiva e apresentou sua nova estrutura organizacional a partir de 1\u00ba de janeiro.<\/p>\n\n\n\n<p>De acordo com comunicado da companhia, a <strong>altera\u00e7\u00e3o reflete a reorganiza\u00e7\u00e3o da Diretoria de Opera\u00e7\u00f5es<\/strong>, at\u00e9 ent\u00e3o liderada por Lino Can\u00e7ado, que ser\u00e1 dividida em tr\u00eas diretorias-executivas, que ser\u00e3o comandadas por profissionais que j\u00e1 atuam na empresa.<\/p>\n\n\n\n<p><strong>Fausto Caretta foi escolhido para a diretoria-executiva de Explora\u00e7\u00e3o, Desenvolvimento e Constru\u00e7\u00e3o,<\/strong> que ser\u00e1 respons\u00e1vel pelo planejamento e execu\u00e7\u00e3o do <a href=\"https:\/\/investnews.com.br\/guias\/capex-e-opex\/\">CAPEX<\/a> dos projetos de crescimento org\u00e2nico da companhia. Com mais de 26 anos de experi\u00eancia, ele \u00e9 engenheiro mec\u00e2nico formado pelo Instituto Tecnol\u00f3gico de Buenos Aires, com Especializa\u00e7\u00e3o em Programas de Desenvolvimento em Gest\u00e3o pela Schlumberger.<\/p>\n\n\n\n<p><strong>Ricardo Pascotto vai assumir a diretoria-executiva de opera\u00e7\u00e3o e manuten\u00e7\u00e3o dos ativos R2W e SSLNG<\/strong>, que ser\u00e1 respons\u00e1vel pelas atividades no Complexo Parna\u00edba, no Complexo Azul\u00e3o, incluindo a UTE Jaguatirica em Roraima, e pela nova linha de neg\u00f3cios da Eneva de venda de GNL em pequena escala. Com mais de 30 anos de experi\u00eancia em multinacionais, ele tamb\u00e9m \u00e9 engenheiro mec\u00e2nico formado pelo UNESP, com diversos cursos e MBA em Marketing de Servi\u00e7os pela ESPM, e Especializa\u00e7\u00e3o em Gerenciamento de Empreendimentos pela FGV e em Gerenciamento de Constru\u00e7\u00e3o, Opera\u00e7\u00e3o e Manuten\u00e7\u00e3o de Usinas Termoel\u00e9tricas pela USP.<\/p>\n\n\n\n<p><strong>Vilmar Carneiro assume a diretoria-executiva de Opera\u00e7\u00e3o e Manuten\u00e7\u00e3o de Ativos de Gera\u00e7\u00e3o<\/strong>, que ser\u00e1 respons\u00e1vel pelas termoel\u00e9tricas a carv\u00e3o, pelas termoel\u00e9tricas a g\u00e1s que n\u00e3o utilizam g\u00e1s pr\u00f3prio, ou seja, UTE Sergipe I e UTE Fortaleza, e pela usina solar fotovoltaica Futura 1. Com quase 40 anos de experi\u00eancia, Vilmar \u00e9 engenheiro eletricista formado pela UFRJ, com MBA em Gest\u00e3o Empresarial pela FGV e especializa\u00e7\u00e3o em Engenharia de Petr\u00f3leo pela Petrobr\u00e1s.<\/p>\n\n\n\n<p>Adicionalmente, foi criada uma <strong>diretoria exclusiva para a \u00e1rea de Recursos Humanos<\/strong>, sendo eleito para o cargo de <strong>diretor-executivo Ricardo Matheus Santos<\/strong>, que tomar\u00e1 posse em 1\u00ba de fevereiro de 2023.<\/p>\n\n\n\n<p>As mudan\u00e7as foram realizadas em assembleia da companhia em 19 de dezembro.<\/p>\n","protected":false},"excerpt":{"rendered":"<p>Foram anunciados novos nomes que ir\u00e3o compro a diretoria-executiva da empresa.<\/p>\n","protected":false},"author":73,"featured_media":337288,"comment_status":"closed","ping_status":"open","sticky":false,"template":"","format":"standard","meta":{"_acf_changed":false,"inline_featured_image":false,"footnotes":""},"categories":[6],"tags":[],"autor-wsj":[],"coauthors":[101284],"class_list":["post-409208","post","type-post","status-publish","format-standard","has-post-thumbnail","hentry","category-negocios"],"acf":[],"amp_enabled":true,"_links":{"self":[{"href":"https:\/\/investnews.com.br\/inv-api\/wp\/v2\/posts\/409208","targetHints":{"allow":["GET"]}}],"collection":[{"href":"https:\/\/investnews.com.br\/inv-api\/wp\/v2\/posts"}],"about":[{"href":"https:\/\/investnews.com.br\/inv-api\/wp\/v2\/types\/post"}],"author":[{"embeddable":true,"href":"https:\/\/investnews.com.br\/inv-api\/wp\/v2\/users\/73"}],"replies":[{"embeddable":true,"href":"https:\/\/investnews.com.br\/inv-api\/wp\/v2\/comments?post=409208"}],"version-history":[{"count":3,"href":"https:\/\/investnews.com.br\/inv-api\/wp\/v2\/posts\/409208\/revisions"}],"predecessor-version":[{"id":409215,"href":"https:\/\/investnews.com.br\/inv-api\/wp\/v2\/posts\/409208\/revisions\/409215"}],"wp:featuredmedia":[{"embeddable":true,"href":"https:\/\/investnews.com.br\/inv-api\/wp\/v2\/media\/337288"}],"wp:attachment":[{"href":"https:\/\/investnews.com.br\/inv-api\/wp\/v2\/media?parent=409208"}],"wp:term":[{"taxonomy":"category","embeddable":true,"href":"https:\/\/investnews.com.br\/inv-api\/wp\/v2\/categories?post=409208"},{"taxonomy":"post_tag","embeddable":true,"href":"https:\/\/investnews.com.br\/inv-api\/wp\/v2\/tags?post=409208"},{"taxonomy":"autor-wsj","embeddable":true,"href":"https:\/\/investnews.com.br\/inv-api\/wp\/v2\/autor-wsj?post=409208"},{"taxonomy":"author","embeddable":true,"href":"https:\/\/investnews.com.br\/inv-api\/wp\/v2\/coauthors?post=409208"}],"curies":[{"name":"wp","href":"https:\/\/api.w.org\/{rel}","templated":true}]}}