{"id":409892,"date":"2022-12-23T08:00:17","date_gmt":"2022-12-23T11:00:17","guid":{"rendered":"https:\/\/investnews.com.br\/?p=409892"},"modified":"2024-06-25T15:27:29","modified_gmt":"2024-06-25T18:27:29","slug":"3-fatos-para-hoje-greve-dos-aeronautas-continua-inflacao-recorde-no-japao-e-eua","status":"publish","type":"post","link":"https:\/\/investnews.com.br\/economia\/3-fatos-para-hoje-greve-dos-aeronautas-continua-inflacao-recorde-no-japao-e-eua\/","title":{"rendered":"3 fatos para hoje: greve dos aeronautas continua; infla\u00e7\u00e3o recorde no Jap\u00e3o e mais"},"content":{"rendered":"\n<h2 class=\"wp-block-heading\">1 &#8211; <strong>Sindicato Nacional dos Aeronautas rejeita nova proposta do TST, e greve \u00e9 mantida<\/strong><\/h2>\n\n\n\n<p>O Sindicato Nacional dos Aeronautas (SNA) recusou a proposta apresentada pelo Tribunal Superior do Trabalho (TST) e anunciou, na madrugada desta sexta-feira (23) que parte dos <a href=\"https:\/\/investnews.com.br\/economia\/greve-de-pilotos-e-comissarios-entra-no-3-dia-sem-avanco-nas-negociacoes\/\">pilotos e comiss\u00e1rios seguir\u00e3o de bra\u00e7os cruzados<\/a>. Da categoria, 59,25% votaram contra a proposta e 40,02% foram favor\u00e1veis.<\/p>\n\n\n\n<p>A proposta apresentada pelo TST contemplava, entre outras coisas, a renova\u00e7\u00e3o da conven\u00e7\u00e3o coletiva na sua \u00edntegra, reajuste de 100% do \u00edndice inflacion\u00e1rio dos \u00faltimos doze meses &#8211; ou seja, 5,97% nos sal\u00e1rios fixos e vari\u00e1veis, mais o acr\u00e9scimo de 1% de aumento real.<\/p>\n\n\n\n<p>A greve dos aeronautas (pilotos e comiss\u00e1rios) seguir\u00e1 para o seu quinta dia, portanto. O servi\u00e7o ser\u00e1 paralisado, das 6h \u00e0s 8h, nos aeroportos de Congonhas (S\u00e3o Paulo, capital), Santos Dumont e Gale\u00e3o (Rio de Janeiro, capital), Guarulhos (S\u00e3o Paulo), Viracopos (Campinas, SP), Porto Alegre (RS), Confins (Belo Horizonte, MG), Bras\u00edlia (DF) e Fortaleza (CE).<\/p>\n\n\n\n<p>Em nota \u00e0 imprensa, o Sindicato Nacional dos Aeronautas (SNA) &#8220;considera que o movimento foi positivo nesses quatro dias de greve, dentro dos limites determinados pela Justi\u00e7a, e que \u00e9 preciso deixar claro que os aeronautas est\u00e3o desde o final de setembro negociando e que todas as propostas enviadas pelo sindicato patronal n\u00e3o eram condizentes com a pauta de reivindica\u00e7\u00f5es da categoria, por isso foram rejeitadas&#8221;.<\/p>\n\n\n\n<p>O presidente do SNA, Henrique Hacklaender, destacou que al\u00e9m do ganho real sobre os sal\u00e1rios, a categoria quer melhores condi\u00e7\u00f5es de descanso. &#8220;\u00d3bvio que se falava em recomposi\u00e7\u00e3o salarial e ganho real, mas era mais do que isso. As empresas se negaram nesses mais de dois meses e meio a atender qualquer tipo de solicita\u00e7\u00e3o que visasse ao descanso, a folga e o repouso dos tripulantes. O respeito que, sim, \u00e9 muito necess\u00e1rio para qualquer trabalhador do Pa\u00eds. \u00c9 \u00f3bvio que um tripulante cansado e mal remunerado pode representar um risco \u00e0 avia\u00e7\u00e3o. Por isso, vamos, sim, fazer uma paralisa\u00e7\u00e3o&#8221;, disse.<\/p>\n\n\n\n<p>A categoria reivindica que as empresas &#8220;respeitem os hor\u00e1rios de in\u00edcio e de t\u00e9rmino das folgas e que n\u00e3o programem jornadas de trabalho de mais de tr\u00eas horas em solo entre duas etapas de voo&#8221;. O sindicato ressaltou que nenhum voo ser\u00e1 cancelado, mas que haver\u00e1 atrasos. Os voos ter\u00e3o de ser reagendados pelas companhias a\u00e9reas.<\/p>\n\n\n\n<h2 class=\"wp-block-heading\">2 &#8211; Infla\u00e7\u00e3o ao consumidor no Jap\u00e3o atinge novo recorde de 40 anos<\/h2>\n\n\n\n<figure class=\"wp-block-image size-large\"><img loading=\"lazy\" decoding=\"async\" width=\"1024\" height=\"729\" src=\"https:\/\/media.investnews.com.br\/uploads\/2022\/12\/2022-12-23T103328Z_1_LYNXMPEIBM0A0_RTROPTP_4_JAPAN-ECONOMY-INFLATION-1024x729.jpg\" alt=\"\" class=\"wp-image-409893\" srcset=\"https:\/\/media.investnews.com.br\/uploads\/2022\/12\/2022-12-23T103328Z_1_LYNXMPEIBM0A0_RTROPTP_4_JAPAN-ECONOMY-INFLATION-1024x729.jpg 1024w, https:\/\/media.investnews.com.br\/uploads\/2022\/12\/2022-12-23T103328Z_1_LYNXMPEIBM0A0_RTROPTP_4_JAPAN-ECONOMY-INFLATION-300x214.jpg 300w, https:\/\/media.investnews.com.br\/uploads\/2022\/12\/2022-12-23T103328Z_1_LYNXMPEIBM0A0_RTROPTP_4_JAPAN-ECONOMY-INFLATION-768x547.jpg 768w, https:\/\/media.investnews.com.br\/uploads\/2022\/12\/2022-12-23T103328Z_1_LYNXMPEIBM0A0_RTROPTP_4_JAPAN-ECONOMY-INFLATION-1536x1094.jpg 1536w, https:\/\/media.investnews.com.br\/uploads\/2022\/12\/2022-12-23T103328Z_1_LYNXMPEIBM0A0_RTROPTP_4_JAPAN-ECONOMY-INFLATION-1256x894.jpg 1256w, https:\/\/media.investnews.com.br\/uploads\/2022\/12\/2022-12-23T103328Z_1_LYNXMPEIBM0A0_RTROPTP_4_JAPAN-ECONOMY-INFLATION-172x122.jpg 172w, https:\/\/media.investnews.com.br\/uploads\/2022\/12\/2022-12-23T103328Z_1_LYNXMPEIBM0A0_RTROPTP_4_JAPAN-ECONOMY-INFLATION-150x107.jpg 150w, https:\/\/media.investnews.com.br\/uploads\/2022\/12\/2022-12-23T103328Z_1_LYNXMPEIBM0A0_RTROPTP_4_JAPAN-ECONOMY-INFLATION.jpg 2048w\" sizes=\"auto, (max-width: 1024px) 100vw, 1024px\" \/><figcaption class=\"wp-element-caption\">Distrito comercial em T\u00f3quio\n20\/05\/2022. REUTERS\/Kim Kyung-Hoon<\/figcaption><\/figure>\n\n\n\n<p>O n\u00facleo da infla\u00e7\u00e3o ao consumidor do <a href=\"https:\/\/investnews.com.br\/tag\/japao\/\">Jap\u00e3o<\/a> atingiu novo recorde em quatro d\u00e9cadas uma vez que as empresas continuavam a repassar os custos crescentes para as fam\u00edlias, um sinal de que o aumento dos pre\u00e7os est\u00e1 se disseminando e pode manter o banco central sob press\u00e3o para diminuir o est\u00edmulo.<\/p>\n\n\n\n<p>Meses antes da inesperada mudan\u00e7a divulgada ma ter\u00e7a-feira, as autoridades Banco do Jap\u00e3o haviam discutido o impacto potencial nos mercados de uma futura sa\u00edda de taxas de juros ultrabaixas, de acordo com a ata da reuni\u00e3o de outubro divulgada nesta sexta-feira (23).<\/p>\n\n\n\n<p>Embora muitos varejistas planejem novos aumentos para produtos aliment\u00edcios no pr\u00f3ximo ano, as perspectivas de infla\u00e7\u00e3o e o momento de quaisquer novos ajustes de pol\u00edtica monet\u00e1ria pelo banco central s\u00e3o afetados pelo risco de recess\u00e3o global e incerteza sobre o ritmo de aumentos salariais, dizem analistas.<\/p>\n\n\n\n<p>&#8220;O obst\u00e1culo para a normaliza\u00e7\u00e3o da pol\u00edtica monet\u00e1ria n\u00e3o \u00e9 baixo. A economia global pode piorar no primeiro semestre do pr\u00f3ximo ano, tornando dif\u00edcil para o Banco do Jap\u00e3o tomar medidas que possam ser interpretadas como aperto monet\u00e1rio&#8221;, disse Takeshi Minami, economista-chefe do Instituto de Pesquisa Norinchukin.<\/p>\n\n\n\n<p>O n\u00facleo do \u00edndice de pre\u00e7os ao consumidor do Jap\u00e3o, que exclui alimentos frescos vol\u00e1teis mas inclui os custos de energia, subiu 3,7% em novembro em rela\u00e7\u00e3o ao ano anterior, de acordo com dados divulgados nesta sexta-feira, em linha com as previs\u00f5es do mercado e ap\u00f3s avan\u00e7o de 3,6% em outubro.<\/p>\n\n\n\n<p>Foi o maior aumento desde um salto de 4,0% observado em dezembro de 1981, quando a infla\u00e7\u00e3o ainda era alta devido ao impacto do choque de petr\u00f3leo de 1979 e de uma economia em expans\u00e3o.<\/p>\n\n\n\n<p>Al\u00e9m das contas de servi\u00e7os p\u00fablicos, os pre\u00e7os subiram para uma ampla gama de produtos, desde frango frito a smartphones a aparelhos de ar condicionado, em sinal de crescente press\u00e3o inflacion\u00e1ria.<\/p>\n\n\n\n<p>Muitos analistas projetam que o n\u00facleo da infla\u00e7\u00e3o consumidor ir\u00e1 desacelerar para perto da meta de 2% do Banco do Jap\u00e3o no pr\u00f3ximo ano, uma vez que o efeito de base dos picos de pre\u00e7os de combust\u00edvel do passado ir\u00e3o se dissipar e com o impacto dos subs\u00eddios governamentais para conter os pre\u00e7os da eletricidade tendo efeito a partir de fevereiro.<\/p>\n\n\n\n<h2 class=\"wp-block-heading\">3 &#8211; Crescimento populacional dos EUA avan\u00e7a em 2022 impulsionado pela imigra\u00e7\u00e3o<\/h2>\n\n\n\n<p>O crescimento da popula\u00e7\u00e3o norte-americana acelerou em 2022, a partir da taxa mais lenta j\u00e1 registrada, impulsionado pela migra\u00e7\u00e3o internacional l\u00edquida, em recupera\u00e7\u00e3o ap\u00f3s uma desacelera\u00e7\u00e3o desencadeada pela pandemia de Covid-19, informou o Escrit\u00f3rio do Censo dos <a href=\"https:\/\/investnews.com.br\/tag\/eua\/\">Estados Unidos<\/a> nesta quinta-feira (22).<\/p>\n\n\n\n<p>A popula\u00e7\u00e3o do pa\u00eds cresceu 0,4% este ano, para 333,3 milh\u00f5es, depois de quase estagnar com alta de 0,1% em 2021, quando o coronav\u00edrus exacerbou uma tend\u00eancia de crescimento mais moderado nos anos anteriores.<\/p>\n\n\n\n<p>O ano de 2021 foi a primeira vez desde 1937 em que a popula\u00e7\u00e3o dos EUA cresceu em menos de 1 milh\u00e3o de pessoas, refletindo o menor crescimento num\u00e9rico desde pelo menos 1900, quando o Censo iniciou as estimativas populacionais anuais.<\/p>\n\n\n\n<p>A migra\u00e7\u00e3o internacional l\u00edquida &#8211;o n\u00famero de pessoas que entram e saem do pa\u00eds&#8211; adicionou cerca de 1,01 milh\u00e3o de pessoas entre 2021 e 2022, e foi o principal fator de crescimento, informou o Censo em comunicado na quinta-feira. Isso em compara\u00e7\u00e3o com a migra\u00e7\u00e3o l\u00edquida de mais de 376.000 no ano anterior, sinalizando um poss\u00edvel retorno aos n\u00edveis pr\u00e9-pand\u00eamicos.<\/p>\n\n\n\n<p>A Fl\u00f3rida foi o Estado que mais cresceu em 2022, com um aumento populacional de 1,9%, para cerca de 22,2 milh\u00f5es, mostraram os n\u00fameros do Censo.<\/p>\n\n\n\n<p>\u201cEmbora a Fl\u00f3rida esteja frequentemente entre os estados de maior ganho, esta foi a primeira vez desde 1957 que a Fl\u00f3rida foi o estado com o maior aumento percentual da popula\u00e7\u00e3o&#8221;, disse Kristie Wilder, dem\u00f3grafa da Divis\u00e3o de Popula\u00e7\u00e3o do Censo.<\/p>\n\n\n\n<p>Dezoito Estados experimentaram um decl\u00ednio populacional em 2022, em compara\u00e7\u00e3o com 15 e o Distrito de Columbia (DC) no ano anterior.<\/p>\n\n\n\n<p>Calif\u00f3rnia e Illinois tiveram redu\u00e7\u00f5es de seis d\u00edgitos na popula\u00e7\u00e3o residente. O decl\u00ednio populacional em ambos os Estados refletiu a migra\u00e7\u00e3o l\u00edquida para outros estados.<\/p>\n\n\n\n<p><em><strong>(*Com informa\u00e7\u00f5es de Estad\u00e3o Conte\u00fado e Reuters)<\/strong><\/em><\/p>\n","protected":false},"excerpt":{"rendered":"<p>Crescimento da popula\u00e7\u00e3o norte-americana acelerou em 2022, a partir da taxa mais lenta j\u00e1 registrada, impulsionado pela migra\u00e7\u00e3o internacional l\u00edquida.<\/p>\n","protected":false},"author":7,"featured_media":409894,"comment_status":"closed","ping_status":"open","sticky":false,"template":"","format":"standard","meta":{"_acf_changed":false,"inline_featured_image":false,"footnotes":""},"categories":[5],"tags":[155,499,236,52,1004,1155],"autor-wsj":[],"coauthors":[1494],"class_list":["post-409892","post","type-post","status-publish","format-standard","has-post-thumbnail","hentry","category-economia","tag-brasil","tag-economia","tag-eua","tag-inflacao","tag-japao","tag-setor-aereo"],"acf":[],"amp_enabled":true,"_links":{"self":[{"href":"https:\/\/investnews.com.br\/inv-api\/wp\/v2\/posts\/409892","targetHints":{"allow":["GET"]}}],"collection":[{"href":"https:\/\/investnews.com.br\/inv-api\/wp\/v2\/posts"}],"about":[{"href":"https:\/\/investnews.com.br\/inv-api\/wp\/v2\/types\/post"}],"author":[{"embeddable":true,"href":"https:\/\/investnews.com.br\/inv-api\/wp\/v2\/users\/7"}],"replies":[{"embeddable":true,"href":"https:\/\/investnews.com.br\/inv-api\/wp\/v2\/comments?post=409892"}],"version-history":[{"count":6,"href":"https:\/\/investnews.com.br\/inv-api\/wp\/v2\/posts\/409892\/revisions"}],"predecessor-version":[{"id":409916,"href":"https:\/\/investnews.com.br\/inv-api\/wp\/v2\/posts\/409892\/revisions\/409916"}],"wp:featuredmedia":[{"embeddable":true,"href":"https:\/\/investnews.com.br\/inv-api\/wp\/v2\/media\/409894"}],"wp:attachment":[{"href":"https:\/\/investnews.com.br\/inv-api\/wp\/v2\/media?parent=409892"}],"wp:term":[{"taxonomy":"category","embeddable":true,"href":"https:\/\/investnews.com.br\/inv-api\/wp\/v2\/categories?post=409892"},{"taxonomy":"post_tag","embeddable":true,"href":"https:\/\/investnews.com.br\/inv-api\/wp\/v2\/tags?post=409892"},{"taxonomy":"autor-wsj","embeddable":true,"href":"https:\/\/investnews.com.br\/inv-api\/wp\/v2\/autor-wsj?post=409892"},{"taxonomy":"author","embeddable":true,"href":"https:\/\/investnews.com.br\/inv-api\/wp\/v2\/coauthors?post=409892"}],"curies":[{"name":"wp","href":"https:\/\/api.w.org\/{rel}","templated":true}]}}