{"id":410156,"date":"2022-12-26T09:21:59","date_gmt":"2022-12-26T12:21:59","guid":{"rendered":"https:\/\/investnews.com.br\/?p=410156"},"modified":"2022-12-26T09:22:33","modified_gmt":"2022-12-26T12:22:33","slug":"preco-de-imovel-deve-evoluir-de-forma-moderada-em-2023","status":"publish","type":"post","link":"https:\/\/investnews.com.br\/economia\/preco-de-imovel-deve-evoluir-de-forma-moderada-em-2023\/","title":{"rendered":"Pre\u00e7o de im\u00f3vel deve evoluir de forma moderada em 2023"},"content":{"rendered":"\n<p>O pre\u00e7o dos im\u00f3veis residenciais deve evoluir de forma mais moderada em 2023 ap\u00f3s a boa valoriza\u00e7\u00e3o registrada neste ano. A vis\u00e3o de analistas e empres\u00e1rios \u00e9 de que os pre\u00e7os devem subir no ritmo da infla\u00e7\u00e3o. &#8220;Dificilmente os aumentos de pre\u00e7os de 2022 v\u00e3o se repetir em 2023. Deve haver algum aumento, mas numa escala menor&#8221;, disse o coordenador do curso de neg\u00f3cios imobili\u00e1rios da Funda\u00e7\u00e3o Getulio Vargas (FGV), Alberto Ajzental.<\/p>\n\n\n\n<p>Entre os vil\u00f5es, segundo ele, est\u00e3o a alta dos juros &#8211; que se reflete no financiamento imobili\u00e1rio &#8211; e tamb\u00e9m a infla\u00e7\u00e3o em geral. &#8220;Vimos uma infla\u00e7\u00e3o alta no Pa\u00eds, mas os sal\u00e1rios n\u00e3o subiram da mesma forma. E a taxa de juros do financiamento n\u00e3o deve cair t\u00e3o cedo. A sa\u00edda para o consumidor vai ser escolher um im\u00f3vel menor ou em \u00e1rea mais distante&#8221;, diz o especialista da FGV.<\/p>\n\n\n\n<p>H\u00e1 tamb\u00e9m o peso das incertezas sobre os rumos do pa\u00eds com a troca de governo. &#8220;O momento \u00e9 de precau\u00e7\u00e3o&#8221;, disse Alison Pablo Oliveira, coordenador da pesquisa de pre\u00e7os de im\u00f3veis da Funda\u00e7\u00e3o Instituto de Pesquisas Econ\u00f4micas (Fipe). &#8220;No frigir dos ovos, a perspectiva \u00e9 de alguma estabilidade nos pre\u00e7os, em linha com a infla\u00e7\u00e3o. N\u00e3o esperamos um mercado muito pujante.&#8221;<\/p>\n\n\n\n<p>Dados da Associa\u00e7\u00e3o Brasileira das Entidades de Cr\u00e9dito Imobili\u00e1rio e <a href=\"https:\/\/investnews.com.br\/guias\/poupanca-como-funciona-quanto-rende\/\">Poupan\u00e7a<\/a> (Abecip), baseados nos laudos de avalia\u00e7\u00e3o de im\u00f3veis novos e usados comercializados com financiamento banc\u00e1rio, mostram alta m\u00e9dia de pre\u00e7os de 14,7% nos 12 meses encerrados em outubro, em dez capitais.<\/p>\n\n\n\n<p>Outra pesquisa aponta um crescimento mais brando, de 6,34% no mesmo per\u00edodo, mas tamb\u00e9m superando a infla\u00e7\u00e3o de 5,9% medida pelo <a href=\"https:\/\/investnews.com.br\/guias\/o-que-e-ipca\/\">IPCA<\/a>. Esse levantamento \u00e9 da Fipe a partir dos an\u00fancios de im\u00f3veis predominantemente usados. A base abrange 50 cidades. A pesquisa da Fipe costuma ter oscila\u00e7\u00e3o menor porque os im\u00f3veis usados s\u00e3o reajustados em ritmo mais lento. J\u00e1 unidades na planta, em obras ou rec\u00e9m-constru\u00eddas recebem repasse autom\u00e1tico de custos das construtoras.<\/p>\n\n\n\n<h2 class=\"wp-block-heading\"><strong>M<\/strong>argens<\/h2>\n\n\n\n<p>Apesar do desempenho de 2022, o <strong>mercado diz estar com margens espremidas<\/strong>. &#8220;O mercado n\u00e3o conseguiu repassar aos pre\u00e7os de forma t\u00e3o abrupta o aumento do custo dos insumos nos \u00faltimos trimestres&#8221;, disse o presidente do Sindicato da Habita\u00e7\u00e3o (Secovi-SP), Rodrigo Luna. &#8220;As empresas ainda t\u00eam necessidade de buscar a recomposi\u00e7\u00e3o.&#8221;<\/p>\n\n\n\n<p>De toda forma, o desempenho do setor n\u00e3o pode ser considerado ruim. &#8220;Os pre\u00e7os das resid\u00eancias continuam a apresentar evolu\u00e7\u00e3o positiva. H\u00e1 pouco espa\u00e7o para que a tend\u00eancia se esgote no curto e m\u00e9dio prazo, j\u00e1 que os custos de reposi\u00e7\u00e3o est\u00e3o em alta mesmo com a desacelera\u00e7\u00e3o da infla\u00e7\u00e3o&#8221;, disse o analista do Bradesco BBI, Bruno Mendon\u00e7a. S\u00f3 quando o limite de poder de compra do consumidor for atingido \u00e9 que os pre\u00e7os devem come\u00e7ar a baixar, diz o analista.<\/p>\n","protected":false},"excerpt":{"rendered":"<p>Vis\u00e3o de analistas e empres\u00e1rios \u00e9 de que os pre\u00e7os devem subir no ritmo da infla\u00e7\u00e3o.<\/p>\n","protected":false},"author":62,"featured_media":319717,"comment_status":"closed","ping_status":"open","sticky":false,"template":"","format":"standard","meta":{"_acf_changed":false,"inline_featured_image":false,"footnotes":""},"categories":[5],"tags":[52],"autor-wsj":[],"coauthors":[2499],"class_list":["post-410156","post","type-post","status-publish","format-standard","has-post-thumbnail","hentry","category-economia","tag-inflacao"],"acf":[],"amp_enabled":true,"_links":{"self":[{"href":"https:\/\/investnews.com.br\/inv-api\/wp\/v2\/posts\/410156","targetHints":{"allow":["GET"]}}],"collection":[{"href":"https:\/\/investnews.com.br\/inv-api\/wp\/v2\/posts"}],"about":[{"href":"https:\/\/investnews.com.br\/inv-api\/wp\/v2\/types\/post"}],"author":[{"embeddable":true,"href":"https:\/\/investnews.com.br\/inv-api\/wp\/v2\/users\/62"}],"replies":[{"embeddable":true,"href":"https:\/\/investnews.com.br\/inv-api\/wp\/v2\/comments?post=410156"}],"version-history":[{"count":3,"href":"https:\/\/investnews.com.br\/inv-api\/wp\/v2\/posts\/410156\/revisions"}],"predecessor-version":[{"id":410167,"href":"https:\/\/investnews.com.br\/inv-api\/wp\/v2\/posts\/410156\/revisions\/410167"}],"wp:featuredmedia":[{"embeddable":true,"href":"https:\/\/investnews.com.br\/inv-api\/wp\/v2\/media\/319717"}],"wp:attachment":[{"href":"https:\/\/investnews.com.br\/inv-api\/wp\/v2\/media?parent=410156"}],"wp:term":[{"taxonomy":"category","embeddable":true,"href":"https:\/\/investnews.com.br\/inv-api\/wp\/v2\/categories?post=410156"},{"taxonomy":"post_tag","embeddable":true,"href":"https:\/\/investnews.com.br\/inv-api\/wp\/v2\/tags?post=410156"},{"taxonomy":"autor-wsj","embeddable":true,"href":"https:\/\/investnews.com.br\/inv-api\/wp\/v2\/autor-wsj?post=410156"},{"taxonomy":"author","embeddable":true,"href":"https:\/\/investnews.com.br\/inv-api\/wp\/v2\/coauthors?post=410156"}],"curies":[{"name":"wp","href":"https:\/\/api.w.org\/{rel}","templated":true}]}}