{"id":410843,"date":"2022-12-27T21:10:43","date_gmt":"2022-12-28T00:10:43","guid":{"rendered":"https:\/\/investnews.com.br\/?p=410843"},"modified":"2022-12-27T21:10:45","modified_gmt":"2022-12-28T00:10:45","slug":"haddad-pediu-que-atual-governo-nao-estenda-desoneracao-sobre-combustiveis","status":"publish","type":"post","link":"https:\/\/investnews.com.br\/economia\/haddad-pediu-que-atual-governo-nao-estenda-desoneracao-sobre-combustiveis\/","title":{"rendered":"Haddad pediu que atual governo n\u00e3o estenda desonera\u00e7\u00e3o sobre combust\u00edveis"},"content":{"rendered":"\n<p>O futuro ministro da Fazenda, <strong>Fernando Haddad<\/strong>, pediu ao atual governo que n\u00e3o prorrogue a desonera\u00e7\u00e3o de impostos cobrados sobre combust\u00edveis, a partir de um desejo do presidente eleito <strong>Luiz In\u00e1cio Lula da Silva <\/strong>(PT). A informa\u00e7\u00e3o foi confirmada pela assessoria da equipe econ\u00f4mica do governo eleito.<\/p>\n\n\n\n<p>Desde cedo, circulam informa\u00e7\u00f5es de que a isen\u00e7\u00e3o determinada pelo governo de Jair Bolsonaro <a href=\"https:\/\/investnews.com.br\/economia\/governo-decide-prorrogar-desoneracao-federal-de-combustiveis-diz-reuters\/\">poderia ser mantida por pelo menos 30 dias<\/a>. A princ\u00edpio, a medida ter\u00e1 validade at\u00e9 31 de dezembro.<\/p>\n\n\n\n<p>O pedido foi feito \u00e0 equipe do atual governo ap\u00f3s conversas de Haddad com o presidente diplomado. A solicita\u00e7\u00e3o pela n\u00e3o prorroga\u00e7\u00e3o n\u00e3o significa que a administra\u00e7\u00e3o de Lula descarte a <strong>desonera\u00e7\u00e3o dos combust\u00edveis em 2023.<\/strong><\/p>\n\n\n\n<p>A avalia\u00e7\u00e3o \u00e9 de que a isen\u00e7\u00e3o deve valer at\u00e9 o per\u00edodo previsto inicialmente e que uma an\u00e1lise do cen\u00e1rio seja feita ap\u00f3s a posse do governo eleito, para que uma nova decis\u00e3o possa ser tomada.<\/p>\n\n\n\n<p>O governo atual ainda n\u00e3o retornou \u00e0 equipe econ\u00f4mica se aceitar\u00e1 o pedido de Haddad e Lula, mas ao levar o pleito, o futuro ministro afirmou que conta com a compreens\u00e3o da equipe de Jair Bolsonaro.<\/p>\n","protected":false},"excerpt":{"rendered":"<p>A solicita\u00e7\u00e3o pela n\u00e3o prorroga\u00e7\u00e3o n\u00e3o significa que a administra\u00e7\u00e3o de Lula descarte a desonera\u00e7\u00e3o dos combust\u00edveis em 2023.<\/p>\n","protected":false},"author":62,"featured_media":346318,"comment_status":"closed","ping_status":"open","sticky":false,"template":"","format":"standard","meta":{"_acf_changed":false,"inline_featured_image":false,"footnotes":""},"categories":[5],"tags":[653,101620,2370],"autor-wsj":[],"coauthors":[2499],"class_list":["post-410843","post","type-post","status-publish","format-standard","has-post-thumbnail","hentry","category-economia","tag-combustiveis","tag-fernando-haddad","tag-luiz-inacio-lula-da-silva"],"acf":[],"amp_enabled":true,"_links":{"self":[{"href":"https:\/\/investnews.com.br\/inv-api\/wp\/v2\/posts\/410843","targetHints":{"allow":["GET"]}}],"collection":[{"href":"https:\/\/investnews.com.br\/inv-api\/wp\/v2\/posts"}],"about":[{"href":"https:\/\/investnews.com.br\/inv-api\/wp\/v2\/types\/post"}],"author":[{"embeddable":true,"href":"https:\/\/investnews.com.br\/inv-api\/wp\/v2\/users\/62"}],"replies":[{"embeddable":true,"href":"https:\/\/investnews.com.br\/inv-api\/wp\/v2\/comments?post=410843"}],"version-history":[{"count":2,"href":"https:\/\/investnews.com.br\/inv-api\/wp\/v2\/posts\/410843\/revisions"}],"predecessor-version":[{"id":410845,"href":"https:\/\/investnews.com.br\/inv-api\/wp\/v2\/posts\/410843\/revisions\/410845"}],"wp:featuredmedia":[{"embeddable":true,"href":"https:\/\/investnews.com.br\/inv-api\/wp\/v2\/media\/346318"}],"wp:attachment":[{"href":"https:\/\/investnews.com.br\/inv-api\/wp\/v2\/media?parent=410843"}],"wp:term":[{"taxonomy":"category","embeddable":true,"href":"https:\/\/investnews.com.br\/inv-api\/wp\/v2\/categories?post=410843"},{"taxonomy":"post_tag","embeddable":true,"href":"https:\/\/investnews.com.br\/inv-api\/wp\/v2\/tags?post=410843"},{"taxonomy":"autor-wsj","embeddable":true,"href":"https:\/\/investnews.com.br\/inv-api\/wp\/v2\/autor-wsj?post=410843"},{"taxonomy":"author","embeddable":true,"href":"https:\/\/investnews.com.br\/inv-api\/wp\/v2\/coauthors?post=410843"}],"curies":[{"name":"wp","href":"https:\/\/api.w.org\/{rel}","templated":true}]}}