{"id":410875,"date":"2022-12-28T09:50:47","date_gmt":"2022-12-28T12:50:47","guid":{"rendered":"https:\/\/investnews.com.br\/?p=410875"},"modified":"2022-12-28T09:51:07","modified_gmt":"2022-12-28T12:51:07","slug":"haddad-indica-resposta-positiva-sobre-fim-da-desoneracao-de-combustiveis","status":"publish","type":"post","link":"https:\/\/investnews.com.br\/economia\/haddad-indica-resposta-positiva-sobre-fim-da-desoneracao-de-combustiveis\/","title":{"rendered":"Haddad indica resposta positiva sobre fim da desonera\u00e7\u00e3o de combust\u00edveis"},"content":{"rendered":"\n<p>O futuro ministro da Fazenda, <a href=\"https:\/\/investnews.com.br\/economia\/haddad-conheca-quem-e-o-ministro-da-fazenda-do-governo-lula\/\">Fernando Haddad<\/a>, pediu ao atual governo que deixe vencer no dia 31 de dezembro a <a href=\"https:\/\/investnews.com.br\/economia\/haddad-pediu-que-atual-governo-nao-estenda-desoneracao-sobre-combustiveis\/\">desonera\u00e7\u00e3o de impostos federais sobre combust\u00edveis<\/a>, e indicou ter tido uma resposta positiva do atual ministro da Economia, <strong>Paulo Guedes<\/strong>.<\/p>\n\n\n\n<p>Haddad argumentou que n\u00e3o \u00e9 preciso tomar decis\u00f5es &#8220;a\u00e7odadas&#8221; que venham impactar a futura administra\u00e7\u00e3o de Luiz In\u00e1cio Lula da Silva.<\/p>\n\n\n\n<p>Se aceitar o pedido de Haddad, a tributa\u00e7\u00e3o, que foi reduzida para mitigar impactos da alta da cota\u00e7\u00e3o do petr\u00f3leo sobre a infla\u00e7\u00e3o, ser\u00e1 retomada em janeiro.<\/p>\n\n\n\n<p>&#8220;O que eu pedi (ao ministro Paulo Guedes) foi o gen\u00e9rico. Se abster de tomar medidas que impactem o futuro governo para que n\u00f3s tenhamos tempo necess\u00e1rio para avaliar as outras vari\u00e1veis que, somadas, v\u00e3o indicar o caminho que vamos seguir&#8221;, disse Haddad a jornalistas.<\/p>\n\n\n\n<p>&#8220;A resposta&#8221;, segundo o futuro ministro, &#8220;tamb\u00e9m foi gen\u00e9rica: vamos nos abster&#8221;.<\/p>\n\n\n\n<p>&#8220;\u00c9 um pedido que eu fiz ao ministro Guedes, por telefone, de que eu e o presidente Lula entend\u00edamos que o governo atual justamente agora deveria se abster de medidas que fossem impactar o curso dos acontecimentos para o futuro&#8221;, acrescentou.<\/p>\n\n\n\n<figure class=\"wp-block-image size-large\"><img loading=\"lazy\" decoding=\"async\" width=\"1024\" height=\"686\" src=\"https:\/\/media.investnews.com.br\/uploads\/2022\/12\/2022-12-27T212359Z_1_LYNXMPEIBQ0FY_RTROPTP_4_BRAZIL-ECONOMY-INFLATION-1024x686.jpg\" alt=\"\" class=\"wp-image-410874\" srcset=\"https:\/\/media.investnews.com.br\/uploads\/2022\/12\/2022-12-27T212359Z_1_LYNXMPEIBQ0FY_RTROPTP_4_BRAZIL-ECONOMY-INFLATION-1024x686.jpg 1024w, https:\/\/media.investnews.com.br\/uploads\/2022\/12\/2022-12-27T212359Z_1_LYNXMPEIBQ0FY_RTROPTP_4_BRAZIL-ECONOMY-INFLATION-300x201.jpg 300w, https:\/\/media.investnews.com.br\/uploads\/2022\/12\/2022-12-27T212359Z_1_LYNXMPEIBQ0FY_RTROPTP_4_BRAZIL-ECONOMY-INFLATION-768x514.jpg 768w, https:\/\/media.investnews.com.br\/uploads\/2022\/12\/2022-12-27T212359Z_1_LYNXMPEIBQ0FY_RTROPTP_4_BRAZIL-ECONOMY-INFLATION-1536x1028.jpg 1536w, https:\/\/media.investnews.com.br\/uploads\/2022\/12\/2022-12-27T212359Z_1_LYNXMPEIBQ0FY_RTROPTP_4_BRAZIL-ECONOMY-INFLATION-1256x841.jpg 1256w, https:\/\/media.investnews.com.br\/uploads\/2022\/12\/2022-12-27T212359Z_1_LYNXMPEIBQ0FY_RTROPTP_4_BRAZIL-ECONOMY-INFLATION-172x115.jpg 172w, https:\/\/media.investnews.com.br\/uploads\/2022\/12\/2022-12-27T212359Z_1_LYNXMPEIBQ0FY_RTROPTP_4_BRAZIL-ECONOMY-INFLATION-150x100.jpg 150w, https:\/\/media.investnews.com.br\/uploads\/2022\/12\/2022-12-27T212359Z_1_LYNXMPEIBQ0FY_RTROPTP_4_BRAZIL-ECONOMY-INFLATION.jpg 2048w\" sizes=\"auto, (max-width: 1024px) 100vw, 1024px\" \/><figcaption class=\"wp-element-caption\">09\/09\/2021\nREUTERS\/Pilar Olivares<\/figcaption><\/figure>\n\n\n\n<p>Mais cedo, uma fonte do governo com participa\u00e7\u00e3o nas negocia\u00e7\u00f5es disse \u00e0 Reuters que o <a href=\"https:\/\/investnews.com.br\/economia\/governo-bolsonaro-sugere-nova-regra-fiscal\/\">governo Bolsonaro<\/a> decidira autorizar uma prorroga\u00e7\u00e3o de 30 dias para a desonera\u00e7\u00e3o sobre combust\u00edveis. A medida daria tempo para o governo eleito decidir o que fazer nessa \u00e1rea ap\u00f3s a posse.<\/p>\n\n\n\n<p>A prorroga\u00e7\u00e3o da desonera\u00e7\u00e3o significaria que a gasolina continuaria mais competitiva do que o etanol, levando as usinas a focar na produ\u00e7\u00e3o de a\u00e7\u00facar na pr\u00f3xima safra.<\/p>\n\n\n\n<p>O Or\u00e7amento de 2023, aprovado pelo Congresso na semana passada, prev\u00ea a manuten\u00e7\u00e3o da desonera\u00e7\u00e3o no pr\u00f3ximo ano, a um custo de R$ 52,9 bilh\u00f5espara os 12 meses. Desse total, a ren\u00fancia de arrecada\u00e7\u00e3o \u00e9 estimada em R$ 34,3 bilh\u00f5es para a redu\u00e7\u00e3o de PIS\/Cofins e Cide de gasolina, etanol e g\u00e1s veicular e em R$ 18,6 bilh\u00f5es para o corte de PIS\/Cofins sobre diesel, biodiesel, g\u00e1s liquefeito e querosene de avia\u00e7\u00e3o.<\/p>\n\n\n\n<p>Portanto, a reonera\u00e7\u00e3o desses insumos tende a gerar um ganho de receitas do governo federal e melhora no resultado prim\u00e1rio.<\/p>\n\n\n\n<p>O corte de tributos sobre combust\u00edveis deu significativa contribui\u00e7\u00e3o para o arrefecimento da infla\u00e7\u00e3o neste ano, com o <a href=\"https:\/\/investnews.com.br\/tag\/ipca\/\">IPCA<\/a> registrando inclusive defla\u00e7\u00f5es mensais. O BC monitora o tema, que pode impactar nas decis\u00f5es de pol\u00edtica monet\u00e1ria.<\/p>\n\n\n\n<p>A desonera\u00e7\u00e3o j\u00e1 enfrentou resist\u00eancias dentro do pr\u00f3prio governo. Antes de sua ado\u00e7\u00e3o, membros da equipe econ\u00f4mica chegaram a afirmar que a desonera\u00e7\u00e3o para a gasolina seria negativa porque traria benef\u00edcios principalmente a fam\u00edlias de renda m\u00e9dia e alta.<\/p>\n\n\n\n<p>Na equipe de transi\u00e7\u00e3o de governo, o ex-ministro Nelson Barbosa, um dos coordenadores do grupo t\u00e9cnico de economia, disse concordar que o governo n\u00e3o deve subsidiar combust\u00edveis f\u00f3sseis indefinidamente, mas argumentou que seria preciso avaliar o momento e a velocidade do retorno da tributa\u00e7\u00e3o sobre esses insumos.<\/p>\n","protected":false},"excerpt":{"rendered":"<p>Futuro ministro da Fazenda pediu ao atual governo que deixe vencer a desonera\u00e7\u00e3o de impostos federais sobre combust\u00edveis.<\/p>\n","protected":false},"author":61,"featured_media":410874,"comment_status":"closed","ping_status":"open","sticky":false,"template":"","format":"standard","meta":{"_acf_changed":false,"inline_featured_image":false,"footnotes":""},"categories":[5],"tags":[653,101620,2370],"autor-wsj":[],"coauthors":[2494],"class_list":["post-410875","post","type-post","status-publish","format-standard","has-post-thumbnail","hentry","category-economia","tag-combustiveis","tag-fernando-haddad","tag-luiz-inacio-lula-da-silva"],"acf":[],"amp_enabled":true,"_links":{"self":[{"href":"https:\/\/investnews.com.br\/inv-api\/wp\/v2\/posts\/410875","targetHints":{"allow":["GET"]}}],"collection":[{"href":"https:\/\/investnews.com.br\/inv-api\/wp\/v2\/posts"}],"about":[{"href":"https:\/\/investnews.com.br\/inv-api\/wp\/v2\/types\/post"}],"author":[{"embeddable":true,"href":"https:\/\/investnews.com.br\/inv-api\/wp\/v2\/users\/61"}],"replies":[{"embeddable":true,"href":"https:\/\/investnews.com.br\/inv-api\/wp\/v2\/comments?post=410875"}],"version-history":[{"count":4,"href":"https:\/\/investnews.com.br\/inv-api\/wp\/v2\/posts\/410875\/revisions"}],"predecessor-version":[{"id":410880,"href":"https:\/\/investnews.com.br\/inv-api\/wp\/v2\/posts\/410875\/revisions\/410880"}],"wp:featuredmedia":[{"embeddable":true,"href":"https:\/\/investnews.com.br\/inv-api\/wp\/v2\/media\/410874"}],"wp:attachment":[{"href":"https:\/\/investnews.com.br\/inv-api\/wp\/v2\/media?parent=410875"}],"wp:term":[{"taxonomy":"category","embeddable":true,"href":"https:\/\/investnews.com.br\/inv-api\/wp\/v2\/categories?post=410875"},{"taxonomy":"post_tag","embeddable":true,"href":"https:\/\/investnews.com.br\/inv-api\/wp\/v2\/tags?post=410875"},{"taxonomy":"autor-wsj","embeddable":true,"href":"https:\/\/investnews.com.br\/inv-api\/wp\/v2\/autor-wsj?post=410875"},{"taxonomy":"author","embeddable":true,"href":"https:\/\/investnews.com.br\/inv-api\/wp\/v2\/coauthors?post=410875"}],"curies":[{"name":"wp","href":"https:\/\/api.w.org\/{rel}","templated":true}]}}