{"id":413458,"date":"2023-01-03T13:23:56","date_gmt":"2023-01-03T16:23:56","guid":{"rendered":"https:\/\/investnews.com.br\/?p=413458"},"modified":"2023-01-03T19:01:54","modified_gmt":"2023-01-03T22:01:54","slug":"acao-da-qualicorp-chega-a-disparar-mais-de-20-apos-troca-de-comando","status":"publish","type":"post","link":"https:\/\/investnews.com.br\/financas\/acao-da-qualicorp-chega-a-disparar-mais-de-20-apos-troca-de-comando\/","title":{"rendered":"A\u00e7\u00e3o da Qualicorp fecha em alta de 7,6% ap\u00f3s troca de comando"},"content":{"rendered":"\n<p>As a\u00e7\u00f5es da<strong> Qualicorp<\/strong> (<a href=\"https:\/\/investnews.com.br\/cotacao\/qual3-qualicorp\/\">QUAL3<\/a>) fecharam em forte alta nesta ter\u00e7a-feira (3), ap\u00f3s chegarem a subir mais de 20% na m\u00e1xima do preg\u00e3o, a R$ 6,68. No fechamento, <strong>avan\u00e7aram 7,61%, a R$ 5,94.<\/strong><\/p>\n\n\n\n<p>O avan\u00e7o veio na esteira da not\u00edcia sobre a troca de comando da companhia. Ap\u00f3s a <strong>ren\u00fancia de Bruno Blatt<\/strong> ao cargo de diretor presidente, o conselho de administra\u00e7\u00e3o elegeu <strong>Elton Hugo Carluci<\/strong>, atual diretor comercial, de inova\u00e7\u00e3o e novos neg\u00f3cios, para seu lugar.<\/p>\n\n\n\n<p>A Qualicorp tamb\u00e9m comunicou ao mercado altera\u00e7\u00f5es incluindo a ren\u00fancia de Her\u00e1clito de Brito Gomes J\u00fanior, presidente do conselho de administra\u00e7\u00e3o; Mauro Teixeira Sampaio e Martha Maria Soares Savedra, membros do conselho.<\/p>\n\n\n\n<p>Al\u00e9m disso, a <strong>Rede D&#8217;Or<\/strong> (<a href=\"https:\/\/investnews.com.br\/cotacao\/rdor3-rede-dor\/\">RDOR3<\/a>)<a href=\"https:\/\/investnews.com.br\/negocios\/rede-dor-transfere-gestao-de-1985-das-acoes-da-qualicorp\/\"> anunciou que vai transferir a gest\u00e3o<\/a> da maior parte de sua participa\u00e7\u00e3o na Qualicorp \u00e0 gestora independente Prisma Capital por seis anos. <\/p>\n\n\n\n<p>Com isso, a Qualicorp far\u00e1 parte de uma nova sociedade denominada \u201cPrismaQuali Gest\u00e3o Ativa\u201d. O restante da participa\u00e7\u00e3o de longo prazo da Rede D\u2019Or na Qualicorp, que equivale a cerca de 6% do seu capital social, permanecer\u00e1 sob responsabilidade da propriet\u00e1ria. A&nbsp;<strong>Rede D\u2019Or<\/strong> tem uma fatia de cerca de 29% na&nbsp;<strong>Qualicorp<\/strong>.<\/p>\n\n\n\n<p>Em relat\u00f3rio, a Genial Investimentos apontou que as mudan\u00e7as podem ter como objetivo &#8220;cumprir com as <strong>exig\u00eancias estabelecidas pela ANS<\/strong> para aprova\u00e7\u00e3o da <strong>fus\u00e3o com Sul Am\u00e9rica<\/strong> (<a href=\"https:\/\/investnews.com.br\/cotacao\/sula11-sul-america\/\">SULA11<\/a>)&#8221;.<\/p>\n\n\n\n<p><em>(com informa\u00e7\u00f5es da Reuters)<\/em><\/p>\n","protected":false},"excerpt":{"rendered":"<p>Al\u00e9m disso, Rede D&#8217;Or vai transferir a gest\u00e3o da maior parte de sua participa\u00e7\u00e3o na Qualicorp.<\/p>\n","protected":false},"author":7,"featured_media":238699,"comment_status":"closed","ping_status":"open","sticky":false,"template":"","format":"standard","meta":{"_acf_changed":false,"inline_featured_image":false,"footnotes":""},"categories":[4],"tags":[196,2170],"autor-wsj":[],"coauthors":[1494],"class_list":["post-413458","post","type-post","status-publish","format-standard","has-post-thumbnail","hentry","category-financas","tag-qualicorp","tag-rede-dor"],"acf":[],"amp_enabled":true,"_links":{"self":[{"href":"https:\/\/investnews.com.br\/inv-api\/wp\/v2\/posts\/413458","targetHints":{"allow":["GET"]}}],"collection":[{"href":"https:\/\/investnews.com.br\/inv-api\/wp\/v2\/posts"}],"about":[{"href":"https:\/\/investnews.com.br\/inv-api\/wp\/v2\/types\/post"}],"author":[{"embeddable":true,"href":"https:\/\/investnews.com.br\/inv-api\/wp\/v2\/users\/7"}],"replies":[{"embeddable":true,"href":"https:\/\/investnews.com.br\/inv-api\/wp\/v2\/comments?post=413458"}],"version-history":[{"count":15,"href":"https:\/\/investnews.com.br\/inv-api\/wp\/v2\/posts\/413458\/revisions"}],"predecessor-version":[{"id":413799,"href":"https:\/\/investnews.com.br\/inv-api\/wp\/v2\/posts\/413458\/revisions\/413799"}],"wp:featuredmedia":[{"embeddable":true,"href":"https:\/\/investnews.com.br\/inv-api\/wp\/v2\/media\/238699"}],"wp:attachment":[{"href":"https:\/\/investnews.com.br\/inv-api\/wp\/v2\/media?parent=413458"}],"wp:term":[{"taxonomy":"category","embeddable":true,"href":"https:\/\/investnews.com.br\/inv-api\/wp\/v2\/categories?post=413458"},{"taxonomy":"post_tag","embeddable":true,"href":"https:\/\/investnews.com.br\/inv-api\/wp\/v2\/tags?post=413458"},{"taxonomy":"autor-wsj","embeddable":true,"href":"https:\/\/investnews.com.br\/inv-api\/wp\/v2\/autor-wsj?post=413458"},{"taxonomy":"author","embeddable":true,"href":"https:\/\/investnews.com.br\/inv-api\/wp\/v2\/coauthors?post=413458"}],"curies":[{"name":"wp","href":"https:\/\/api.w.org\/{rel}","templated":true}]}}