{"id":413800,"date":"2023-01-03T19:10:27","date_gmt":"2023-01-03T22:10:27","guid":{"rendered":"https:\/\/investnews.com.br\/?p=413800"},"modified":"2023-01-03T19:12:58","modified_gmt":"2023-01-03T22:12:58","slug":"escolhido-para-petrobras-prates-prepara-resposta-sobre-atuacao-como-consultor","status":"publish","type":"post","link":"https:\/\/investnews.com.br\/economia\/escolhido-para-petrobras-prates-prepara-resposta-sobre-atuacao-como-consultor\/","title":{"rendered":"Escolhido para Petrobras, Prates responder\u00e1 sobre atua\u00e7\u00e3o como consultor"},"content":{"rendered":"\n<p>A participa\u00e7\u00e3o do senador <strong>Jean Paul Prates<\/strong> (PT-RN) em empresas de consultoria do setor de \u00f3leo e g\u00e1s ser\u00e1 analisada pelos comit\u00eas que avaliam curr\u00edculos de futuros executivos da <strong>Petrobras<\/strong> (<a href=\"https:\/\/investnews.com.br\/cotacao\/petr4-petroleo-brasileiro-petrobras\/\">PETR3; PETR4<\/a>), mas essa atua\u00e7\u00e3o pret\u00e9rita n\u00e3o \u00e9 vista como um empecilho para que o pol\u00edtico assuma o comando da petroleira, apontou \u00e0 Reuters a sua assessoria de imprensa.<\/p>\n\n\n\n<p>A <a href=\"https:\/\/investnews.com.br\/geral\/lula-anuncia-indicacao-de-jean-paul-prates-para-presidencia-da-petrobras\/\" data-type=\"post\" data-id=\"412369\">escolha do nome de Prates para presidir a Petrobras<\/a> foi confirmada pelo presidente Luiz In\u00e1cio Lula da Silva ainda em 2022.<\/p>\n\n\n\n<figure class=\"wp-block-image size-full\"><img loading=\"lazy\" decoding=\"async\" width=\"640\" height=\"427\" src=\"https:\/\/media.investnews.com.br\/uploads\/2022\/12\/prates2.jpg\" alt=\"Senador Jean Paul Prates (PT-RN)\" class=\"wp-image-412385\" srcset=\"https:\/\/media.investnews.com.br\/uploads\/2022\/12\/prates2.jpg 640w, https:\/\/media.investnews.com.br\/uploads\/2022\/12\/prates2-300x200.jpg 300w, https:\/\/media.investnews.com.br\/uploads\/2022\/12\/prates2-172x115.jpg 172w, https:\/\/media.investnews.com.br\/uploads\/2022\/12\/prates2-150x100.jpg 150w\" sizes=\"auto, (max-width: 640px) 100vw, 640px\" \/><figcaption class=\"wp-element-caption\">senador Jean Paul Prates (PT-RN). Cr\u00e9dito: Roque de S\u00e1\/Ag\u00eancia Senado<\/figcaption><\/figure>\n\n\n\n<p>No entanto, seu nome ainda precisa ser oficialmente encaminhado \u00e0 petroleira pelo governo, e o senador ter\u00e1 que passar por testes de integridade e elegibilidade dentro da estatal, antes que possa assumir o posto.<\/p>\n\n\n\n<h2 class=\"wp-block-heading\">Experi\u00eancia em consultoria<\/h2>\n\n\n\n<p>Com mais de 25 anos de trabalho nas \u00e1reas de petr\u00f3leo, g\u00e1s natural, biocombust\u00edveis, energia renov\u00e1vel e recursos naturais, Prates chegou a fundar em 1991 uma consultoria pioneira especializada em petr\u00f3leo, chegando a ter 120 consultores associados, segundo curr\u00edculo publicado anteriormente.<\/p>\n\n\n\n<p>O senador tamb\u00e9m participou de outras empresas com esse fim. No entanto, atualmente, as empresas das quais Prates participou &#8220;encontram-se desativadas h\u00e1 v\u00e1rios anos ou ele j\u00e1 se desligou delas tamb\u00e9m h\u00e1 alguns anos&#8221;, segundo a assessoria de imprensa do senador.<\/p>\n\n\n\n<p>&#8220;N\u00e3o h\u00e1 nada que impe\u00e7a algu\u00e9m de uma empresa do setor de exercer um cargo de gest\u00e3o na Petrobras, desde que se desligue (ou j\u00e1 esteja desligado) dessa empresa&#8221;, disse a assessoria.<\/p>\n\n\n\n<p>O trabalho de consultoria em petr\u00f3leo e energia foi citado com um dos fatores que levaram o consultor Adriano Pires a declinar de um convite para assumir a presid\u00eancia da Petrobras no ano passado.<\/p>\n\n\n\n<h2 class=\"wp-block-heading\">Empecilho para assumir o cargo?<\/h2>\n\n\n\n<p>O site chamado O Bastidor publicou na v\u00e9spera que Prates seria s\u00f3cio de diversas empresas do setor de consultoria de \u00f3leo e g\u00e1s, por meio de <a href=\"https:\/\/investnews.com.br\/guias\/holding\/\">holding<\/a>, e que isso seria um empecilho para ele assumir a presid\u00eancia da petroleira.<\/p>\n\n\n\n<p>O senador \u00e9 s\u00f3cio da Singleton Participa\u00e7\u00f5es Imobili\u00e1rias, que foi criada para gerir alguns im\u00f3veis e participa\u00e7\u00f5es em empresas.<\/p>\n\n\n\n<p>Segundo a assessoria, a atua\u00e7\u00e3o do senador nessa holding visou justamente facilitar a sua sa\u00edda ou desligamento da administra\u00e7\u00e3o das empresas quando ocupou, por duas vezes n\u00e3o consecutivas, Secretaria de Estado no Rio Grande do Norte.<\/p>\n\n\n\n<p>&#8220;Os contadores recomendaram fazer isso para facilitar a sa\u00edda (sai-se da gest\u00e3o da holding e automaticamente de todas as empresas, ao inv\u00e9s de ter que alterar v\u00e1rios contratos sociais)&#8221;, afirmou.<\/p>\n\n\n\n<p>A participa\u00e7\u00e3o de Prates no setor privado se soma a discuss\u00f5es em curso sobre se a escolha de seu nome poderia ser reprovada pela petroleira devido a poss\u00edveis exig\u00eancias contidas atualmente na Lei das Estatais.<\/p>\n\n\n\n<p>O senador disse, logo ap\u00f3s ser indicado formalmente pelo presidente Lula, que est\u00e1 &#8220;totalmente tranquilo em rela\u00e7\u00e3o \u00e0 Lei das Estatais&#8221;.<\/p>\n\n\n\n<p>Segundo ele, a sua candidatura \u00e0 Prefeitura de Natal, em 2020, n\u00e3o \u00e9 uma barreira para ele vir a assumir a dire\u00e7\u00e3o da Petrobras, porque n\u00e3o h\u00e1 na Lei das Estatais qualquer artigo que impe\u00e7a candidatos de ocuparem cargos de dire\u00e7\u00e3o em empresas do Estado.<\/p>\n\n\n\n<p>&#8220;A lei n\u00e3o onera os candidatos, a lei fala de trabalho remunerado em campanha&#8230;&#8221;, disse Prates, ressaltando que ele tamb\u00e9m n\u00e3o recebeu nada pelas sugest\u00f5es feitas ao programa de governo de Lula.<\/p>\n\n\n\n<p>&#8220;No meu caso, n\u00e3o trabalhei em campanha&#8221;, resumiu, destacando o que o fato de ter participado do programa de governo n\u00e3o implica em nenhuma rela\u00e7\u00e3o financeira ou participa\u00e7\u00e3o em estrutura decis\u00f3ria de campanha.<\/p>\n","protected":false},"excerpt":{"rendered":"<p>Atua\u00e7\u00e3o n\u00e3o \u00e9 vista como empecilho para pol\u00edtico assumir petroleira, apontou sua assessoria de imprensa.<\/p>\n","protected":false},"author":61,"featured_media":412385,"comment_status":"closed","ping_status":"open","sticky":false,"template":"","format":"standard","meta":{"_acf_changed":false,"inline_featured_image":false,"footnotes":""},"categories":[5],"tags":[653,21],"autor-wsj":[],"coauthors":[2494],"class_list":["post-413800","post","type-post","status-publish","format-standard","has-post-thumbnail","hentry","category-economia","tag-combustiveis","tag-petrobras"],"acf":[],"amp_enabled":true,"_links":{"self":[{"href":"https:\/\/investnews.com.br\/inv-api\/wp\/v2\/posts\/413800","targetHints":{"allow":["GET"]}}],"collection":[{"href":"https:\/\/investnews.com.br\/inv-api\/wp\/v2\/posts"}],"about":[{"href":"https:\/\/investnews.com.br\/inv-api\/wp\/v2\/types\/post"}],"author":[{"embeddable":true,"href":"https:\/\/investnews.com.br\/inv-api\/wp\/v2\/users\/61"}],"replies":[{"embeddable":true,"href":"https:\/\/investnews.com.br\/inv-api\/wp\/v2\/comments?post=413800"}],"version-history":[{"count":6,"href":"https:\/\/investnews.com.br\/inv-api\/wp\/v2\/posts\/413800\/revisions"}],"predecessor-version":[{"id":413806,"href":"https:\/\/investnews.com.br\/inv-api\/wp\/v2\/posts\/413800\/revisions\/413806"}],"wp:featuredmedia":[{"embeddable":true,"href":"https:\/\/investnews.com.br\/inv-api\/wp\/v2\/media\/412385"}],"wp:attachment":[{"href":"https:\/\/investnews.com.br\/inv-api\/wp\/v2\/media?parent=413800"}],"wp:term":[{"taxonomy":"category","embeddable":true,"href":"https:\/\/investnews.com.br\/inv-api\/wp\/v2\/categories?post=413800"},{"taxonomy":"post_tag","embeddable":true,"href":"https:\/\/investnews.com.br\/inv-api\/wp\/v2\/tags?post=413800"},{"taxonomy":"autor-wsj","embeddable":true,"href":"https:\/\/investnews.com.br\/inv-api\/wp\/v2\/autor-wsj?post=413800"},{"taxonomy":"author","embeddable":true,"href":"https:\/\/investnews.com.br\/inv-api\/wp\/v2\/coauthors?post=413800"}],"curies":[{"name":"wp","href":"https:\/\/api.w.org\/{rel}","templated":true}]}}