{"id":414014,"date":"2023-01-04T10:25:18","date_gmt":"2023-01-04T13:25:18","guid":{"rendered":"https:\/\/investnews.com.br\/?p=414014"},"modified":"2023-01-04T19:44:07","modified_gmt":"2023-01-04T22:44:07","slug":"ibovespa-dolar-cotacao-04-01-2022-2","status":"publish","type":"post","link":"https:\/\/investnews.com.br\/financas\/ibovespa-dolar-cotacao-04-01-2022-2\/","title":{"rendered":"Ibovespa fecha em alta com al\u00edvio de temores sobre pre\u00e7os da Petrobras"},"content":{"rendered":"\n<p>O <strong>Ibovespa<\/strong> fechou em alta nesta quarta-feira (4) ap\u00f3s ganhar f\u00f4lego com impulso da a\u00e7\u00e3o da Petrobras (<a href=\"https:\/\/investnews.com.br\/cotacao\/petr3-petroleo-brasileiro-petrobras\/\">PETR3<\/a> e <a href=\"https:\/\/investnews.com.br\/cotacao\/petr4-petroleo-brasileiro-petrobras\/\">PETR4<\/a>) depois que o senador Jean Paul Prates (PT-RN), indicado pelo novo governo para o comandar a estatal, afirmou que n\u00e3o haver\u00e1 interven\u00e7\u00e3o nos pre\u00e7os dos combust\u00edveis. O\u00a0d\u00f3lar\u00a0fechou est\u00e1vel, em dia de divulga\u00e7\u00e3o da ata do Federal Reserve (<strong>Fed<\/strong>) e com investidores ajustando posi\u00e7\u00f5es ap\u00f3s salto recente da moeda.<\/p>\n\n\n\n<p>No dia, o Ibovespa avan\u00e7ou <strong>1,12%<\/strong>, aos <strong>105.334 pontos<\/strong>. J\u00e1 o d\u00f3lar subiu <strong>0,01%<\/strong>, negociado a <strong>R$ 5,4523<\/strong>.<\/p>\n\n\n\n<ul class=\"wp-block-list\">\n<li><em>Cota\u00e7\u00e3o do<\/em><a href=\"https:\/\/investnews.com.br\/cotacao\/\"><em> <\/em><em>Ibovespa hoje<\/em><\/a><\/li>\n\n\n\n<li><em>Cota\u00e7\u00e3o do<\/em><a href=\"https:\/\/investnews.com.br\/cotacao\/cambio\/\"><em> <\/em><em>d\u00f3lar hoje<\/em><\/a><\/li>\n\n\n\n<li><em>Cota\u00e7\u00e3o de<\/em><a href=\"https:\/\/investnews.com.br\/cotacao\/criptomoedas\/\"><em> criptomoedas hoje<\/em><\/a><\/li>\n<\/ul>\n\n\n\n<h2 class=\"wp-block-heading\">Fator Petrobras<\/h2>\n\n\n\n<figure class=\"wp-block-embed is-type-video is-provider-youtube wp-block-embed-youtube wp-embed-aspect-16-9 wp-has-aspect-ratio\"><div class=\"wp-block-embed__wrapper\">\n<iframe loading=\"lazy\" title=\"Pre\u00e7o dos combust\u00edveis n\u00e3o vai ter interven\u00e7\u00e3o, diz futuro CEO da Petrobras\" width=\"500\" height=\"281\" src=\"https:\/\/www.youtube.com\/embed\/Ch0cbg7Ti4g?start=8&#038;feature=oembed\" frameborder=\"0\" allow=\"accelerometer; autoplay; clipboard-write; encrypted-media; gyroscope; picture-in-picture; web-share\" referrerpolicy=\"strict-origin-when-cross-origin\" allowfullscreen><\/iframe>\n<\/div><\/figure>\n\n\n\n<p>A melhora da bolsa veio a reboque da recupera\u00e7\u00e3o das a\u00e7\u00f5es da Petrobras, na esteira das declara\u00e7\u00f5es de Prates. Seus coment\u00e1rios serviam como argumento para a melhora dos pap\u00e9is ap\u00f3s quedas seguidas e sensibilidade de agentes financeiros ao tema.<\/p>\n\n\n\n<p>Prates afirmou a jornalistas no Pal\u00e1cio do Planalto que n\u00e3o haver\u00e1 desvincula\u00e7\u00e3o dos pre\u00e7o internacional, tampouco interfer\u00eancia direta nos pre\u00e7os de combust\u00edveis. Ele acrescentou que a ideia \u00e9 desvincular pre\u00e7o de paridade de importa\u00e7\u00e3o (PPI), conforme sinalizado anteriormente pelo executivo.<\/p>\n\n\n\n<p>&#8220;A afirma\u00e7\u00e3o de Prates de que os pre\u00e7os ser\u00e3o de mercado com influ\u00eancia da oscila\u00e7\u00e3o internacional ao inv\u00e9s de um pre\u00e7o &#8216;abrasileirado&#8217; como sugerido anteriormente deu grande alivio ao pre\u00e7o das a\u00e7\u00f5es da Petrobras&#8217;, afirmou o diretor de investimentos da Reach Capital, Ricardo Campos. <\/p>\n\n\n\n<h2 class=\"wp-block-heading\">Reformas<\/h2>\n\n\n\n<p>Ainda no cen\u00e1rio interno, o mercado repercute declara\u00e7\u00f5es sobre <a href=\"https:\/\/investnews.com.br\/economia\/apos-lupi-falar-em-antirreforma-da-previdencia-rui-costa-nega-revisoes\/\">poss\u00edveis mudan\u00e7as na reforma da Previd\u00eancia.<\/a> &#8220;O notici\u00e1rio pol\u00edtico segue adicionando press\u00e3o no cen\u00e1rio dom\u00e9stico \u2013 com d\u00favidas na <strong>din\u00e2mica da d\u00edvida p\u00fablica<\/strong> nos pr\u00f3ximos anos e temores sobre eventual <strong>revoga\u00e7\u00e3o de leis e reformas<\/strong> \u2013 agora com a <strong>possibilidade de nova reforma na Previd\u00eancia<\/strong>&#8220;, destacou a XP Investimentos em nota a clientes.<\/p>\n\n\n\n<p>Mais cedo nesta quarta, repercutiu a fala do ministro da Casa Civil, <strong>Rui Costa, a jornalistas que o governo n\u00e3o est\u00e1 avaliando neste momento revis\u00e3o de reformas anteriores<\/strong>, incluindo a da Previd\u00eancia.<\/p>\n\n\n\n<p>Tamb\u00e9m nesta quarta, o vice-presidente da Rep\u00fablica, Geraldo Alckmin, assumiu o cargo de ministro do Desenvolvimento, Ind\u00fastria, Com\u00e9rcio e Servi\u00e7os e disse que a <strong>reforma tribut\u00e1ria<\/strong> \u00e9 fundamental \u00e0 reindustrializa\u00e7\u00e3o.<\/p>\n\n\n\n<p>\u201cO fortalecimento da nossa ind\u00fastria passa, invariavelmente, pela redu\u00e7\u00e3o do custo Brasil e pela melhoria do ambiente de neg\u00f3cios no pa\u00eds. Nesse contexto, a reforma tribut\u00e1ria \u00e9 fundamental&#8221;, disse Alckmin.<\/p>\n\n\n\n<p>Os coment\u00e1rios vieram um dia depois de o novo ministro da Previd\u00eancia, <strong>Carlos&nbsp;Lupi<\/strong>, ter criticado em seu discurso de posse o que chamou de <strong>&#8220;antirreforma&#8221; da Previd\u00eancia<\/strong> do governo Jair Bolsonaro, sinalizando que pode discutir mudan\u00e7as.<\/p>\n\n\n\n<h2 class=\"wp-block-heading\">Cen\u00e1rio externo: ata do Fed<\/h2>\n\n\n\n<p>O dia foi marcado ainda pela divulga\u00e7\u00e3o da ata da \u00faltima reuni\u00e3o do Federal Reserve (<strong>Fed<\/strong>). O documento mostrou que as autoridades presentes na reuni\u00e3o de 13 a 14 de dezembro concordaram que o Fed deveria diminuir o ritmo de seus aumentos, permitindo que os juros continuem a ser elevados para controlar a infla\u00e7\u00e3o, mas de maneira gradual para limitar riscos ao crescimento econ\u00f4mico.<\/p>\n\n\n\n<p>Com isso, h\u00e1 uma indica\u00e7\u00e3o de que pode haver redu\u00e7\u00e3o do ritmo de 0,25 ponto percentual a partir da reuni\u00e3o de 31 de janeiro a 1\u00ba de fevereiro, mas tamb\u00e9m ficou aberta a possibilidade de uma taxa &#8220;terminal&#8221; ainda maior do que o previsto se a infla\u00e7\u00e3o elevada persistir.<\/p>\n\n\n\n<p>O documento tamb\u00e9m enfatiza a explica\u00e7\u00e3o de que a decis\u00e3o de passar para movimentos menores de juros n\u00e3o deve ser interpretada pelos investidores ou pelo p\u00fablico em geral como um enfraquecimento de seu compromisso de trazer a infla\u00e7\u00e3o de volta \u00e0 meta de 2% do banco central.<\/p>\n\n\n\n<p>Beto Saadia, economista e s\u00f3cio da BRA-BS, lembra que o relat\u00f3rio mensal de empregos do Departamento de Trabalho que ser\u00e1 divulgado na sexta-feira (<a href=\"https:\/\/investnews.com.br\/financas\/payroll-o-que-e\/\">payroll<\/a>) ser\u00e1 um fator importante na pr\u00f3xima decis\u00e3o do Fed de fevereiro. <\/p>\n\n\n\n<p>&#8220;N\u00e3o importa como voc\u00ea analisa o mercado de trabalho, todos dados que a gente enxerga \u00e9 que eles est\u00e3o aquecidos. E a continuidade da press\u00e3o sobre sal\u00e1rio pode fazer a infla\u00e7\u00e3o voltar a acelerar at\u00e9 outros setores que j\u00e1 estava em processo de desaquecimento&#8221;, comenta o economista.<\/p>\n\n\n\n<h2 class=\"wp-block-heading\">Bolsas mundiais<\/h2>\n\n\n\n<h3 class=\"wp-block-heading\">Wall Street<\/h3>\n\n\n\n<p>O \u00edndice S&amp;P 500 encerrou em alta nesta quarta-feira na esteira da divulga\u00e7\u00e3o da ata da \u00faltima reuni\u00e3o do Fed.<\/p>\n\n\n\n<p>Segundo dados preliminares, o S&amp;P 500 ganhou 0,76%, para 3.853,39 pontos. O \u00edndice de tecnologia Nasdaq avan\u00e7ou 0,72%, para 10.461,95 pontos. O Dow Jones subiu 0,41%, para 33.271,30 pontos.<\/p>\n\n\n\n<p>Para Celso Pereira, diretor de Investimentos da Nomad, assumindo que os juros ficar\u00e3o levemente acima de 5% em 2023, &#8220;a previs\u00e3o para a bolsa de valores nos Estados Unidos \u00e9 de um ano fraco, que n\u00e3o devolver\u00e1 as perdas substanciais de 2022 (o \u00edndice S&amp;P 500 &#8211; principal \u00edndice de grandes empresas dos EUA &#8211; caiu 19,4% em 2022, pior ano desde 2008)&#8221;.<\/p>\n\n\n\n<h3 class=\"wp-block-heading\">Europa<\/h3>\n\n\n\n<p>As a\u00e7\u00f5es europeias fecharam em alta pela terceira sess\u00e3o consecutiva nesta quarta-feira, depois de leitura de infla\u00e7\u00e3o mais baixa da Fran\u00e7a e dados de atividade empresarial melhores do que o esperado impulsionarem o \u00e2nimo.<\/p>\n\n\n\n<p>O \u00edndice pan-europeu STOXX 600 fechou em alta de 1,38%, a 440,19 pontos, pairando pr\u00f3ximo \u00e0 m\u00e1xima em tr\u00eas semanas.<\/p>\n\n\n\n<p>Dados divulgados nesta quarta-feira mostraram que a atividade empresarial da zona do euro contraiu menos do que se pensava inicialmente, um indica\u00e7\u00e3o de que a recess\u00e3o do bloco pode n\u00e3o ser t\u00e3o profunda quanto se temia.<\/p>\n\n\n\n<ul class=\"wp-block-list\">\n<li>Em LONDRES, o \u00edndice Financial Times avan\u00e7ou 0,41%, a 7.585,19 pontos.<\/li>\n\n\n\n<li>Em FRANKFURT, o \u00edndice DAX subiu 2,18%, a 14.490,78 pontos.<\/li>\n\n\n\n<li>Em PARIS, o \u00edndice CAC-40 ganhou 2,30%, a 6.776,43 pontos.<\/li>\n\n\n\n<li>Em MIL\u00c3O, o \u00edndice Ftse\/Mib teve valoriza\u00e7\u00e3o de 1,74%, a 24.860,56 pontos.<\/li>\n\n\n\n<li>Em MADRI, o \u00edndice Ibex-35 registrou alta de 1,93%, a 8.559,80 pontos.<\/li>\n\n\n\n<li>Em LISBOA, o \u00edndice PSI20 valorizou-se 0,64%, a 5.866,87 pontos.<\/li>\n<\/ul>\n\n\n\n<h3 class=\"wp-block-heading\"><strong>\u00c1sia e Pac\u00edfico<\/strong><\/h3>\n\n\n\n<p>As a\u00e7\u00f5es de Hong Kong saltaram para o n\u00edvel mais alto desde julho enquanto o mercado acion\u00e1rio da China ampliou os ganhos, uma vez que as expectativas de recupera\u00e7\u00e3o p\u00f3s-covid e pol\u00edticas de apoio aos setores imobili\u00e1rio e de tecnologia impulsionaram o mercado.<\/p>\n\n\n\n<p>O \u00edndice CSI 300, que re\u00fane as maiores companhias listadas em Xangai e Shenzhen, fechou com alta de 0,13%, enquanto o \u00edndice de Xangai subiu 0,22%. O \u00edndice Hang Seng de Hong Kong terminou com avan\u00e7o de 3,22%.<\/p>\n\n\n\n<ul class=\"wp-block-list\">\n<li>Em T\u00d3QUIO, o \u00edndice Nikkei recuou 1,45%, a 25.716 pontos.<\/li>\n\n\n\n<li>Em HONG KONG, o \u00edndice HANG SENG subiu 3,22%, a 20.793 pontos.<\/li>\n\n\n\n<li>Em XANGAI, o \u00edndice SSEC ganhou 0,22%, a 3.123 pontos.<\/li>\n\n\n\n<li>O \u00edndice CSI300, que re\u00fane as maiores companhias listadas em XANGAI e SHENZHEN, avan\u00e7ou 0,13%, a 3.892 pontos.<\/li>\n\n\n\n<li>Em SEUL, o \u00edndice KOSPI teve valoriza\u00e7\u00e3o de 1,68%, a 2.255 pontos.<\/li>\n\n\n\n<li>Em TAIWAN, o \u00edndice TAIEX registrou baixa de 0,18%, a 14.199 pontos.<\/li>\n\n\n\n<li>Em CINGAPURA, o \u00edndice STRAITS TIMES desvalorizou-se 0,10%, a 3.242 pontos.<\/li>\n\n\n\n<li>Em SYDNEY o \u00edndice S&amp;P\/ASX 200 avan\u00e7ou 1,63%, a 7.059 pontos.<\/li>\n<\/ul>\n\n\n\n<p><strong><em>*Com informa\u00e7\u00f5es da Reuters<\/em><\/strong>.<\/p>\n","protected":false},"excerpt":{"rendered":"<p>Jean Paul Prates, indicado para o comandar a estatal, afirmou que n\u00e3o haver\u00e1 interven\u00e7\u00e3o.<\/p>\n","protected":false},"author":7,"featured_media":274565,"comment_status":"closed","ping_status":"open","sticky":false,"template":"","format":"standard","meta":{"_acf_changed":false,"inline_featured_image":false,"footnotes":""},"categories":[4],"tags":[226,26],"autor-wsj":[],"coauthors":[1494],"class_list":["post-414014","post","type-post","status-publish","format-standard","has-post-thumbnail","hentry","category-financas","tag-bolsa-de-valores","tag-dolar"],"acf":[],"amp_enabled":true,"_links":{"self":[{"href":"https:\/\/investnews.com.br\/inv-api\/wp\/v2\/posts\/414014","targetHints":{"allow":["GET"]}}],"collection":[{"href":"https:\/\/investnews.com.br\/inv-api\/wp\/v2\/posts"}],"about":[{"href":"https:\/\/investnews.com.br\/inv-api\/wp\/v2\/types\/post"}],"author":[{"embeddable":true,"href":"https:\/\/investnews.com.br\/inv-api\/wp\/v2\/users\/7"}],"replies":[{"embeddable":true,"href":"https:\/\/investnews.com.br\/inv-api\/wp\/v2\/comments?post=414014"}],"version-history":[{"count":102,"href":"https:\/\/investnews.com.br\/inv-api\/wp\/v2\/posts\/414014\/revisions"}],"predecessor-version":[{"id":414611,"href":"https:\/\/investnews.com.br\/inv-api\/wp\/v2\/posts\/414014\/revisions\/414611"}],"wp:featuredmedia":[{"embeddable":true,"href":"https:\/\/investnews.com.br\/inv-api\/wp\/v2\/media\/274565"}],"wp:attachment":[{"href":"https:\/\/investnews.com.br\/inv-api\/wp\/v2\/media?parent=414014"}],"wp:term":[{"taxonomy":"category","embeddable":true,"href":"https:\/\/investnews.com.br\/inv-api\/wp\/v2\/categories?post=414014"},{"taxonomy":"post_tag","embeddable":true,"href":"https:\/\/investnews.com.br\/inv-api\/wp\/v2\/tags?post=414014"},{"taxonomy":"autor-wsj","embeddable":true,"href":"https:\/\/investnews.com.br\/inv-api\/wp\/v2\/autor-wsj?post=414014"},{"taxonomy":"author","embeddable":true,"href":"https:\/\/investnews.com.br\/inv-api\/wp\/v2\/coauthors?post=414014"}],"curies":[{"name":"wp","href":"https:\/\/api.w.org\/{rel}","templated":true}]}}