{"id":414015,"date":"2023-01-04T10:21:11","date_gmt":"2023-01-04T13:21:11","guid":{"rendered":"https:\/\/investnews.com.br\/?p=414015"},"modified":"2023-01-04T16:45:29","modified_gmt":"2023-01-04T19:45:29","slug":"joao-rittershaussen-assume-como-presidente-interino-da-petrobras","status":"publish","type":"post","link":"https:\/\/investnews.com.br\/economia\/joao-rittershaussen-assume-como-presidente-interino-da-petrobras\/","title":{"rendered":"Jo\u00e3o Rittershaussen assume como presidente interino da Petrobras"},"content":{"rendered":"\n<p>Jo\u00e3o Henrique Rittershaussen assumiu nesta quarta-feira (4) a presid\u00eancia interina da Petrobras <a href=\"https:\/\/investnews.com.br\/cotacao\/petr4-petroleo-brasileiro-petrobras\/\" target=\"_blank\" rel=\"noreferrer noopener\">(PETR4)<\/a> ap\u00f3s a sa\u00edda de <a href=\"https:\/\/investnews.com.br\/cotacao\/petr4-petroleo-brasileiro-petrobras\/\" target=\"_blank\" rel=\"noreferrer noopener\">(PETR4)<\/a> Caio Paes de Andrade do cargo.<\/p>\n\n\n\n<p>Rittershaussen fica na presid\u00eancia at\u00e9 a nomea\u00e7\u00e3o do senador<a href=\"https:\/\/investnews.com.br\/geral\/lula-anuncia-indicacao-de-jean-paul-prates-para-presidencia-da-petrobras\/\" target=\"_blank\" rel=\"noreferrer noopener\">&nbsp;<strong>Jean Paul Prates<\/strong><\/a><strong>&nbsp;<\/strong>(PT-RN)&nbsp;que j\u00e1 teve seu nome indicado pelo Minist\u00e9rio de Minas e Energia. A indica\u00e7\u00e3o oficial ser\u00e1 formalizada ap\u00f3s os tr\u00e2mites na Casa Civil da Presid\u00eancia da Rep\u00fablica, acrescentou o minist\u00e9rio.<\/p>\n\n\n\n<p>Jo\u00e3o Henrique Rittershaussen trabalha na Petrobras h\u00e1 35 anos, ocupando diversas fun\u00e7\u00f5es gerenciais. Ele \u00e9 graduado em engenharia el\u00e9trica pela Universidade Federal de Minas Gerais (UFMG), e em engenharia de petr\u00f3leo pela Petrobras, com MBA em Gest\u00e3o de Neg\u00f3cios pela Coppead (UFRJ) e Advanced Management Program pela Insead (Institut Europ\u00e9en d&#8217;Administration des Affaires) na Fran\u00e7a. Foi gerente executivo de Sistemas de Superf\u00edcie e em de novembro de 2018 tornou-se gerente executivo de Sistemas de Superf\u00edcie, Refino, G\u00e1s e Energia, \u00e1rea que responde pela constru\u00e7\u00e3o dos novos ativos da companhia.<\/p>\n\n\n\n<p>A Petrobras tamb\u00e9m formalizou nesta quarta a ren\u00fancia de Caio Paes de Andrade do cargo, que foi colocado pelo ex-presidente Jair Bolsonaro (PL), para controlar o pre\u00e7o dos combust\u00edveis.<\/p>\n\n\n\n<p>Por volta das 15h10, as <a href=\"https:\/\/investnews.com.br\/guias\/acoes-ordinarias-e-preferenciais-entenda\/\">a\u00e7\u00f5es ordin\u00e1rias<\/a> da Petrobras <a href=\"https:\/\/investnews.com.br\/cotacao\/petr3-petroleo-brasileiro-petrobras\/\">(PETR3)<\/a> subiam 2,29% e estavam cotadas a R$ 26,39. J\u00e1 as a\u00e7\u00f5es preferenciais <a href=\"https:\/\/investnews.com.br\/cotacao\/petr4-petroleo-brasileiro-petrobras\/\">(PETR4)<\/a> registravam alta de 3,49% e eram negociadas a R$ 23,12.<\/p>\n\n\n\n<figure class=\"wp-block-image size-full\"><img loading=\"lazy\" decoding=\"async\" width=\"640\" height=\"427\" src=\"https:\/\/media.investnews.com.br\/uploads\/2022\/12\/prates2.jpg\" alt=\"Senador Jean Paul Prates (PT-RN)\" class=\"wp-image-412385\" srcset=\"https:\/\/media.investnews.com.br\/uploads\/2022\/12\/prates2.jpg 640w, https:\/\/media.investnews.com.br\/uploads\/2022\/12\/prates2-300x200.jpg 300w, https:\/\/media.investnews.com.br\/uploads\/2022\/12\/prates2-172x115.jpg 172w, https:\/\/media.investnews.com.br\/uploads\/2022\/12\/prates2-150x100.jpg 150w\" sizes=\"auto, (max-width: 640px) 100vw, 640px\" \/><figcaption class=\"wp-element-caption\">senador Jean Paul Prates (PT-RN). Cr\u00e9dito: Roque de S\u00e1\/Ag\u00eancia Senado<\/figcaption><\/figure>\n\n\n\n<h2 class=\"wp-block-heading\">Indica\u00e7\u00e3o presidente<\/h2>\n\n\n\n<p>Al\u00e9m do comunicado informando sobre sua indica\u00e7\u00e3o para a presid\u00eancia da empresa, o Minist\u00e9rio de Minas e Energia deve enviar \u00e0 companhia um pedido de convoca\u00e7\u00e3o de Assembleia Geral de Acionistas para a aprova\u00e7\u00e3o do nome Prates ao conselho. O estatuto da petroleira exige que o seu presidente seja escolhido pelo Conselho de Administra\u00e7\u00e3o, dentre os seus membros.<\/p>\n\n\n\n<p>Ap\u00f3s a indica\u00e7\u00e3o oficial, o nome de Prates ser\u00e1 submetido aos procedimentos internos de governan\u00e7a para an\u00e1lise de integridade e elegibilidade, nos termos da legisla\u00e7\u00e3o, da Pol\u00edtica de Indica\u00e7\u00e3o de Membros da Alta Administra\u00e7\u00e3o e do Conselho Fiscal da Petrobras, e do Estatuto Social da companhia.<\/p>\n\n\n\n<p>Tal an\u00e1lise poder\u00e1 levar de oito a nove dias, segundo essa fonte. Depois, a Petrobras ainda dever\u00e1 cumprir um prazo de 30 dias entre a convoca\u00e7\u00e3o e a realiza\u00e7\u00e3o da assembleia.<\/p>\n\n\n\n<p>O mandato do atual presidente, Caio Paes de Andrade, terminaria em abril. O executivo ir\u00e1 integrar o novo governo de S\u00e3o Paulo, comandado pelo governador Tarc\u00edsio de Freitas.<\/p>\n","protected":false},"excerpt":{"rendered":"<p>Funcion\u00e1rio de carreira da Petrobras fica temporariamente na presid\u00eancia at\u00e9 nomea\u00e7\u00e3o do senador Jean Paul Prates.<\/p>\n","protected":false},"author":73,"featured_media":380414,"comment_status":"closed","ping_status":"open","sticky":false,"template":"","format":"standard","meta":{"_acf_changed":false,"inline_featured_image":false,"footnotes":""},"categories":[5],"tags":[21],"autor-wsj":[],"coauthors":[101284],"class_list":["post-414015","post","type-post","status-publish","format-standard","has-post-thumbnail","hentry","category-economia","tag-petrobras"],"acf":[],"amp_enabled":true,"_links":{"self":[{"href":"https:\/\/investnews.com.br\/inv-api\/wp\/v2\/posts\/414015","targetHints":{"allow":["GET"]}}],"collection":[{"href":"https:\/\/investnews.com.br\/inv-api\/wp\/v2\/posts"}],"about":[{"href":"https:\/\/investnews.com.br\/inv-api\/wp\/v2\/types\/post"}],"author":[{"embeddable":true,"href":"https:\/\/investnews.com.br\/inv-api\/wp\/v2\/users\/73"}],"replies":[{"embeddable":true,"href":"https:\/\/investnews.com.br\/inv-api\/wp\/v2\/comments?post=414015"}],"version-history":[{"count":17,"href":"https:\/\/investnews.com.br\/inv-api\/wp\/v2\/posts\/414015\/revisions"}],"predecessor-version":[{"id":414391,"href":"https:\/\/investnews.com.br\/inv-api\/wp\/v2\/posts\/414015\/revisions\/414391"}],"wp:featuredmedia":[{"embeddable":true,"href":"https:\/\/investnews.com.br\/inv-api\/wp\/v2\/media\/380414"}],"wp:attachment":[{"href":"https:\/\/investnews.com.br\/inv-api\/wp\/v2\/media?parent=414015"}],"wp:term":[{"taxonomy":"category","embeddable":true,"href":"https:\/\/investnews.com.br\/inv-api\/wp\/v2\/categories?post=414015"},{"taxonomy":"post_tag","embeddable":true,"href":"https:\/\/investnews.com.br\/inv-api\/wp\/v2\/tags?post=414015"},{"taxonomy":"autor-wsj","embeddable":true,"href":"https:\/\/investnews.com.br\/inv-api\/wp\/v2\/autor-wsj?post=414015"},{"taxonomy":"author","embeddable":true,"href":"https:\/\/investnews.com.br\/inv-api\/wp\/v2\/coauthors?post=414015"}],"curies":[{"name":"wp","href":"https:\/\/api.w.org\/{rel}","templated":true}]}}