{"id":414279,"date":"2023-01-04T15:05:06","date_gmt":"2023-01-04T18:05:06","guid":{"rendered":"https:\/\/investnews.com.br\/?p=414279"},"modified":"2023-01-04T15:14:08","modified_gmt":"2023-01-04T18:14:08","slug":"apos-lupi-falar-em-antirreforma-da-previdencia-rui-costa-nega-revisoes","status":"publish","type":"post","link":"https:\/\/investnews.com.br\/economia\/apos-lupi-falar-em-antirreforma-da-previdencia-rui-costa-nega-revisoes\/","title":{"rendered":"Ap\u00f3s Lupi falar em &#8216;antirreforma da Previd\u00eancia&#8217;, Rui Costa nega revis\u00f5es"},"content":{"rendered":"\n<p>De olho nos rumos das reformas econ\u00f4micas sob o <strong>novo governo Lula<\/strong>, o <a href=\"https:\/\/investnews.com.br\/financas\/ibovespa-dolar-cotacao-04-01-2022-2\/\">mercado financeiro tamb\u00e9m acompanha<\/a> ind\u00edcios de <strong>mudan\u00e7as em medidas j\u00e1 aprovadas <\/strong>em gest\u00f5es anteriores. Nesta quarta-feira (4), a repercuss\u00e3o \u00e9 de rumores sobre altera\u00e7\u00f5es na <strong>Reforma da Previd\u00eancia<\/strong>, aprovada em 2019 durante o governo Bolsonaro.<\/p>\n\n\n\n<p>Na ter\u00e7a-feira (3), o novo ministro da Previd\u00eancia Social, <strong>Carlos Lupi,<\/strong> criticou em seu discurso de posse a reforma da Previd\u00eancia do governo Bolsonaro, chamando-a de<strong> &#8220;antirreforma&#8221;<\/strong> e dando sinais de que discutir\u00e1 mudan\u00e7as.<\/p>\n\n\n\n<p>Nesta quarta, o ministro da Casa Civil, <strong>Rui Costa<\/strong>, disse a jornalistas que<strong> o governo n\u00e3o est\u00e1 avaliando neste momento a revis\u00e3o de reformas anteriores<\/strong>, incluindo a da Previd\u00eancia.<\/p>\n\n\n\n<p>O coment\u00e1rio foi feito ap\u00f3s a cerim\u00f4nia de posse do vice-presidente <strong>Geraldo Alckmin <\/strong>no comando do Minist\u00e9rio do Desenvolvimento. Alckmin, inclusive, chegou a defender a <strong>continuidade da agenda de reformas<\/strong> em seu discurso, destacando a tribut\u00e1ria.\u00a0<\/p>\n\n\n\n<p>\u201cO fortalecimento da nossa ind\u00fastria passa, invariavelmente, pela redu\u00e7\u00e3o do custo Brasil e pela melhoria do ambiente de neg\u00f3cios no pa\u00eds. Nesse contexto, a reforma tribut\u00e1ria \u00e9 fundamental&#8221;, disse Alckmin.<\/p>\n\n\n\n<h2 class=\"wp-block-heading\"><strong>O que disse Lupi<\/strong><\/h2>\n\n\n\n<figure class=\"wp-block-image size-large\"><img loading=\"lazy\" decoding=\"async\" width=\"1024\" height=\"683\" src=\"https:\/\/media.investnews.com.br\/uploads\/2023\/01\/2023-01-03T201703Z_1_LYNXMPEJ020KC_RTROPTP_4_BRAZIL-ELECTION-1024x683.jpg\" alt=\"\" class=\"wp-image-414281\" srcset=\"https:\/\/media.investnews.com.br\/uploads\/2023\/01\/2023-01-03T201703Z_1_LYNXMPEJ020KC_RTROPTP_4_BRAZIL-ELECTION-1024x683.jpg 1024w, https:\/\/media.investnews.com.br\/uploads\/2023\/01\/2023-01-03T201703Z_1_LYNXMPEJ020KC_RTROPTP_4_BRAZIL-ELECTION-300x200.jpg 300w, https:\/\/media.investnews.com.br\/uploads\/2023\/01\/2023-01-03T201703Z_1_LYNXMPEJ020KC_RTROPTP_4_BRAZIL-ELECTION-768x512.jpg 768w, https:\/\/media.investnews.com.br\/uploads\/2023\/01\/2023-01-03T201703Z_1_LYNXMPEJ020KC_RTROPTP_4_BRAZIL-ELECTION-1536x1025.jpg 1536w, https:\/\/media.investnews.com.br\/uploads\/2023\/01\/2023-01-03T201703Z_1_LYNXMPEJ020KC_RTROPTP_4_BRAZIL-ELECTION-1256x838.jpg 1256w, https:\/\/media.investnews.com.br\/uploads\/2023\/01\/2023-01-03T201703Z_1_LYNXMPEJ020KC_RTROPTP_4_BRAZIL-ELECTION-172x115.jpg 172w, https:\/\/media.investnews.com.br\/uploads\/2023\/01\/2023-01-03T201703Z_1_LYNXMPEJ020KC_RTROPTP_4_BRAZIL-ELECTION-150x100.jpg 150w, https:\/\/media.investnews.com.br\/uploads\/2023\/01\/2023-01-03T201703Z_1_LYNXMPEJ020KC_RTROPTP_4_BRAZIL-ELECTION.jpg 1949w\" sizes=\"auto, (max-width: 1024px) 100vw, 1024px\" \/><figcaption class=\"wp-element-caption\">Ministro da Previd\u00eancia Social, Carlos Lupi\n04\/10\/2022\nREUTERS\/Ueslei Marcelino<\/figcaption><\/figure>\n\n\n\n<p>Lupi, presidente do PDT e que foi ministro do Trabalho no governo passado do presidente Luiz In\u00e1cio Lula da Silva, defendeu uma discuss\u00e3o &#8220;com profundidade&#8221; da reforma da Previd\u00eancia.<\/p>\n\n\n\n<p>&#8220;Quero formar uma comiss\u00e3o quadripartite &#8211; com a representa\u00e7\u00e3o dos sindicatos patronais, sindicatos dos empregados, sindicatos dos aposentados e o governo -, n\u00f3s precisamos discutir com profundidade o que foi essa antirreforma da Previd\u00eancia, discutir com n\u00fameros e com profundidade&#8221;, disse.<\/p>\n\n\n\n<blockquote class=\"wp-block-quote is-layout-flow wp-block-quote-is-layout-flow\">\n<p>&#8220;A Previd\u00eancia n\u00e3o \u00e9 deficit\u00e1ria, vou provar a cada dia que eu estiver \u00e0 frente deste minist\u00e9rio.&#8221;<\/p>\n<cite>Carlos Lupi, ministro da Previd\u00eancia Social<\/cite><\/blockquote>\n\n\n\n<p>Sem dar detalhes sobre o que poder\u00e1 ser alvo de debates, o ministro destacou ser preciso que toda a arrecada\u00e7\u00e3o previdenci\u00e1ria &#8220;esteja na Previd\u00eancia&#8221;. &#8220;N\u00f3s precisamos cuidar dos atrasos, do desrespeito, do acinte \u00e0 cidadania que foi essa antirreforma da Previd\u00eancia&#8221;, criticou.<\/p>\n\n\n\n<h2 class=\"wp-block-heading\"><strong>Repercuss\u00e3o no mercado<\/strong><\/h2>\n\n\n\n<p>Em relat\u00f3rio a clientes, a XP apontou que &#8220;o notici\u00e1rio pol\u00edtico segue adicionando press\u00e3o no cen\u00e1rio dom\u00e9stico \u2013 com d\u00favidas na din\u00e2mica da d\u00edvida p\u00fablica nos pr\u00f3ximos anos e temores sobre eventual revoga\u00e7\u00e3o de leis e reformas \u2013 agora com a possibilidade de nova reforma na Previd\u00eancia&#8221;.<\/p>\n\n\n\n<p>Jason Vieira, economista-chefe da Infinity Asset, comentou que<strong> a &#8220;reforma da Previd\u00eancia \u00e9 o foco do terror do mercado financeiro&#8221;<\/strong>. &#8220;O fluxo de informa\u00e7\u00f5es s\u00f3 nos faz crer que a situa\u00e7\u00e3o fiscal n\u00e3o tem absolutamente nenhum motivo para ser projetada como melhor, especialmente com membros do governo j\u00e1 rapidamente tentando impor \u00e0 gest\u00e3o anterior os poss\u00edveis movimentos que realizar\u00e3o.&#8221;<\/p>\n\n\n\n<p>Em relat\u00f3rio, a Levante disse: &#8220;A revoga\u00e7\u00e3o, ou mesmo uma revis\u00e3o mais radical, da reforma da Previd\u00eancia acarretaria grave crise de credibilidade e lan\u00e7aria o Brasil em trajet\u00f3ria explosiva das contas p\u00fablicas. O negacionismo envolvendo mudan\u00e7as no sistema previdenci\u00e1rio parecia superado, mas o resgate deste discurso \u2013 feito pelo ministro \u2013 liga o sinal amarelo para os mercados.&#8221;<\/p>\n\n\n\n<h2 class=\"wp-block-heading\"><strong>Relembre a aprova\u00e7\u00e3o da Reforma da Previd\u00eancia<\/strong><\/h2>\n\n\n\n<p>A reforma da Previd\u00eancia foi a principal proposta fiscal aprovada pelo governo do ex-presidente Jair Bolsonaro e, de maneira geral, aumentou a idade m\u00ednima para a aposentadoria, elevou a al\u00edquota de contribui\u00e7\u00e3o para os que ganham acima do teto do INSS e apertou as regras para as concess\u00f5es de pens\u00f5es.<\/p>\n\n\n\n<p>Em meio ao envelhecimento da popula\u00e7\u00e3o, ela foi apresentada como uma medida crucial para o reequil\u00edbrio das contas p\u00fablicas, pressionadas pelo aumento expressivo dos gastos do governo com benef\u00edcios previdenci\u00e1rios nos \u00faltimos anos.<\/p>\n\n\n\n<p>A reforma foi aprovada por meio de uma proposta de emenda \u00e0 Constitui\u00e7\u00e3o promulgada pelo Congresso em 2019, primeiro ano da gest\u00e3o anterior. Para ser alterada, portanto, seria necess\u00e1rio uma outra PEC para ocorrer.<\/p>\n\n\n\n<p>No item 17 das diretrizes do<a href=\"https:\/\/investnews.com.br\/economia\/planos-de-governo-veja-as-propostas-de-bolsonaro-e-lula-para-a-economia\/\"> programa de governo de Lula<\/a>, o documento faz men\u00e7\u00e3o a promover a &#8220;reconstru\u00e7\u00e3o da seguridade e da previd\u00eancia social, para ampla inclus\u00e3o dos trabalhadores e trabalhadoras, por meio da supera\u00e7\u00e3o das medidas regressivas e do desmonte promovido pelo atual governo&#8221;.<\/p>\n\n\n\n<p><strong><em>(* Com informa\u00e7\u00f5es da Reuters e Ag\u00eancia Brasil)<\/em><\/strong><\/p>\n","protected":false},"excerpt":{"rendered":"<p>Mercado monitora falas de ministros sobre poss\u00edveis mudan\u00e7as na Reforma da Previd\u00eancia.<\/p>\n","protected":false},"author":7,"featured_media":414280,"comment_status":"closed","ping_status":"open","sticky":false,"template":"","format":"standard","meta":{"_acf_changed":false,"inline_featured_image":false,"footnotes":""},"categories":[5],"tags":[2370],"autor-wsj":[],"coauthors":[1494],"class_list":["post-414279","post","type-post","status-publish","format-standard","has-post-thumbnail","hentry","category-economia","tag-luiz-inacio-lula-da-silva"],"acf":[],"amp_enabled":true,"_links":{"self":[{"href":"https:\/\/investnews.com.br\/inv-api\/wp\/v2\/posts\/414279","targetHints":{"allow":["GET"]}}],"collection":[{"href":"https:\/\/investnews.com.br\/inv-api\/wp\/v2\/posts"}],"about":[{"href":"https:\/\/investnews.com.br\/inv-api\/wp\/v2\/types\/post"}],"author":[{"embeddable":true,"href":"https:\/\/investnews.com.br\/inv-api\/wp\/v2\/users\/7"}],"replies":[{"embeddable":true,"href":"https:\/\/investnews.com.br\/inv-api\/wp\/v2\/comments?post=414279"}],"version-history":[{"count":8,"href":"https:\/\/investnews.com.br\/inv-api\/wp\/v2\/posts\/414279\/revisions"}],"predecessor-version":[{"id":414294,"href":"https:\/\/investnews.com.br\/inv-api\/wp\/v2\/posts\/414279\/revisions\/414294"}],"wp:featuredmedia":[{"embeddable":true,"href":"https:\/\/investnews.com.br\/inv-api\/wp\/v2\/media\/414280"}],"wp:attachment":[{"href":"https:\/\/investnews.com.br\/inv-api\/wp\/v2\/media?parent=414279"}],"wp:term":[{"taxonomy":"category","embeddable":true,"href":"https:\/\/investnews.com.br\/inv-api\/wp\/v2\/categories?post=414279"},{"taxonomy":"post_tag","embeddable":true,"href":"https:\/\/investnews.com.br\/inv-api\/wp\/v2\/tags?post=414279"},{"taxonomy":"autor-wsj","embeddable":true,"href":"https:\/\/investnews.com.br\/inv-api\/wp\/v2\/autor-wsj?post=414279"},{"taxonomy":"author","embeddable":true,"href":"https:\/\/investnews.com.br\/inv-api\/wp\/v2\/coauthors?post=414279"}],"curies":[{"name":"wp","href":"https:\/\/api.w.org\/{rel}","templated":true}]}}